{"id":1466,"date":"2019-12-04T19:36:00","date_gmt":"2019-12-04T18:36:00","guid":{"rendered":"https:\/\/fundacjawilkonia.pl\/?p=1466"},"modified":"2021-01-23T22:10:40","modified_gmt":"2021-01-23T21:10:40","slug":"renowacja-szopki-i-karuzeli-na-warszawskich-bielanach","status":"publish","type":"post","link":"https:\/\/fundacjawilkonia.pl\/index.php\/2019\/12\/04\/renowacja-szopki-i-karuzeli-na-warszawskich-bielanach\/","title":{"rendered":"Renowacja Szopki i Karuzeli na warszawskich Bielanach"},"content":{"rendered":"\n<figure class=\"wp-block-gallery columns-3 is-cropped\"><ul class=\"blocks-gallery-grid\"><li class=\"blocks-gallery-item\"><figure><img loading=\"lazy\" width=\"1024\" height=\"683\" src=\"https:\/\/fundacjawilkonia.pl\/wp-content\/uploads\/2020\/07\/76969136_2505284059524647_6418338580988428288_o-1024x683.jpg\" alt=\"\" data-id=\"1467\" data-full-url=\"https:\/\/fundacjawilkonia.pl\/wp-content\/uploads\/2020\/07\/76969136_2505284059524647_6418338580988428288_o.jpg\" data-link=\"https:\/\/fundacjawilkonia.pl\/?attachment_id=1467\" class=\"wp-image-1467\" srcset=\"https:\/\/fundacjawilkonia.pl\/wp-content\/uploads\/2020\/07\/76969136_2505284059524647_6418338580988428288_o-1024x683.jpg 1024w, https:\/\/fundacjawilkonia.pl\/wp-content\/uploads\/2020\/07\/76969136_2505284059524647_6418338580988428288_o-300x200.jpg 300w, https:\/\/fundacjawilkonia.pl\/wp-content\/uploads\/2020\/07\/76969136_2505284059524647_6418338580988428288_o-768x512.jpg 768w, https:\/\/fundacjawilkonia.pl\/wp-content\/uploads\/2020\/07\/76969136_2505284059524647_6418338580988428288_o-1536x1024.jpg 1536w, https:\/\/fundacjawilkonia.pl\/wp-content\/uploads\/2020\/07\/76969136_2505284059524647_6418338580988428288_o-480x320.jpg 480w, https:\/\/fundacjawilkonia.pl\/wp-content\/uploads\/2020\/07\/76969136_2505284059524647_6418338580988428288_o-272x182.jpg 272w, https:\/\/fundacjawilkonia.pl\/wp-content\/uploads\/2020\/07\/76969136_2505284059524647_6418338580988428288_o.jpg 2048w\" sizes=\"(max-width: 1024px) 100vw, 1024px\" \/><\/figure><\/li><li class=\"blocks-gallery-item\"><figure><img loading=\"lazy\" width=\"1024\" height=\"768\" src=\"https:\/\/fundacjawilkonia.pl\/wp-content\/uploads\/2020\/07\/78562311_2505281039524949_6424386251423481856_o-1024x768.jpg\" alt=\"\" data-id=\"1468\" data-full-url=\"https:\/\/fundacjawilkonia.pl\/wp-content\/uploads\/2020\/07\/78562311_2505281039524949_6424386251423481856_o.jpg\" data-link=\"https:\/\/fundacjawilkonia.pl\/?attachment_id=1468\" class=\"wp-image-1468\" srcset=\"https:\/\/fundacjawilkonia.pl\/wp-content\/uploads\/2020\/07\/78562311_2505281039524949_6424386251423481856_o-1024x768.jpg 1024w, https:\/\/fundacjawilkonia.pl\/wp-content\/uploads\/2020\/07\/78562311_2505281039524949_6424386251423481856_o-300x225.jpg 300w, https:\/\/fundacjawilkonia.pl\/wp-content\/uploads\/2020\/07\/78562311_2505281039524949_6424386251423481856_o-768x576.jpg 768w, https:\/\/fundacjawilkonia.pl\/wp-content\/uploads\/2020\/07\/78562311_2505281039524949_6424386251423481856_o-1536x1152.jpg 1536w, https:\/\/fundacjawilkonia.pl\/wp-content\/uploads\/2020\/07\/78562311_2505281039524949_6424386251423481856_o-480x360.jpg 480w, https:\/\/fundacjawilkonia.pl\/wp-content\/uploads\/2020\/07\/78562311_2505281039524949_6424386251423481856_o.jpg 2040w\" sizes=\"(max-width: 1024px) 100vw, 1024px\" \/><\/figure><\/li><li class=\"blocks-gallery-item\"><figure><img loading=\"lazy\" width=\"1024\" height=\"768\" src=\"https:\/\/fundacjawilkonia.pl\/wp-content\/uploads\/2020\/07\/78633291_2519460454773674_7074415378281005056_o-1024x768.jpg\" alt=\"\" data-id=\"1469\" data-full-url=\"https:\/\/fundacjawilkonia.pl\/wp-content\/uploads\/2020\/07\/78633291_2519460454773674_7074415378281005056_o.jpg\" data-link=\"https:\/\/fundacjawilkonia.pl\/?attachment_id=1469\" class=\"wp-image-1469\" srcset=\"https:\/\/fundacjawilkonia.pl\/wp-content\/uploads\/2020\/07\/78633291_2519460454773674_7074415378281005056_o-1024x768.jpg 1024w, https:\/\/fundacjawilkonia.pl\/wp-content\/uploads\/2020\/07\/78633291_2519460454773674_7074415378281005056_o-300x225.jpg 300w, https:\/\/fundacjawilkonia.pl\/wp-content\/uploads\/2020\/07\/78633291_2519460454773674_7074415378281005056_o-768x576.jpg 768w, https:\/\/fundacjawilkonia.pl\/wp-content\/uploads\/2020\/07\/78633291_2519460454773674_7074415378281005056_o-1536x1152.jpg 1536w, https:\/\/fundacjawilkonia.pl\/wp-content\/uploads\/2020\/07\/78633291_2519460454773674_7074415378281005056_o-480x360.jpg 480w, https:\/\/fundacjawilkonia.pl\/wp-content\/uploads\/2020\/07\/78633291_2519460454773674_7074415378281005056_o.jpg 1920w\" sizes=\"(max-width: 1024px) 100vw, 1024px\" \/><\/figure><\/li><li class=\"blocks-gallery-item\"><figure><img loading=\"lazy\" width=\"768\" height=\"1024\" src=\"https:\/\/fundacjawilkonia.pl\/wp-content\/uploads\/2020\/07\/78697836_2509878855731834_6729697072561258496_o-768x1024.jpg\" alt=\"\" data-id=\"1470\" data-full-url=\"https:\/\/fundacjawilkonia.pl\/wp-content\/uploads\/2020\/07\/78697836_2509878855731834_6729697072561258496_o.jpg\" data-link=\"https:\/\/fundacjawilkonia.pl\/?attachment_id=1470\" class=\"wp-image-1470\" srcset=\"https:\/\/fundacjawilkonia.pl\/wp-content\/uploads\/2020\/07\/78697836_2509878855731834_6729697072561258496_o-768x1024.jpg 768w, https:\/\/fundacjawilkonia.pl\/wp-content\/uploads\/2020\/07\/78697836_2509878855731834_6729697072561258496_o-225x300.jpg 225w, https:\/\/fundacjawilkonia.pl\/wp-content\/uploads\/2020\/07\/78697836_2509878855731834_6729697072561258496_o-1152x1536.jpg 1152w, https:\/\/fundacjawilkonia.pl\/wp-content\/uploads\/2020\/07\/78697836_2509878855731834_6729697072561258496_o-480x640.jpg 480w, https:\/\/fundacjawilkonia.pl\/wp-content\/uploads\/2020\/07\/78697836_2509878855731834_6729697072561258496_o.jpg 1511w\" sizes=\"(max-width: 768px) 100vw, 768px\" \/><\/figure><\/li><li class=\"blocks-gallery-item\"><figure><img loading=\"lazy\" width=\"1024\" height=\"768\" src=\"https:\/\/fundacjawilkonia.pl\/wp-content\/uploads\/2020\/07\/78973112_2519462558106797_2050326187774836736_o-1024x768.jpg\" alt=\"\" data-id=\"1471\" data-full-url=\"https:\/\/fundacjawilkonia.pl\/wp-content\/uploads\/2020\/07\/78973112_2519462558106797_2050326187774836736_o.jpg\" data-link=\"https:\/\/fundacjawilkonia.pl\/?attachment_id=1471\" class=\"wp-image-1471\" srcset=\"https:\/\/fundacjawilkonia.pl\/wp-content\/uploads\/2020\/07\/78973112_2519462558106797_2050326187774836736_o-1024x768.jpg 1024w, https:\/\/fundacjawilkonia.pl\/wp-content\/uploads\/2020\/07\/78973112_2519462558106797_2050326187774836736_o-300x225.jpg 300w, https:\/\/fundacjawilkonia.pl\/wp-content\/uploads\/2020\/07\/78973112_2519462558106797_2050326187774836736_o-768x576.jpg 768w, https:\/\/fundacjawilkonia.pl\/wp-content\/uploads\/2020\/07\/78973112_2519462558106797_2050326187774836736_o-1536x1152.jpg 1536w, https:\/\/fundacjawilkonia.pl\/wp-content\/uploads\/2020\/07\/78973112_2519462558106797_2050326187774836736_o-480x360.jpg 480w, https:\/\/fundacjawilkonia.pl\/wp-content\/uploads\/2020\/07\/78973112_2519462558106797_2050326187774836736_o.jpg 1920w\" sizes=\"(max-width: 1024px) 100vw, 1024px\" \/><\/figure><\/li><\/ul><figcaption class=\"blocks-gallery-caption\">04.12.2019r. Warszawskie Bielany. Renowacja Szopki i Karuzeli dzie\u0142a mistrza J\u00f3zefa Wilkonia<\/figcaption><\/figure>\n\n\n\n<p>Jesieni\u0105 2019 roku rozpocz\u0119li\u015bmy renowacje biela\u0144skiej Szopki i Karuzeli. Oba obiekty zaprojektowane i wykonane przez J\u00f3zefa Wilkonia znalaz\u0142y swoje miejsce na Bielanach ju\u017c kilkana\u015bcie lat temu. Sk\u0142adaj\u0105 si\u0119 one z kilkudziesi\u0119ciu rze\u017ab wykonanych z drewna oraz metalu i po tak d\u0142ugim czasie i u\u017cytkowaniu wymaga\u0142y renowacji.<br><br>Prace rozpocz\u0119\u0142y si\u0119 od demonta\u017cu i przewiezienia rze\u017ab do pracowni artysty w Zalesiu Dolnym (Piaseczno), tam gdzie one powsta\u0142y. Mistrz uzupe\u0142nia ubytki, zabezpiecza preparatami i podmalowuje je tak, aby zachowa\u0142y charakter, kt\u00f3ry nada\u0142 im autor i up\u0142yw czasu. Przegl\u0105dowi, renowacji b\u0105d\u017a wymianie podlegaj\u0105 tak\u017ce wszystkie elementy konstrukcyjne i wyko\u0144czeniowe (s\u0142upy, wi\u0119\u017aba, poszycie).<br><br>Wszystko to ma nada\u0107 drug\u0105 m\u0142odo\u015b\u0107 szopce i karuzeli bez utraty pi\u0119kna jakie zyska\u0142y one w trakcie swojej kilkunastoletniej bytno\u015bci na Bielanach.<br>Zako\u0144czenie prac jest planowane na pocz\u0105tku grudnia &#8211; odrestaurowane szopka i karuzela ponownie w ca\u0142ej swej okaza\u0142o\u015bci b\u0119d\u0105 cieszy\u0107 mieszka\u0144c\u00f3w Bielan.<\/p>\n\n\n\n<div class=\"wp-block-group\"><div class=\"wp-block-group__inner-container\"><\/div><\/div>\n","protected":false},"excerpt":{"rendered":"<p>Jesieni\u0105 2019 roku rozpocz\u0119li\u015bmy renowacje biela\u0144skiej Szopki i Karuzeli. Oba obiekty zaprojektowane i wykonane przez J\u00f3zefa Wilkonia znalaz\u0142y swoje miejsce [&hellip;]<\/p>\n","protected":false},"author":2,"featured_media":1698,"comment_status":"closed","ping_status":"closed","sticky":false,"template":"","format":"standard","meta":[],"categories":[25],"tags":[],"yoast_head":"<!-- This site is optimized with the Yoast SEO plugin v19.4 - https:\/\/yoast.com\/wordpress\/plugins\/seo\/ -->\n<title>Renowacja Szopki i Karuzeli na warszawskich Bielanach - Fundacja \u201eArka\u201d im. J\u00f3zefa Wilkonia<\/title>\n<meta name=\"robots\" content=\"index, follow, max-snippet:-1, max-image-preview:large, max-video-preview:-1\" \/>\n<link rel=\"canonical\" href=\"https:\/\/fundacjawilkonia.pl\/index.php\/2019\/12\/04\/renowacja-szopki-i-karuzeli-na-warszawskich-bielanach\/\" \/>\n<meta property=\"og:locale\" content=\"pl_PL\" \/>\n<meta property=\"og:type\" content=\"article\" \/>\n<meta property=\"og:title\" content=\"Renowacja Szopki i Karuzeli na warszawskich Bielanach - Fundacja \u201eArka\u201d im. J\u00f3zefa Wilkonia\" \/>\n<meta property=\"og:description\" content=\"Jesieni\u0105 2019 roku rozpocz\u0119li\u015bmy renowacje biela\u0144skiej Szopki i Karuzeli. Oba obiekty zaprojektowane i wykonane przez J\u00f3zefa Wilkonia znalaz\u0142y swoje miejsce [&hellip;]\" \/>\n<meta property=\"og:url\" content=\"https:\/\/fundacjawilkonia.pl\/index.php\/2019\/12\/04\/renowacja-szopki-i-karuzeli-na-warszawskich-bielanach\/\" \/>\n<meta property=\"og:site_name\" content=\"Fundacja \u201eArka\u201d im. J\u00f3zefa Wilkonia\" \/>\n<meta property=\"article:publisher\" content=\"https:\/\/www.facebook.com\/Fundacja-Wilkonia-221788084540934\/\" \/>\n<meta property=\"article:published_time\" content=\"2019-12-04T18:36:00+00:00\" \/>\n<meta property=\"article:modified_time\" content=\"2021-01-23T21:10:40+00:00\" \/>\n<meta property=\"og:image\" content=\"https:\/\/i1.wp.com\/fundacjawilkonia.pl\/wp-content\/uploads\/2019\/12\/76969136_2505284059524647_6418338580988428288_o.jpg?fit=2048%2C1365&ssl=1\" \/>\n\t<meta property=\"og:image:width\" content=\"2048\" \/>\n\t<meta property=\"og:image:height\" content=\"1365\" \/>\n\t<meta property=\"og:image:type\" content=\"image\/jpeg\" \/>\n<meta name=\"author\" content=\"Blanka Wyszy\u0144ska-Walczak\" \/>\n<meta name=\"twitter:card\" content=\"summary_large_image\" \/>\n<meta name=\"twitter:creator\" content=\"@fundacjawilkoni\" \/>\n<meta name=\"twitter:site\" content=\"@fundacjawilkoni\" \/>\n<meta name=\"twitter:label1\" content=\"Napisane przez\" \/>\n\t<meta name=\"twitter:data1\" content=\"Blanka Wyszy\u0144ska-Walczak\" \/>\n\t<meta name=\"twitter:label2\" content=\"Szacowany czas czytania\" \/>\n\t<meta name=\"twitter:data2\" content=\"2 minuty\" \/>\n<script type=\"application\/ld+json\" class=\"yoast-schema-graph\">{\"@context\":\"https:\/\/schema.org\",\"@graph\":[{\"@type\":\"Organization\",\"@id\":\"https:\/\/fundacjawilkonia.pl\/#organization\",\"name\":\"Fundacja \\\"Arka\\\" im. J\u00f3zefa Wilkonia\",\"url\":\"https:\/\/fundacjawilkonia.pl\/\",\"sameAs\":[\"https:\/\/www.instagram.com\/fundacjawilkonia\/?hl=pl\",\"https:\/\/www.facebook.com\/Fundacja-Wilkonia-221788084540934\/\",\"https:\/\/twitter.com\/fundacjawilkoni\"],\"logo\":{\"@type\":\"ImageObject\",\"inLanguage\":\"pl-PL\",\"@id\":\"https:\/\/fundacjawilkonia.pl\/#\/schema\/logo\/image\/\",\"url\":\"https:\/\/i2.wp.com\/fundacjawilkonia.pl\/wp-content\/uploads\/2016\/09\/10987396_771520442901026_1174624827528049836_n.png?fit=790%2C593&ssl=1\",\"contentUrl\":\"https:\/\/i2.wp.com\/fundacjawilkonia.pl\/wp-content\/uploads\/2016\/09\/10987396_771520442901026_1174624827528049836_n.png?fit=790%2C593&ssl=1\",\"width\":790,\"height\":593,\"caption\":\"Fundacja \\\"Arka\\\" im. J\u00f3zefa Wilkonia\"},\"image\":{\"@id\":\"https:\/\/fundacjawilkonia.pl\/#\/schema\/logo\/image\/\"}},{\"@type\":\"WebSite\",\"@id\":\"https:\/\/fundacjawilkonia.pl\/#website\",\"url\":\"https:\/\/fundacjawilkonia.pl\/\",\"name\":\"Fundacja \u201eArka\u201d im. J\u00f3zefa Wilkonia\",\"description\":\"G\u0142\u00f3wnym celem fundacji jest ochrona i promocja dorobku artystycznego J\u00f3zefa Wilkonia i og\u00f3lnych warto\u015bci zwi\u0105zanych ze sztukami pi\u0119knymi, a w szczeg\u00f3lno\u015bci ilustratorstwem i sztuk\u0105 edytorsk\u0105.\",\"publisher\":{\"@id\":\"https:\/\/fundacjawilkonia.pl\/#organization\"},\"potentialAction\":[{\"@type\":\"SearchAction\",\"target\":{\"@type\":\"EntryPoint\",\"urlTemplate\":\"https:\/\/fundacjawilkonia.pl\/?s={search_term_string}\"},\"query-input\":\"required name=search_term_string\"}],\"inLanguage\":\"pl-PL\"},{\"@type\":\"WebPage\",\"@id\":\"https:\/\/fundacjawilkonia.pl\/index.php\/2019\/12\/04\/renowacja-szopki-i-karuzeli-na-warszawskich-bielanach\/\",\"url\":\"https:\/\/fundacjawilkonia.pl\/index.php\/2019\/12\/04\/renowacja-szopki-i-karuzeli-na-warszawskich-bielanach\/\",\"name\":\"Renowacja Szopki i Karuzeli na warszawskich Bielanach - Fundacja \u201eArka\u201d im. J\u00f3zefa Wilkonia\",\"isPartOf\":{\"@id\":\"https:\/\/fundacjawilkonia.pl\/#website\"},\"datePublished\":\"2019-12-04T18:36:00+00:00\",\"dateModified\":\"2021-01-23T21:10:40+00:00\",\"breadcrumb\":{\"@id\":\"https:\/\/fundacjawilkonia.pl\/index.php\/2019\/12\/04\/renowacja-szopki-i-karuzeli-na-warszawskich-bielanach\/#breadcrumb\"},\"inLanguage\":\"pl-PL\",\"potentialAction\":[{\"@type\":\"ReadAction\",\"target\":[\"https:\/\/fundacjawilkonia.pl\/index.php\/2019\/12\/04\/renowacja-szopki-i-karuzeli-na-warszawskich-bielanach\/\"]}]},{\"@type\":\"BreadcrumbList\",\"@id\":\"https:\/\/fundacjawilkonia.pl\/index.php\/2019\/12\/04\/renowacja-szopki-i-karuzeli-na-warszawskich-bielanach\/#breadcrumb\",\"itemListElement\":[{\"@type\":\"ListItem\",\"position\":1,\"name\":\"Strona g\u0142\u00f3wna\",\"item\":\"https:\/\/fundacjawilkonia.pl\/\"},{\"@type\":\"ListItem\",\"position\":2,\"name\":\"Renowacja Szopki i Karuzeli na warszawskich Bielanach\"}]},{\"@type\":\"Article\",\"@id\":\"https:\/\/fundacjawilkonia.pl\/index.php\/2019\/12\/04\/renowacja-szopki-i-karuzeli-na-warszawskich-bielanach\/#article\",\"isPartOf\":{\"@id\":\"https:\/\/fundacjawilkonia.pl\/index.php\/2019\/12\/04\/renowacja-szopki-i-karuzeli-na-warszawskich-bielanach\/\"},\"author\":{\"name\":\"Blanka Wyszy\u0144ska-Walczak\",\"@id\":\"https:\/\/fundacjawilkonia.pl\/#\/schema\/person\/79109e804e49d669b075ce06b2ef94a7\"},\"headline\":\"Renowacja Szopki i Karuzeli na warszawskich Bielanach\",\"datePublished\":\"2019-12-04T18:36:00+00:00\",\"dateModified\":\"2021-01-23T21:10:40+00:00\",\"mainEntityOfPage\":{\"@id\":\"https:\/\/fundacjawilkonia.pl\/index.php\/2019\/12\/04\/renowacja-szopki-i-karuzeli-na-warszawskich-bielanach\/\"},\"wordCount\":198,\"publisher\":{\"@id\":\"https:\/\/fundacjawilkonia.pl\/#organization\"},\"articleSection\":[\"Rze\u017aba\"],\"inLanguage\":\"pl-PL\"},{\"@type\":\"Person\",\"@id\":\"https:\/\/fundacjawilkonia.pl\/#\/schema\/person\/79109e804e49d669b075ce06b2ef94a7\",\"name\":\"Blanka Wyszy\u0144ska-Walczak\",\"image\":{\"@type\":\"ImageObject\",\"inLanguage\":\"pl-PL\",\"@id\":\"https:\/\/fundacjawilkonia.pl\/#\/schema\/person\/image\/\",\"url\":\"https:\/\/secure.gravatar.com\/avatar\/30db7325a34bb69fd3ff7c2370949b39?s=96&d=mm&r=g\",\"contentUrl\":\"https:\/\/secure.gravatar.com\/avatar\/30db7325a34bb69fd3ff7c2370949b39?s=96&d=mm&r=g\",\"caption\":\"Blanka Wyszy\u0144ska-Walczak\"}}]}<\/script>\n<!-- \/ Yoast SEO plugin. -->","yoast_head_json":{"title":"Renowacja Szopki i Karuzeli na warszawskich Bielanach - Fundacja \u201eArka\u201d im. J\u00f3zefa Wilkonia","robots":{"index":"index","follow":"follow","max-snippet":"max-snippet:-1","max-image-preview":"max-image-preview:large","max-video-preview":"max-video-preview:-1"},"canonical":"https:\/\/fundacjawilkonia.pl\/index.php\/2019\/12\/04\/renowacja-szopki-i-karuzeli-na-warszawskich-bielanach\/","og_locale":"pl_PL","og_type":"article","og_title":"Renowacja Szopki i Karuzeli na warszawskich Bielanach - Fundacja \u201eArka\u201d im. J\u00f3zefa Wilkonia","og_description":"Jesieni\u0105 2019 roku rozpocz\u0119li\u015bmy renowacje biela\u0144skiej Szopki i Karuzeli. Oba obiekty zaprojektowane i wykonane przez J\u00f3zefa Wilkonia znalaz\u0142y swoje miejsce [&hellip;]","og_url":"https:\/\/fundacjawilkonia.pl\/index.php\/2019\/12\/04\/renowacja-szopki-i-karuzeli-na-warszawskich-bielanach\/","og_site_name":"Fundacja \u201eArka\u201d im. J\u00f3zefa Wilkonia","article_publisher":"https:\/\/www.facebook.com\/Fundacja-Wilkonia-221788084540934\/","article_published_time":"2019-12-04T18:36:00+00:00","article_modified_time":"2021-01-23T21:10:40+00:00","og_image":[{"width":2048,"height":1365,"url":"https:\/\/i1.wp.com\/fundacjawilkonia.pl\/wp-content\/uploads\/2019\/12\/76969136_2505284059524647_6418338580988428288_o.jpg?fit=2048%2C1365&ssl=1","type":"image\/jpeg"}],"author":"Blanka Wyszy\u0144ska-Walczak","twitter_card":"summary_large_image","twitter_creator":"@fundacjawilkoni","twitter_site":"@fundacjawilkoni","twitter_misc":{"Napisane przez":"Blanka Wyszy\u0144ska-Walczak","Szacowany czas czytania":"2 minuty"},"schema":{"@context":"https:\/\/schema.org","@graph":[{"@type":"Organization","@id":"https:\/\/fundacjawilkonia.pl\/#organization","name":"Fundacja \"Arka\" im. J\u00f3zefa Wilkonia","url":"https:\/\/fundacjawilkonia.pl\/","sameAs":["https:\/\/www.instagram.com\/fundacjawilkonia\/?hl=pl","https:\/\/www.facebook.com\/Fundacja-Wilkonia-221788084540934\/","https:\/\/twitter.com\/fundacjawilkoni"],"logo":{"@type":"ImageObject","inLanguage":"pl-PL","@id":"https:\/\/fundacjawilkonia.pl\/#\/schema\/logo\/image\/","url":"https:\/\/i2.wp.com\/fundacjawilkonia.pl\/wp-content\/uploads\/2016\/09\/10987396_771520442901026_1174624827528049836_n.png?fit=790%2C593&ssl=1","contentUrl":"https:\/\/i2.wp.com\/fundacjawilkonia.pl\/wp-content\/uploads\/2016\/09\/10987396_771520442901026_1174624827528049836_n.png?fit=790%2C593&ssl=1","width":790,"height":593,"caption":"Fundacja \"Arka\" im. J\u00f3zefa Wilkonia"},"image":{"@id":"https:\/\/fundacjawilkonia.pl\/#\/schema\/logo\/image\/"}},{"@type":"WebSite","@id":"https:\/\/fundacjawilkonia.pl\/#website","url":"https:\/\/fundacjawilkonia.pl\/","name":"Fundacja \u201eArka\u201d im. J\u00f3zefa Wilkonia","description":"G\u0142\u00f3wnym celem fundacji jest ochrona i promocja dorobku artystycznego J\u00f3zefa Wilkonia i og\u00f3lnych warto\u015bci zwi\u0105zanych ze sztukami pi\u0119knymi, a w szczeg\u00f3lno\u015bci ilustratorstwem i sztuk\u0105 edytorsk\u0105.","publisher":{"@id":"https:\/\/fundacjawilkonia.pl\/#organization"},"potentialAction":[{"@type":"SearchAction","target":{"@type":"EntryPoint","urlTemplate":"https:\/\/fundacjawilkonia.pl\/?s={search_term_string}"},"query-input":"required name=search_term_string"}],"inLanguage":"pl-PL"},{"@type":"WebPage","@id":"https:\/\/fundacjawilkonia.pl\/index.php\/2019\/12\/04\/renowacja-szopki-i-karuzeli-na-warszawskich-bielanach\/","url":"https:\/\/fundacjawilkonia.pl\/index.php\/2019\/12\/04\/renowacja-szopki-i-karuzeli-na-warszawskich-bielanach\/","name":"Renowacja Szopki i Karuzeli na warszawskich Bielanach - Fundacja \u201eArka\u201d im. J\u00f3zefa Wilkonia","isPartOf":{"@id":"https:\/\/fundacjawilkonia.pl\/#website"},"datePublished":"2019-12-04T18:36:00+00:00","dateModified":"2021-01-23T21:10:40+00:00","breadcrumb":{"@id":"https:\/\/fundacjawilkonia.pl\/index.php\/2019\/12\/04\/renowacja-szopki-i-karuzeli-na-warszawskich-bielanach\/#breadcrumb"},"inLanguage":"pl-PL","potentialAction":[{"@type":"ReadAction","target":["https:\/\/fundacjawilkonia.pl\/index.php\/2019\/12\/04\/renowacja-szopki-i-karuzeli-na-warszawskich-bielanach\/"]}]},{"@type":"BreadcrumbList","@id":"https:\/\/fundacjawilkonia.pl\/index.php\/2019\/12\/04\/renowacja-szopki-i-karuzeli-na-warszawskich-bielanach\/#breadcrumb","itemListElement":[{"@type":"ListItem","position":1,"name":"Strona g\u0142\u00f3wna","item":"https:\/\/fundacjawilkonia.pl\/"},{"@type":"ListItem","position":2,"name":"Renowacja Szopki i Karuzeli na warszawskich Bielanach"}]},{"@type":"Article","@id":"https:\/\/fundacjawilkonia.pl\/index.php\/2019\/12\/04\/renowacja-szopki-i-karuzeli-na-warszawskich-bielanach\/#article","isPartOf":{"@id":"https:\/\/fundacjawilkonia.pl\/index.php\/2019\/12\/04\/renowacja-szopki-i-karuzeli-na-warszawskich-bielanach\/"},"author":{"name":"Blanka Wyszy\u0144ska-Walczak","@id":"https:\/\/fundacjawilkonia.pl\/#\/schema\/person\/79109e804e49d669b075ce06b2ef94a7"},"headline":"Renowacja Szopki i Karuzeli na warszawskich Bielanach","datePublished":"2019-12-04T18:36:00+00:00","dateModified":"2021-01-23T21:10:40+00:00","mainEntityOfPage":{"@id":"https:\/\/fundacjawilkonia.pl\/index.php\/2019\/12\/04\/renowacja-szopki-i-karuzeli-na-warszawskich-bielanach\/"},"wordCount":198,"publisher":{"@id":"https:\/\/fundacjawilkonia.pl\/#organization"},"articleSection":["Rze\u017aba"],"inLanguage":"pl-PL"},{"@type":"Person","@id":"https:\/\/fundacjawilkonia.pl\/#\/schema\/person\/79109e804e49d669b075ce06b2ef94a7","name":"Blanka Wyszy\u0144ska-Walczak","image":{"@type":"ImageObject","inLanguage":"pl-PL","@id":"https:\/\/fundacjawilkonia.pl\/#\/schema\/person\/image\/","url":"https:\/\/secure.gravatar.com\/avatar\/30db7325a34bb69fd3ff7c2370949b39?s=96&d=mm&r=g","contentUrl":"https:\/\/secure.gravatar.com\/avatar\/30db7325a34bb69fd3ff7c2370949b39?s=96&d=mm&r=g","caption":"Blanka Wyszy\u0144ska-Walczak"}}]}},"_links":{"self":[{"href":"https:\/\/fundacjawilkonia.pl\/index.php\/wp-json\/wp\/v2\/posts\/1466"}],"collection":[{"href":"https:\/\/fundacjawilkonia.pl\/index.php\/wp-json\/wp\/v2\/posts"}],"about":[{"href":"https:\/\/fundacjawilkonia.pl\/index.php\/wp-json\/wp\/v2\/types\/post"}],"author":[{"embeddable":true,"href":"https:\/\/fundacjawilkonia.pl\/index.php\/wp-json\/wp\/v2\/users\/2"}],"replies":[{"embeddable":true,"href":"https:\/\/fundacjawilkonia.pl\/index.php\/wp-json\/wp\/v2\/comments?post=1466"}],"version-history":[{"count":0,"href":"https:\/\/fundacjawilkonia.pl\/index.php\/wp-json\/wp\/v2\/posts\/1466\/revisions"}],"wp:featuredmedia":[{"embeddable":true,"href":"https:\/\/fundacjawilkonia.pl\/index.php\/wp-json\/wp\/v2\/media\/1698"}],"wp:attachment":[{"href":"https:\/\/fundacjawilkonia.pl\/index.php\/wp-json\/wp\/v2\/media?parent=1466"}],"wp:term":[{"taxonomy":"category","embeddable":true,"href":"https:\/\/fundacjawilkonia.pl\/index.php\/wp-json\/wp\/v2\/categories?post=1466"},{"taxonomy":"post_tag","embeddable":true,"href":"https:\/\/fundacjawilkonia.pl\/index.php\/wp-json\/wp\/v2\/tags?post=1466"}],"curies":[{"name":"wp","href":"https:\/\/api.w.org\/{rel}","templated":true}]}}