{"id":1589,"date":"2020-11-17T20:15:25","date_gmt":"2020-11-17T19:15:25","guid":{"rendered":"https:\/\/fundacjawilkonia.pl\/?p=1589"},"modified":"2021-01-18T23:36:48","modified_gmt":"2021-01-18T22:36:48","slug":"ada-i-jej-cztery-przygody-mp3","status":"publish","type":"post","link":"https:\/\/fundacjawilkonia.pl\/index.php\/2020\/11\/17\/ada-i-jej-cztery-przygody-mp3\/","title":{"rendered":"\u201eAda i jej cztery przygody\u201d"},"content":{"rendered":"\n<p class=\"has-text-align-left\">Opowiadanie \u201eAda i jej cztery przygody\u201d Jana Kerdena jest przeznaczone dla dzieci w wieku szkolnym. To chwila gdy ich naturalna ciekawo\u015b\u0107 i spontaniczna tw\u00f3rczo\u015b\u0107 zderza si\u0119 z zupe\u0142nie nowymi wymaganiami, rutyn\u0105 doros\u0142ego \u015bwiata i wp\u0142ywami komercji. Z my\u015bl\u0105 o tym powsta\u0142a ksi\u0105\u017cka, a sk\u0142adaj\u0105ce si\u0119 na ni\u0105 cztery opowie\u015bci maj\u0105 by\u0107 pomostem, dzi\u0119ki kt\u00f3remu dzieci\u0119ca wra\u017cliwo\u015b\u0107 i ch\u0119\u0107 kreacji odnajdzie si\u0119 w\u015br\u00f3d nowych dozna\u0144 i wyzwa\u0144. Wa\u017cn\u0105 warto\u015bci\u0105 jest te\u017c u\u017cycie klasycznego j\u0119zyka literackiego, bez wsp\u00f3\u0142czesnych nalecia\u0142o\u015bci \u2013 rzecz o kt\u00f3r\u0105 coraz trudniej w obecnej literaturze i codzienno\u015bci. Tak o opowiadaniu Jana Kerdena napisa\u0142 Marek Bie\u0144czyk, laureat Nike 2012:<\/p>\n\n\n\n<p>\u201eAda i jej cztery przygody\u201d to bardzo pomys\u0142owa i bardzo delikatna proza dla dzieci w wieku oko\u0142o dziesi\u0119ciu lat. Podkre\u015blam s\u0142owo \u201edelikatna\u201d, gdy\u017c jest pisana j\u0119zykiem, kt\u00f3ry nie chce si\u0119 nikomu przypodoba\u0107, by\u0107 na si\u0142\u0119 \u201enowoczesny\u201d, nie chce si\u0119ga\u0107 po figury stylistyczne i wyra\u017cenia&nbsp; \u201ekumplowskie\u201d, jakie dzisiejszej m\u0142odzie\u017cy mog\u0142yby si\u0119 wyda\u0107 swojskie; w zamian proponuje w\u0142asny j\u0119zyk, nie staro\u015bwiecki, lecz pe\u0142en elegancji, lekko\u015bci i w\u0142a\u015bnie delikatno\u015bci.\u201d<\/p>\n\n\n\n<hr class=\"wp-block-separator\"\/>\n\n\n\n<h2>Pliki z ksi\u0105\u017ck\u0105 do pobrania:<\/h2>\n\n\n\n<div class=\"wp-block-file\"><a href=\"https:\/\/fundacjawilkonia.pl\/wp-content\/uploads\/2021\/01\/Ada-i-jej-cztery-przygody-Jan-Kerden-2020.pdf\">Ada i jej cztery przygody, Jan Kerden 2020 .pdf<\/a><a href=\"https:\/\/fundacjawilkonia.pl\/wp-content\/uploads\/2021\/01\/Ada-i-jej-cztery-przygody-Jan-Kerden-2020.pdf\" class=\"wp-block-file__button\" download>Pobierz<\/a><\/div>\n\n\n\n<div class=\"wp-block-file\"><a href=\"https:\/\/fundacjawilkonia.pl\/wp-content\/uploads\/2020\/11\/Ada-i-jej-cztery-przygody-Jan-Kerden-2020.epub\">Ada i jej cztery przygody, Jan Kerden 2020 .epub<\/a><a href=\"https:\/\/fundacjawilkonia.pl\/wp-content\/uploads\/2020\/11\/Ada-i-jej-cztery-przygody-Jan-Kerden-2020.epub\" class=\"wp-block-file__button\" download>Pobierz<\/a><\/div>\n\n\n\n<div class=\"wp-block-file\"><a href=\"https:\/\/fundacjawilkonia.pl\/wp-content\/uploads\/2020\/11\/Ada-i-jej-cztery-przygody-Jan-Kerden-2020.mobi\">Ada i jej cztery przygody, Jan Kerden 2020 .mobi<\/a><a href=\"https:\/\/fundacjawilkonia.pl\/wp-content\/uploads\/2020\/11\/Ada-i-jej-cztery-przygody-Jan-Kerden-2020.mobi\" class=\"wp-block-file__button\" download>Pobierz<\/a><\/div>\n\n\n\n<div class=\"wp-block-file\"><a href=\"https:\/\/fundacjawilkonia.pl\/wp-content\/uploads\/2021\/01\/Ada-i-jej-cztery-przygody.mp3\" target=\"_blank\" rel=\"noreferrer noopener\">Ada i jej cztery przygody, Jan Kerden 2020 .mp3<\/a><a href=\"https:\/\/fundacjawilkonia.pl\/wp-content\/uploads\/2021\/01\/Ada-i-jej-cztery-przygody.mp3\" class=\"wp-block-file__button\" download>Pobierz<\/a><\/div>\n\n\n\n<p>2020 \u00a9 copyright. Wszelkie prawa zastrze\u017cone. Z wy\u0142\u0105czeniem dozwolonego u\u017cytku prywatnego i publicznego przedruk, kopiowanie, rozpowszechnianie ca\u0142o\u015bci lub fragment\u00f3w mo\u017cliwe jest tylko na podstawie pisemnej zgody autora tekstu i wydawcy.<\/p>\n\n\n\n<hr class=\"wp-block-separator\"\/>\n\n\n\n<p>Decyzj\u0105 autora i dzi\u0119ki dofinansowaniu ze \u015brodk\u00f3w Ministra Kultury i Dziedzictwa Narodowego pochodz\u0105cych z Funduszu Promocji Kultury \u201eAda i jej cztery przygody\u201d w formie plik\u00f3w ebook i audiobook jest dost\u0119pna bezp\u0142atnie w sieci, bibliotekach oraz na stronach wydawcy Fundacji Arka im. J\u00f3zefa Wilkonia, kt\u00f3ra zrealizowa\u0142a projekt. Dodatkowo powsta\u0142a wersja audiobooka dla dzieci niedowidz\u0105cych ze specjalnie dla nich przygotowan\u0105 prezentacj\u0105 grafiki \u2013 jest ona udost\u0119pniana o\u015brodkom maj\u0105cych takich podopiecznych.<\/p>\n\n\n\n<p>Ilustracje wykona\u0142 Piotr F\u0105frowicz, wersj\u0119 audio czyta Olga Bo\u0144czyk, autork\u0105 opracowania graficznego jest Gra\u017cka Lange, redakcji dokona\u0142a Teresa Duralska-Macheta, a ca\u0142o\u015b\u0107 projektu przeprowadzi\u0142a Blanka Wyszy\u0144ska-Walczak. Nagrania d\u017awi\u0119kowe zrealizowa\u0142o Film Studio Factory, z wykorzystaniem utworu \u201eMuzyka Ady\u201d Zdzis\u0142awa Zieli\u0144skiego. Wydawnictwo ukaza\u0142o si\u0119 nak\u0142adem Fundacji \u201eArka\u201d im. J\u00f3zefa Wikonia.<\/p>\n\n\n\n<p><\/p>\n\n\n\n<figure class=\"wp-block-video\"><video controls src=\"https:\/\/fundacjawilkonia.pl\/wp-content\/uploads\/2020\/11\/2ada_animacja_reklamowa_1200x1200.mp4\"><\/video><\/figure>\n\n\n\n<p><strong>Pobranie plik\u00f3w z ksi\u0105\u017ck\u0105 \u201eAda i jej cztery przygody\u201d Jana Kerdena jest bezp\u0142atne dla wszystkich os\u00f3b prywatnych.<\/strong><\/p>\n\n\n\n<p>Mog\u0105 one korzysta\u0107 z nich w zakresie dozwolonego u\u017cytku prywatnego. Obejmuje on zapisywanie, odtwarzanie, przenoszenie na inne no\u015bniki przez dan\u0105 osob\u0119 oraz jej bliskich (rodzin\u0119, znajomych) w celach niezarobkowych. Zabronione jest masowe powielanie, udost\u0119pnianie publiczne i sprzeda\u017c.<\/p>\n\n\n\n<div class=\"wp-block-image\"><figure class=\"aligncenter size-large\"><img loading=\"lazy\" width=\"316\" height=\"448\" src=\"https:\/\/fundacjawilkonia.pl\/wp-content\/uploads\/2021\/01\/Ada-i-jej-cztery-przygody-Jan-Kerden-2020.pdf-pdf-722x1024-1.jpg\" alt=\"\" class=\"wp-image-1637\" srcset=\"https:\/\/fundacjawilkonia.pl\/wp-content\/uploads\/2021\/01\/Ada-i-jej-cztery-przygody-Jan-Kerden-2020.pdf-pdf-722x1024-1.jpg 316w, https:\/\/fundacjawilkonia.pl\/wp-content\/uploads\/2021\/01\/Ada-i-jej-cztery-przygody-Jan-Kerden-2020.pdf-pdf-722x1024-1-212x300.jpg 212w\" sizes=\"(max-width: 316px) 100vw, 316px\" \/><\/figure><\/div>\n\n\n\n<hr class=\"wp-block-separator\"\/>\n\n\n\n<p>Partnerzy medialni:<\/p>\n\n\n\n<div class=\"wp-block-image\"><figure class=\"aligncenter size-large\"><img loading=\"lazy\" width=\"1016\" height=\"108\" src=\"https:\/\/fundacjawilkonia.pl\/wp-content\/uploads\/2021\/01\/unnamed3.jpg\" alt=\"\" class=\"wp-image-1689\" srcset=\"https:\/\/fundacjawilkonia.pl\/wp-content\/uploads\/2021\/01\/unnamed3.jpg 1016w, https:\/\/fundacjawilkonia.pl\/wp-content\/uploads\/2021\/01\/unnamed3-300x32.jpg 300w, https:\/\/fundacjawilkonia.pl\/wp-content\/uploads\/2021\/01\/unnamed3-768x82.jpg 768w, https:\/\/fundacjawilkonia.pl\/wp-content\/uploads\/2021\/01\/unnamed3-480x51.jpg 480w\" sizes=\"(max-width: 1016px) 100vw, 1016px\" \/><\/figure><\/div>\n\n\n\n<p><\/p>\n","protected":false},"excerpt":{"rendered":"<p>Opowiadanie \u201eAda i jej cztery przygody\u201d Jana Kerdena jest przeznaczone dla dzieci w wieku szkolnym. To chwila gdy ich naturalna [&hellip;]<\/p>\n","protected":false},"author":1,"featured_media":1588,"comment_status":"closed","ping_status":"closed","sticky":false,"template":"","format":"standard","meta":[],"categories":[28,27,26],"tags":[],"yoast_head":"<!-- This site is optimized with the Yoast SEO plugin v19.4 - https:\/\/yoast.com\/wordpress\/plugins\/seo\/ -->\n<title>\u201eAda i jej cztery przygody\u201d - Fundacja \u201eArka\u201d im. J\u00f3zefa Wilkonia<\/title>\n<meta name=\"robots\" content=\"index, follow, max-snippet:-1, max-image-preview:large, max-video-preview:-1\" \/>\n<link rel=\"canonical\" href=\"https:\/\/fundacjawilkonia.pl\/index.php\/2020\/11\/17\/ada-i-jej-cztery-przygody-mp3\/\" \/>\n<meta property=\"og:locale\" content=\"pl_PL\" \/>\n<meta property=\"og:type\" content=\"article\" \/>\n<meta property=\"og:title\" content=\"\u201eAda i jej cztery przygody\u201d - Fundacja \u201eArka\u201d im. J\u00f3zefa Wilkonia\" \/>\n<meta property=\"og:description\" content=\"Opowiadanie \u201eAda i jej cztery przygody\u201d Jana Kerdena jest przeznaczone dla dzieci w wieku szkolnym. To chwila gdy ich naturalna [&hellip;]\" \/>\n<meta property=\"og:url\" content=\"https:\/\/fundacjawilkonia.pl\/index.php\/2020\/11\/17\/ada-i-jej-cztery-przygody-mp3\/\" \/>\n<meta property=\"og:site_name\" content=\"Fundacja \u201eArka\u201d im. J\u00f3zefa Wilkonia\" \/>\n<meta property=\"article:publisher\" content=\"https:\/\/www.facebook.com\/Fundacja-Wilkonia-221788084540934\/\" \/>\n<meta property=\"article:published_time\" content=\"2020-11-17T19:15:25+00:00\" \/>\n<meta property=\"article:modified_time\" content=\"2021-01-18T22:36:48+00:00\" \/>\n<meta property=\"og:image\" content=\"https:\/\/fundacjawilkonia.pl\/wp-content\/uploads\/2020\/11\/ada_druk-scaled-e1607374209843.jpg\" \/>\n\t<meta property=\"og:image:width\" content=\"361\" \/>\n\t<meta property=\"og:image:height\" content=\"510\" \/>\n\t<meta property=\"og:image:type\" content=\"image\/jpeg\" \/>\n<meta name=\"author\" content=\"admin8185\" \/>\n<meta name=\"twitter:card\" content=\"summary_large_image\" \/>\n<meta name=\"twitter:creator\" content=\"@fundacjawilkoni\" \/>\n<meta name=\"twitter:site\" content=\"@fundacjawilkoni\" \/>\n<meta name=\"twitter:label1\" content=\"Napisane przez\" \/>\n\t<meta name=\"twitter:data1\" content=\"admin8185\" \/>\n\t<meta name=\"twitter:label2\" content=\"Szacowany czas czytania\" \/>\n\t<meta name=\"twitter:data2\" content=\"3 minuty\" \/>\n<script type=\"application\/ld+json\" class=\"yoast-schema-graph\">{\"@context\":\"https:\/\/schema.org\",\"@graph\":[{\"@type\":\"Organization\",\"@id\":\"https:\/\/fundacjawilkonia.pl\/#organization\",\"name\":\"Fundacja \\\"Arka\\\" im. J\u00f3zefa Wilkonia\",\"url\":\"https:\/\/fundacjawilkonia.pl\/\",\"sameAs\":[\"https:\/\/www.instagram.com\/fundacjawilkonia\/?hl=pl\",\"https:\/\/www.facebook.com\/Fundacja-Wilkonia-221788084540934\/\",\"https:\/\/twitter.com\/fundacjawilkoni\"],\"logo\":{\"@type\":\"ImageObject\",\"inLanguage\":\"pl-PL\",\"@id\":\"https:\/\/fundacjawilkonia.pl\/#\/schema\/logo\/image\/\",\"url\":\"https:\/\/i2.wp.com\/fundacjawilkonia.pl\/wp-content\/uploads\/2016\/09\/10987396_771520442901026_1174624827528049836_n.png?fit=790%2C593&ssl=1\",\"contentUrl\":\"https:\/\/i2.wp.com\/fundacjawilkonia.pl\/wp-content\/uploads\/2016\/09\/10987396_771520442901026_1174624827528049836_n.png?fit=790%2C593&ssl=1\",\"width\":790,\"height\":593,\"caption\":\"Fundacja \\\"Arka\\\" im. J\u00f3zefa Wilkonia\"},\"image\":{\"@id\":\"https:\/\/fundacjawilkonia.pl\/#\/schema\/logo\/image\/\"}},{\"@type\":\"WebSite\",\"@id\":\"https:\/\/fundacjawilkonia.pl\/#website\",\"url\":\"https:\/\/fundacjawilkonia.pl\/\",\"name\":\"Fundacja \u201eArka\u201d im. J\u00f3zefa Wilkonia\",\"description\":\"G\u0142\u00f3wnym celem fundacji jest ochrona i promocja dorobku artystycznego J\u00f3zefa Wilkonia i og\u00f3lnych warto\u015bci zwi\u0105zanych ze sztukami pi\u0119knymi, a w szczeg\u00f3lno\u015bci ilustratorstwem i sztuk\u0105 edytorsk\u0105.\",\"publisher\":{\"@id\":\"https:\/\/fundacjawilkonia.pl\/#organization\"},\"potentialAction\":[{\"@type\":\"SearchAction\",\"target\":{\"@type\":\"EntryPoint\",\"urlTemplate\":\"https:\/\/fundacjawilkonia.pl\/?s={search_term_string}\"},\"query-input\":\"required name=search_term_string\"}],\"inLanguage\":\"pl-PL\"},{\"@type\":\"WebPage\",\"@id\":\"https:\/\/fundacjawilkonia.pl\/index.php\/2020\/11\/17\/ada-i-jej-cztery-przygody-mp3\/\",\"url\":\"https:\/\/fundacjawilkonia.pl\/index.php\/2020\/11\/17\/ada-i-jej-cztery-przygody-mp3\/\",\"name\":\"\u201eAda i jej cztery przygody\u201d - Fundacja \u201eArka\u201d im. J\u00f3zefa Wilkonia\",\"isPartOf\":{\"@id\":\"https:\/\/fundacjawilkonia.pl\/#website\"},\"datePublished\":\"2020-11-17T19:15:25+00:00\",\"dateModified\":\"2021-01-18T22:36:48+00:00\",\"breadcrumb\":{\"@id\":\"https:\/\/fundacjawilkonia.pl\/index.php\/2020\/11\/17\/ada-i-jej-cztery-przygody-mp3\/#breadcrumb\"},\"inLanguage\":\"pl-PL\",\"potentialAction\":[{\"@type\":\"ReadAction\",\"target\":[\"https:\/\/fundacjawilkonia.pl\/index.php\/2020\/11\/17\/ada-i-jej-cztery-przygody-mp3\/\"]}]},{\"@type\":\"BreadcrumbList\",\"@id\":\"https:\/\/fundacjawilkonia.pl\/index.php\/2020\/11\/17\/ada-i-jej-cztery-przygody-mp3\/#breadcrumb\",\"itemListElement\":[{\"@type\":\"ListItem\",\"position\":1,\"name\":\"Strona g\u0142\u00f3wna\",\"item\":\"https:\/\/fundacjawilkonia.pl\/\"},{\"@type\":\"ListItem\",\"position\":2,\"name\":\"\u201eAda i jej cztery przygody\u201d\"}]},{\"@type\":\"Article\",\"@id\":\"https:\/\/fundacjawilkonia.pl\/index.php\/2020\/11\/17\/ada-i-jej-cztery-przygody-mp3\/#article\",\"isPartOf\":{\"@id\":\"https:\/\/fundacjawilkonia.pl\/index.php\/2020\/11\/17\/ada-i-jej-cztery-przygody-mp3\/\"},\"author\":{\"name\":\"admin8185\",\"@id\":\"https:\/\/fundacjawilkonia.pl\/#\/schema\/person\/7c78c27f2b722c19e15222ff61cc1b5f\"},\"headline\":\"\u201eAda i jej cztery przygody\u201d\",\"datePublished\":\"2020-11-17T19:15:25+00:00\",\"dateModified\":\"2021-01-18T22:36:48+00:00\",\"mainEntityOfPage\":{\"@id\":\"https:\/\/fundacjawilkonia.pl\/index.php\/2020\/11\/17\/ada-i-jej-cztery-przygody-mp3\/\"},\"wordCount\":495,\"publisher\":{\"@id\":\"https:\/\/fundacjawilkonia.pl\/#organization\"},\"articleSection\":[\"Audiobook\",\"Ilustracja\",\"Ksi\u0105\u017cka\"],\"inLanguage\":\"pl-PL\"},{\"@type\":\"Person\",\"@id\":\"https:\/\/fundacjawilkonia.pl\/#\/schema\/person\/7c78c27f2b722c19e15222ff61cc1b5f\",\"name\":\"admin8185\",\"image\":{\"@type\":\"ImageObject\",\"inLanguage\":\"pl-PL\",\"@id\":\"https:\/\/fundacjawilkonia.pl\/#\/schema\/person\/image\/\",\"url\":\"https:\/\/secure.gravatar.com\/avatar\/80bd3218e66205da4430a98e13bc4a3e?s=96&d=mm&r=g\",\"contentUrl\":\"https:\/\/secure.gravatar.com\/avatar\/80bd3218e66205da4430a98e13bc4a3e?s=96&d=mm&r=g\",\"caption\":\"admin8185\"}}]}<\/script>\n<!-- \/ Yoast SEO plugin. -->","yoast_head_json":{"title":"\u201eAda i jej cztery przygody\u201d - Fundacja \u201eArka\u201d im. J\u00f3zefa Wilkonia","robots":{"index":"index","follow":"follow","max-snippet":"max-snippet:-1","max-image-preview":"max-image-preview:large","max-video-preview":"max-video-preview:-1"},"canonical":"https:\/\/fundacjawilkonia.pl\/index.php\/2020\/11\/17\/ada-i-jej-cztery-przygody-mp3\/","og_locale":"pl_PL","og_type":"article","og_title":"\u201eAda i jej cztery przygody\u201d - Fundacja \u201eArka\u201d im. J\u00f3zefa Wilkonia","og_description":"Opowiadanie \u201eAda i jej cztery przygody\u201d Jana Kerdena jest przeznaczone dla dzieci w wieku szkolnym. To chwila gdy ich naturalna [&hellip;]","og_url":"https:\/\/fundacjawilkonia.pl\/index.php\/2020\/11\/17\/ada-i-jej-cztery-przygody-mp3\/","og_site_name":"Fundacja \u201eArka\u201d im. J\u00f3zefa Wilkonia","article_publisher":"https:\/\/www.facebook.com\/Fundacja-Wilkonia-221788084540934\/","article_published_time":"2020-11-17T19:15:25+00:00","article_modified_time":"2021-01-18T22:36:48+00:00","og_image":[{"width":361,"height":510,"url":"https:\/\/fundacjawilkonia.pl\/wp-content\/uploads\/2020\/11\/ada_druk-scaled-e1607374209843.jpg","type":"image\/jpeg"}],"author":"admin8185","twitter_card":"summary_large_image","twitter_creator":"@fundacjawilkoni","twitter_site":"@fundacjawilkoni","twitter_misc":{"Napisane przez":"admin8185","Szacowany czas czytania":"3 minuty"},"schema":{"@context":"https:\/\/schema.org","@graph":[{"@type":"Organization","@id":"https:\/\/fundacjawilkonia.pl\/#organization","name":"Fundacja \"Arka\" im. J\u00f3zefa Wilkonia","url":"https:\/\/fundacjawilkonia.pl\/","sameAs":["https:\/\/www.instagram.com\/fundacjawilkonia\/?hl=pl","https:\/\/www.facebook.com\/Fundacja-Wilkonia-221788084540934\/","https:\/\/twitter.com\/fundacjawilkoni"],"logo":{"@type":"ImageObject","inLanguage":"pl-PL","@id":"https:\/\/fundacjawilkonia.pl\/#\/schema\/logo\/image\/","url":"https:\/\/i2.wp.com\/fundacjawilkonia.pl\/wp-content\/uploads\/2016\/09\/10987396_771520442901026_1174624827528049836_n.png?fit=790%2C593&ssl=1","contentUrl":"https:\/\/i2.wp.com\/fundacjawilkonia.pl\/wp-content\/uploads\/2016\/09\/10987396_771520442901026_1174624827528049836_n.png?fit=790%2C593&ssl=1","width":790,"height":593,"caption":"Fundacja \"Arka\" im. J\u00f3zefa Wilkonia"},"image":{"@id":"https:\/\/fundacjawilkonia.pl\/#\/schema\/logo\/image\/"}},{"@type":"WebSite","@id":"https:\/\/fundacjawilkonia.pl\/#website","url":"https:\/\/fundacjawilkonia.pl\/","name":"Fundacja \u201eArka\u201d im. J\u00f3zefa Wilkonia","description":"G\u0142\u00f3wnym celem fundacji jest ochrona i promocja dorobku artystycznego J\u00f3zefa Wilkonia i og\u00f3lnych warto\u015bci zwi\u0105zanych ze sztukami pi\u0119knymi, a w szczeg\u00f3lno\u015bci ilustratorstwem i sztuk\u0105 edytorsk\u0105.","publisher":{"@id":"https:\/\/fundacjawilkonia.pl\/#organization"},"potentialAction":[{"@type":"SearchAction","target":{"@type":"EntryPoint","urlTemplate":"https:\/\/fundacjawilkonia.pl\/?s={search_term_string}"},"query-input":"required name=search_term_string"}],"inLanguage":"pl-PL"},{"@type":"WebPage","@id":"https:\/\/fundacjawilkonia.pl\/index.php\/2020\/11\/17\/ada-i-jej-cztery-przygody-mp3\/","url":"https:\/\/fundacjawilkonia.pl\/index.php\/2020\/11\/17\/ada-i-jej-cztery-przygody-mp3\/","name":"\u201eAda i jej cztery przygody\u201d - Fundacja \u201eArka\u201d im. J\u00f3zefa Wilkonia","isPartOf":{"@id":"https:\/\/fundacjawilkonia.pl\/#website"},"datePublished":"2020-11-17T19:15:25+00:00","dateModified":"2021-01-18T22:36:48+00:00","breadcrumb":{"@id":"https:\/\/fundacjawilkonia.pl\/index.php\/2020\/11\/17\/ada-i-jej-cztery-przygody-mp3\/#breadcrumb"},"inLanguage":"pl-PL","potentialAction":[{"@type":"ReadAction","target":["https:\/\/fundacjawilkonia.pl\/index.php\/2020\/11\/17\/ada-i-jej-cztery-przygody-mp3\/"]}]},{"@type":"BreadcrumbList","@id":"https:\/\/fundacjawilkonia.pl\/index.php\/2020\/11\/17\/ada-i-jej-cztery-przygody-mp3\/#breadcrumb","itemListElement":[{"@type":"ListItem","position":1,"name":"Strona g\u0142\u00f3wna","item":"https:\/\/fundacjawilkonia.pl\/"},{"@type":"ListItem","position":2,"name":"\u201eAda i jej cztery przygody\u201d"}]},{"@type":"Article","@id":"https:\/\/fundacjawilkonia.pl\/index.php\/2020\/11\/17\/ada-i-jej-cztery-przygody-mp3\/#article","isPartOf":{"@id":"https:\/\/fundacjawilkonia.pl\/index.php\/2020\/11\/17\/ada-i-jej-cztery-przygody-mp3\/"},"author":{"name":"admin8185","@id":"https:\/\/fundacjawilkonia.pl\/#\/schema\/person\/7c78c27f2b722c19e15222ff61cc1b5f"},"headline":"\u201eAda i jej cztery przygody\u201d","datePublished":"2020-11-17T19:15:25+00:00","dateModified":"2021-01-18T22:36:48+00:00","mainEntityOfPage":{"@id":"https:\/\/fundacjawilkonia.pl\/index.php\/2020\/11\/17\/ada-i-jej-cztery-przygody-mp3\/"},"wordCount":495,"publisher":{"@id":"https:\/\/fundacjawilkonia.pl\/#organization"},"articleSection":["Audiobook","Ilustracja","Ksi\u0105\u017cka"],"inLanguage":"pl-PL"},{"@type":"Person","@id":"https:\/\/fundacjawilkonia.pl\/#\/schema\/person\/7c78c27f2b722c19e15222ff61cc1b5f","name":"admin8185","image":{"@type":"ImageObject","inLanguage":"pl-PL","@id":"https:\/\/fundacjawilkonia.pl\/#\/schema\/person\/image\/","url":"https:\/\/secure.gravatar.com\/avatar\/80bd3218e66205da4430a98e13bc4a3e?s=96&d=mm&r=g","contentUrl":"https:\/\/secure.gravatar.com\/avatar\/80bd3218e66205da4430a98e13bc4a3e?s=96&d=mm&r=g","caption":"admin8185"}}]}},"_links":{"self":[{"href":"https:\/\/fundacjawilkonia.pl\/index.php\/wp-json\/wp\/v2\/posts\/1589"}],"collection":[{"href":"https:\/\/fundacjawilkonia.pl\/index.php\/wp-json\/wp\/v2\/posts"}],"about":[{"href":"https:\/\/fundacjawilkonia.pl\/index.php\/wp-json\/wp\/v2\/types\/post"}],"author":[{"embeddable":true,"href":"https:\/\/fundacjawilkonia.pl\/index.php\/wp-json\/wp\/v2\/users\/1"}],"replies":[{"embeddable":true,"href":"https:\/\/fundacjawilkonia.pl\/index.php\/wp-json\/wp\/v2\/comments?post=1589"}],"version-history":[{"count":1,"href":"https:\/\/fundacjawilkonia.pl\/index.php\/wp-json\/wp\/v2\/posts\/1589\/revisions"}],"predecessor-version":[{"id":1824,"href":"https:\/\/fundacjawilkonia.pl\/index.php\/wp-json\/wp\/v2\/posts\/1589\/revisions\/1824"}],"wp:featuredmedia":[{"embeddable":true,"href":"https:\/\/fundacjawilkonia.pl\/index.php\/wp-json\/wp\/v2\/media\/1588"}],"wp:attachment":[{"href":"https:\/\/fundacjawilkonia.pl\/index.php\/wp-json\/wp\/v2\/media?parent=1589"}],"wp:term":[{"taxonomy":"category","embeddable":true,"href":"https:\/\/fundacjawilkonia.pl\/index.php\/wp-json\/wp\/v2\/categories?post=1589"},{"taxonomy":"post_tag","embeddable":true,"href":"https:\/\/fundacjawilkonia.pl\/index.php\/wp-json\/wp\/v2\/tags?post=1589"}],"curies":[{"name":"wp","href":"https:\/\/api.w.org\/{rel}","templated":true}]}}