{"id":1806,"date":"2021-07-05T23:44:00","date_gmt":"2021-07-05T21:44:00","guid":{"rendered":"https:\/\/fundacjawilkonia.pl\/?p=1806"},"modified":"2021-12-01T00:01:15","modified_gmt":"2021-11-30T23:01:15","slug":"jozef-wilkon-ilustracje-naszego-dziecinstwa","status":"publish","type":"post","link":"https:\/\/fundacjawilkonia.pl\/index.php\/2021\/07\/05\/jozef-wilkon-ilustracje-naszego-dziecinstwa\/","title":{"rendered":"J\u00f3zef Wilko\u0144 &#8211; ilustracje naszego dzieci\u0144stwa"},"content":{"rendered":"\n<p>W dniach 1.07 &#8211; 31.08.2021 w Zag\u0142ebiowskiej Mediatece zago\u015bci\u0142a wystawa ilustracji autorstwa \u2013 J\u00f3zefa Wilkonia. Wernisa\u017c wystawy\u00a0<strong>\u201eJ\u00f3zef Wilko\u0144 \u2013 ilustracje naszego dzieci\u0144stwa\u201d\u00a0<\/strong>odby\u0142 si\u0119 w poniedzia\u0142ek 5 lipca 2021 o godz. 12.30 w Galerii \u201ePod \u015awietlikiem\u201d Zag\u0142\u0119biowskiej Mediateki.<\/p>\n\n\n\n<p>Wystawa przygotowana we wsp\u00f3\u0142pracy z partnerem projektu \u2013 Bibliotek\u0105 Publiczn\u0105 w Sosnowcu &#8211; uwzgl\u0119dnia\u0142a reprodukcje najpi\u0119kniejszych prac legendy Polskiej Szko\u0142y Ilustracji \u2013 J\u00f3zefa Wilkonia, kt\u00f3ry osobi\u015bcie dokona\u0142 selekcji swych prac. Wernisa\u017cowi towarzyszy\u0142a prezentacja multimedialna o Arty\u015bcie. Ponadto, ju\u017c wkr\u00f3tce powstanie film z \u201ewirtualnym zwiedzaniem\u201d wystawy, kt\u00f3ry b\u0119dzie dost\u0119pny bezp\u0142atnie na kanale YouTube MBP.<\/p>\n\n\n\n<div class=\"wp-block-jetpack-tiled-gallery aligncenter is-style-rectangular\"><div class=\"tiled-gallery__gallery\"><div class=\"tiled-gallery__row\"><div class=\"tiled-gallery__col\" style=\"flex-basis:66.84316%\"><figure class=\"tiled-gallery__item\"><img alt=\"\" data-height=\"665\" data-id=\"1807\" data-link=\"https:\/\/fundacjawilkonia.pl\/?attachment_id=1807\" data-url=\"https:\/\/fundacjawilkonia.pl\/wp-content\/uploads\/2021\/11\/DSC_9555.jpg\" data-width=\"1000\" src=\"https:\/\/i1.wp.com\/fundacjawilkonia.pl\/wp-content\/uploads\/2021\/11\/DSC_9555.jpg?ssl=1\" data-amp-layout=\"responsive\"\/><\/figure><\/div><div class=\"tiled-gallery__col\" style=\"flex-basis:33.15684%\"><figure class=\"tiled-gallery__item\"><img alt=\"\" data-height=\"665\" data-id=\"1808\" data-link=\"https:\/\/fundacjawilkonia.pl\/?attachment_id=1808\" data-url=\"https:\/\/fundacjawilkonia.pl\/wp-content\/uploads\/2021\/11\/DSC_9556.jpg\" data-width=\"1000\" src=\"https:\/\/i0.wp.com\/fundacjawilkonia.pl\/wp-content\/uploads\/2021\/11\/DSC_9556.jpg?ssl=1\" data-amp-layout=\"responsive\"\/><\/figure><figure class=\"tiled-gallery__item\"><img alt=\"\" data-height=\"665\" data-id=\"1809\" data-link=\"https:\/\/fundacjawilkonia.pl\/?attachment_id=1809\" data-url=\"https:\/\/fundacjawilkonia.pl\/wp-content\/uploads\/2021\/11\/DSC_9558.jpg\" data-width=\"1000\" src=\"https:\/\/i1.wp.com\/fundacjawilkonia.pl\/wp-content\/uploads\/2021\/11\/DSC_9558.jpg?ssl=1\" data-amp-layout=\"responsive\"\/><\/figure><\/div><\/div><\/div><\/div>\n","protected":false},"excerpt":{"rendered":"<p>W dniach 1.07 &#8211; 31.08.2021 w Zag\u0142ebiowskiej Mediatece zago\u015bci\u0142a wystawa ilustracji autorstwa \u2013 J\u00f3zefa Wilkonia. Wernisa\u017c wystawy\u00a0\u201eJ\u00f3zef Wilko\u0144 \u2013 ilustracje [&hellip;]<\/p>\n","protected":false},"author":1,"featured_media":1807,"comment_status":"closed","ping_status":"closed","sticky":false,"template":"","format":"standard","meta":[],"categories":[27],"tags":[],"yoast_head":"<!-- This site is optimized with the Yoast SEO plugin v19.4 - https:\/\/yoast.com\/wordpress\/plugins\/seo\/ -->\n<title>J\u00f3zef Wilko\u0144 - ilustracje naszego dzieci\u0144stwa - Fundacja \u201eArka\u201d im. J\u00f3zefa Wilkonia<\/title>\n<meta name=\"robots\" content=\"index, follow, max-snippet:-1, max-image-preview:large, max-video-preview:-1\" \/>\n<link rel=\"canonical\" href=\"https:\/\/fundacjawilkonia.pl\/index.php\/2021\/07\/05\/jozef-wilkon-ilustracje-naszego-dziecinstwa\/\" \/>\n<meta property=\"og:locale\" content=\"pl_PL\" \/>\n<meta property=\"og:type\" content=\"article\" \/>\n<meta property=\"og:title\" content=\"J\u00f3zef Wilko\u0144 - ilustracje naszego dzieci\u0144stwa - Fundacja \u201eArka\u201d im. J\u00f3zefa Wilkonia\" \/>\n<meta property=\"og:description\" content=\"W dniach 1.07 &#8211; 31.08.2021 w Zag\u0142ebiowskiej Mediatece zago\u015bci\u0142a wystawa ilustracji autorstwa \u2013 J\u00f3zefa Wilkonia. Wernisa\u017c wystawy\u00a0\u201eJ\u00f3zef Wilko\u0144 \u2013 ilustracje [&hellip;]\" \/>\n<meta property=\"og:url\" content=\"https:\/\/fundacjawilkonia.pl\/index.php\/2021\/07\/05\/jozef-wilkon-ilustracje-naszego-dziecinstwa\/\" \/>\n<meta property=\"og:site_name\" content=\"Fundacja \u201eArka\u201d im. J\u00f3zefa Wilkonia\" \/>\n<meta property=\"article:publisher\" content=\"https:\/\/www.facebook.com\/Fundacja-Wilkonia-221788084540934\/\" \/>\n<meta property=\"article:published_time\" content=\"2021-07-05T21:44:00+00:00\" \/>\n<meta property=\"article:modified_time\" content=\"2021-11-30T23:01:15+00:00\" \/>\n<meta property=\"og:image\" content=\"https:\/\/fundacjawilkonia.pl\/wp-content\/uploads\/2021\/11\/DSC_9555.jpg\" \/>\n\t<meta property=\"og:image:width\" content=\"1000\" \/>\n\t<meta property=\"og:image:height\" content=\"665\" \/>\n\t<meta property=\"og:image:type\" content=\"image\/jpeg\" \/>\n<meta name=\"author\" content=\"admin8185\" \/>\n<meta name=\"twitter:card\" content=\"summary_large_image\" \/>\n<meta name=\"twitter:creator\" content=\"@fundacjawilkoni\" \/>\n<meta name=\"twitter:site\" content=\"@fundacjawilkoni\" \/>\n<meta name=\"twitter:label1\" content=\"Napisane przez\" \/>\n\t<meta name=\"twitter:data1\" content=\"admin8185\" \/>\n\t<meta name=\"twitter:label2\" content=\"Szacowany czas czytania\" \/>\n\t<meta name=\"twitter:data2\" content=\"1 minuta\" \/>\n<script type=\"application\/ld+json\" class=\"yoast-schema-graph\">{\"@context\":\"https:\/\/schema.org\",\"@graph\":[{\"@type\":\"Organization\",\"@id\":\"https:\/\/fundacjawilkonia.pl\/#organization\",\"name\":\"Fundacja \\\"Arka\\\" im. J\u00f3zefa Wilkonia\",\"url\":\"https:\/\/fundacjawilkonia.pl\/\",\"sameAs\":[\"https:\/\/www.instagram.com\/fundacjawilkonia\/?hl=pl\",\"https:\/\/www.facebook.com\/Fundacja-Wilkonia-221788084540934\/\",\"https:\/\/twitter.com\/fundacjawilkoni\"],\"logo\":{\"@type\":\"ImageObject\",\"inLanguage\":\"pl-PL\",\"@id\":\"https:\/\/fundacjawilkonia.pl\/#\/schema\/logo\/image\/\",\"url\":\"https:\/\/i2.wp.com\/fundacjawilkonia.pl\/wp-content\/uploads\/2016\/09\/10987396_771520442901026_1174624827528049836_n.png?fit=790%2C593&ssl=1\",\"contentUrl\":\"https:\/\/i2.wp.com\/fundacjawilkonia.pl\/wp-content\/uploads\/2016\/09\/10987396_771520442901026_1174624827528049836_n.png?fit=790%2C593&ssl=1\",\"width\":790,\"height\":593,\"caption\":\"Fundacja \\\"Arka\\\" im. J\u00f3zefa Wilkonia\"},\"image\":{\"@id\":\"https:\/\/fundacjawilkonia.pl\/#\/schema\/logo\/image\/\"}},{\"@type\":\"WebSite\",\"@id\":\"https:\/\/fundacjawilkonia.pl\/#website\",\"url\":\"https:\/\/fundacjawilkonia.pl\/\",\"name\":\"Fundacja \u201eArka\u201d im. J\u00f3zefa Wilkonia\",\"description\":\"G\u0142\u00f3wnym celem fundacji jest ochrona i promocja dorobku artystycznego J\u00f3zefa Wilkonia i og\u00f3lnych warto\u015bci zwi\u0105zanych ze sztukami pi\u0119knymi, a w szczeg\u00f3lno\u015bci ilustratorstwem i sztuk\u0105 edytorsk\u0105.\",\"publisher\":{\"@id\":\"https:\/\/fundacjawilkonia.pl\/#organization\"},\"potentialAction\":[{\"@type\":\"SearchAction\",\"target\":{\"@type\":\"EntryPoint\",\"urlTemplate\":\"https:\/\/fundacjawilkonia.pl\/?s={search_term_string}\"},\"query-input\":\"required name=search_term_string\"}],\"inLanguage\":\"pl-PL\"},{\"@type\":\"WebPage\",\"@id\":\"https:\/\/fundacjawilkonia.pl\/index.php\/2021\/07\/05\/jozef-wilkon-ilustracje-naszego-dziecinstwa\/\",\"url\":\"https:\/\/fundacjawilkonia.pl\/index.php\/2021\/07\/05\/jozef-wilkon-ilustracje-naszego-dziecinstwa\/\",\"name\":\"J\u00f3zef Wilko\u0144 - ilustracje naszego dzieci\u0144stwa - Fundacja \u201eArka\u201d im. J\u00f3zefa Wilkonia\",\"isPartOf\":{\"@id\":\"https:\/\/fundacjawilkonia.pl\/#website\"},\"datePublished\":\"2021-07-05T21:44:00+00:00\",\"dateModified\":\"2021-11-30T23:01:15+00:00\",\"breadcrumb\":{\"@id\":\"https:\/\/fundacjawilkonia.pl\/index.php\/2021\/07\/05\/jozef-wilkon-ilustracje-naszego-dziecinstwa\/#breadcrumb\"},\"inLanguage\":\"pl-PL\",\"potentialAction\":[{\"@type\":\"ReadAction\",\"target\":[\"https:\/\/fundacjawilkonia.pl\/index.php\/2021\/07\/05\/jozef-wilkon-ilustracje-naszego-dziecinstwa\/\"]}]},{\"@type\":\"BreadcrumbList\",\"@id\":\"https:\/\/fundacjawilkonia.pl\/index.php\/2021\/07\/05\/jozef-wilkon-ilustracje-naszego-dziecinstwa\/#breadcrumb\",\"itemListElement\":[{\"@type\":\"ListItem\",\"position\":1,\"name\":\"Strona g\u0142\u00f3wna\",\"item\":\"https:\/\/fundacjawilkonia.pl\/\"},{\"@type\":\"ListItem\",\"position\":2,\"name\":\"J\u00f3zef Wilko\u0144 &#8211; ilustracje naszego dzieci\u0144stwa\"}]},{\"@type\":\"Article\",\"@id\":\"https:\/\/fundacjawilkonia.pl\/index.php\/2021\/07\/05\/jozef-wilkon-ilustracje-naszego-dziecinstwa\/#article\",\"isPartOf\":{\"@id\":\"https:\/\/fundacjawilkonia.pl\/index.php\/2021\/07\/05\/jozef-wilkon-ilustracje-naszego-dziecinstwa\/\"},\"author\":{\"name\":\"admin8185\",\"@id\":\"https:\/\/fundacjawilkonia.pl\/#\/schema\/person\/7c78c27f2b722c19e15222ff61cc1b5f\"},\"headline\":\"J\u00f3zef Wilko\u0144 &#8211; ilustracje naszego dzieci\u0144stwa\",\"datePublished\":\"2021-07-05T21:44:00+00:00\",\"dateModified\":\"2021-11-30T23:01:15+00:00\",\"mainEntityOfPage\":{\"@id\":\"https:\/\/fundacjawilkonia.pl\/index.php\/2021\/07\/05\/jozef-wilkon-ilustracje-naszego-dziecinstwa\/\"},\"wordCount\":115,\"publisher\":{\"@id\":\"https:\/\/fundacjawilkonia.pl\/#organization\"},\"articleSection\":[\"Ilustracja\"],\"inLanguage\":\"pl-PL\"},{\"@type\":\"Person\",\"@id\":\"https:\/\/fundacjawilkonia.pl\/#\/schema\/person\/7c78c27f2b722c19e15222ff61cc1b5f\",\"name\":\"admin8185\",\"image\":{\"@type\":\"ImageObject\",\"inLanguage\":\"pl-PL\",\"@id\":\"https:\/\/fundacjawilkonia.pl\/#\/schema\/person\/image\/\",\"url\":\"https:\/\/secure.gravatar.com\/avatar\/80bd3218e66205da4430a98e13bc4a3e?s=96&d=mm&r=g\",\"contentUrl\":\"https:\/\/secure.gravatar.com\/avatar\/80bd3218e66205da4430a98e13bc4a3e?s=96&d=mm&r=g\",\"caption\":\"admin8185\"}}]}<\/script>\n<!-- \/ Yoast SEO plugin. -->","yoast_head_json":{"title":"J\u00f3zef Wilko\u0144 - ilustracje naszego dzieci\u0144stwa - Fundacja \u201eArka\u201d im. J\u00f3zefa Wilkonia","robots":{"index":"index","follow":"follow","max-snippet":"max-snippet:-1","max-image-preview":"max-image-preview:large","max-video-preview":"max-video-preview:-1"},"canonical":"https:\/\/fundacjawilkonia.pl\/index.php\/2021\/07\/05\/jozef-wilkon-ilustracje-naszego-dziecinstwa\/","og_locale":"pl_PL","og_type":"article","og_title":"J\u00f3zef Wilko\u0144 - ilustracje naszego dzieci\u0144stwa - Fundacja \u201eArka\u201d im. J\u00f3zefa Wilkonia","og_description":"W dniach 1.07 &#8211; 31.08.2021 w Zag\u0142ebiowskiej Mediatece zago\u015bci\u0142a wystawa ilustracji autorstwa \u2013 J\u00f3zefa Wilkonia. Wernisa\u017c wystawy\u00a0\u201eJ\u00f3zef Wilko\u0144 \u2013 ilustracje [&hellip;]","og_url":"https:\/\/fundacjawilkonia.pl\/index.php\/2021\/07\/05\/jozef-wilkon-ilustracje-naszego-dziecinstwa\/","og_site_name":"Fundacja \u201eArka\u201d im. J\u00f3zefa Wilkonia","article_publisher":"https:\/\/www.facebook.com\/Fundacja-Wilkonia-221788084540934\/","article_published_time":"2021-07-05T21:44:00+00:00","article_modified_time":"2021-11-30T23:01:15+00:00","og_image":[{"width":1000,"height":665,"url":"https:\/\/fundacjawilkonia.pl\/wp-content\/uploads\/2021\/11\/DSC_9555.jpg","type":"image\/jpeg"}],"author":"admin8185","twitter_card":"summary_large_image","twitter_creator":"@fundacjawilkoni","twitter_site":"@fundacjawilkoni","twitter_misc":{"Napisane przez":"admin8185","Szacowany czas czytania":"1 minuta"},"schema":{"@context":"https:\/\/schema.org","@graph":[{"@type":"Organization","@id":"https:\/\/fundacjawilkonia.pl\/#organization","name":"Fundacja \"Arka\" im. J\u00f3zefa Wilkonia","url":"https:\/\/fundacjawilkonia.pl\/","sameAs":["https:\/\/www.instagram.com\/fundacjawilkonia\/?hl=pl","https:\/\/www.facebook.com\/Fundacja-Wilkonia-221788084540934\/","https:\/\/twitter.com\/fundacjawilkoni"],"logo":{"@type":"ImageObject","inLanguage":"pl-PL","@id":"https:\/\/fundacjawilkonia.pl\/#\/schema\/logo\/image\/","url":"https:\/\/i2.wp.com\/fundacjawilkonia.pl\/wp-content\/uploads\/2016\/09\/10987396_771520442901026_1174624827528049836_n.png?fit=790%2C593&ssl=1","contentUrl":"https:\/\/i2.wp.com\/fundacjawilkonia.pl\/wp-content\/uploads\/2016\/09\/10987396_771520442901026_1174624827528049836_n.png?fit=790%2C593&ssl=1","width":790,"height":593,"caption":"Fundacja \"Arka\" im. J\u00f3zefa Wilkonia"},"image":{"@id":"https:\/\/fundacjawilkonia.pl\/#\/schema\/logo\/image\/"}},{"@type":"WebSite","@id":"https:\/\/fundacjawilkonia.pl\/#website","url":"https:\/\/fundacjawilkonia.pl\/","name":"Fundacja \u201eArka\u201d im. J\u00f3zefa Wilkonia","description":"G\u0142\u00f3wnym celem fundacji jest ochrona i promocja dorobku artystycznego J\u00f3zefa Wilkonia i og\u00f3lnych warto\u015bci zwi\u0105zanych ze sztukami pi\u0119knymi, a w szczeg\u00f3lno\u015bci ilustratorstwem i sztuk\u0105 edytorsk\u0105.","publisher":{"@id":"https:\/\/fundacjawilkonia.pl\/#organization"},"potentialAction":[{"@type":"SearchAction","target":{"@type":"EntryPoint","urlTemplate":"https:\/\/fundacjawilkonia.pl\/?s={search_term_string}"},"query-input":"required name=search_term_string"}],"inLanguage":"pl-PL"},{"@type":"WebPage","@id":"https:\/\/fundacjawilkonia.pl\/index.php\/2021\/07\/05\/jozef-wilkon-ilustracje-naszego-dziecinstwa\/","url":"https:\/\/fundacjawilkonia.pl\/index.php\/2021\/07\/05\/jozef-wilkon-ilustracje-naszego-dziecinstwa\/","name":"J\u00f3zef Wilko\u0144 - ilustracje naszego dzieci\u0144stwa - Fundacja \u201eArka\u201d im. J\u00f3zefa Wilkonia","isPartOf":{"@id":"https:\/\/fundacjawilkonia.pl\/#website"},"datePublished":"2021-07-05T21:44:00+00:00","dateModified":"2021-11-30T23:01:15+00:00","breadcrumb":{"@id":"https:\/\/fundacjawilkonia.pl\/index.php\/2021\/07\/05\/jozef-wilkon-ilustracje-naszego-dziecinstwa\/#breadcrumb"},"inLanguage":"pl-PL","potentialAction":[{"@type":"ReadAction","target":["https:\/\/fundacjawilkonia.pl\/index.php\/2021\/07\/05\/jozef-wilkon-ilustracje-naszego-dziecinstwa\/"]}]},{"@type":"BreadcrumbList","@id":"https:\/\/fundacjawilkonia.pl\/index.php\/2021\/07\/05\/jozef-wilkon-ilustracje-naszego-dziecinstwa\/#breadcrumb","itemListElement":[{"@type":"ListItem","position":1,"name":"Strona g\u0142\u00f3wna","item":"https:\/\/fundacjawilkonia.pl\/"},{"@type":"ListItem","position":2,"name":"J\u00f3zef Wilko\u0144 &#8211; ilustracje naszego dzieci\u0144stwa"}]},{"@type":"Article","@id":"https:\/\/fundacjawilkonia.pl\/index.php\/2021\/07\/05\/jozef-wilkon-ilustracje-naszego-dziecinstwa\/#article","isPartOf":{"@id":"https:\/\/fundacjawilkonia.pl\/index.php\/2021\/07\/05\/jozef-wilkon-ilustracje-naszego-dziecinstwa\/"},"author":{"name":"admin8185","@id":"https:\/\/fundacjawilkonia.pl\/#\/schema\/person\/7c78c27f2b722c19e15222ff61cc1b5f"},"headline":"J\u00f3zef Wilko\u0144 &#8211; ilustracje naszego dzieci\u0144stwa","datePublished":"2021-07-05T21:44:00+00:00","dateModified":"2021-11-30T23:01:15+00:00","mainEntityOfPage":{"@id":"https:\/\/fundacjawilkonia.pl\/index.php\/2021\/07\/05\/jozef-wilkon-ilustracje-naszego-dziecinstwa\/"},"wordCount":115,"publisher":{"@id":"https:\/\/fundacjawilkonia.pl\/#organization"},"articleSection":["Ilustracja"],"inLanguage":"pl-PL"},{"@type":"Person","@id":"https:\/\/fundacjawilkonia.pl\/#\/schema\/person\/7c78c27f2b722c19e15222ff61cc1b5f","name":"admin8185","image":{"@type":"ImageObject","inLanguage":"pl-PL","@id":"https:\/\/fundacjawilkonia.pl\/#\/schema\/person\/image\/","url":"https:\/\/secure.gravatar.com\/avatar\/80bd3218e66205da4430a98e13bc4a3e?s=96&d=mm&r=g","contentUrl":"https:\/\/secure.gravatar.com\/avatar\/80bd3218e66205da4430a98e13bc4a3e?s=96&d=mm&r=g","caption":"admin8185"}}]}},"_links":{"self":[{"href":"https:\/\/fundacjawilkonia.pl\/index.php\/wp-json\/wp\/v2\/posts\/1806"}],"collection":[{"href":"https:\/\/fundacjawilkonia.pl\/index.php\/wp-json\/wp\/v2\/posts"}],"about":[{"href":"https:\/\/fundacjawilkonia.pl\/index.php\/wp-json\/wp\/v2\/types\/post"}],"author":[{"embeddable":true,"href":"https:\/\/fundacjawilkonia.pl\/index.php\/wp-json\/wp\/v2\/users\/1"}],"replies":[{"embeddable":true,"href":"https:\/\/fundacjawilkonia.pl\/index.php\/wp-json\/wp\/v2\/comments?post=1806"}],"version-history":[{"count":1,"href":"https:\/\/fundacjawilkonia.pl\/index.php\/wp-json\/wp\/v2\/posts\/1806\/revisions"}],"predecessor-version":[{"id":1810,"href":"https:\/\/fundacjawilkonia.pl\/index.php\/wp-json\/wp\/v2\/posts\/1806\/revisions\/1810"}],"wp:featuredmedia":[{"embeddable":true,"href":"https:\/\/fundacjawilkonia.pl\/index.php\/wp-json\/wp\/v2\/media\/1807"}],"wp:attachment":[{"href":"https:\/\/fundacjawilkonia.pl\/index.php\/wp-json\/wp\/v2\/media?parent=1806"}],"wp:term":[{"taxonomy":"category","embeddable":true,"href":"https:\/\/fundacjawilkonia.pl\/index.php\/wp-json\/wp\/v2\/categories?post=1806"},{"taxonomy":"post_tag","embeddable":true,"href":"https:\/\/fundacjawilkonia.pl\/index.php\/wp-json\/wp\/v2\/tags?post=1806"}],"curies":[{"name":"wp","href":"https:\/\/api.w.org\/{rel}","templated":true}]}}