{"id":201,"date":"2016-10-20T22:10:24","date_gmt":"2016-10-20T20:10:24","guid":{"rendered":"https:\/\/fundacjawilkonia.pl\/?p=201"},"modified":"2016-10-20T22:10:42","modified_gmt":"2016-10-20T20:10:42","slug":"inauguracja-wydania-don-kuchote-z-ilustracjami-jozefa-wilkonia-w-warszawie","status":"publish","type":"post","link":"https:\/\/fundacjawilkonia.pl\/index.php\/2016\/10\/20\/inauguracja-wydania-don-kuchote-z-ilustracjami-jozefa-wilkonia-w-warszawie\/","title":{"rendered":"Inauguracja wydania &#8222;Don Kuchote&#8221; z ilustracjami J\u00f3zefa Wilkonia w Warszawie"},"content":{"rendered":"<p><img loading=\"lazy\" class=\"size-medium wp-image-198\" src=\"https:\/\/fundacjawilkonia.pl\/wp-content\/uploads\/2016\/10\/Don-Kichote-il.-J\u00f3zef-Wilko\u0144-2016-300x176.jpg\" alt=\"kr\" width=\"300\" height=\"176\" srcset=\"https:\/\/fundacjawilkonia.pl\/wp-content\/uploads\/2016\/10\/Don-Kichote-il.-J\u00f3zef-Wilko\u0144-2016-300x176.jpg 300w, https:\/\/fundacjawilkonia.pl\/wp-content\/uploads\/2016\/10\/Don-Kichote-il.-J\u00f3zef-Wilko\u0144-2016-768x450.jpg 768w, https:\/\/fundacjawilkonia.pl\/wp-content\/uploads\/2016\/10\/Don-Kichote-il.-J\u00f3zef-Wilko\u0144-2016-1024x601.jpg 1024w, https:\/\/fundacjawilkonia.pl\/wp-content\/uploads\/2016\/10\/Don-Kichote-il.-J\u00f3zef-Wilko\u0144-2016-250x147.jpg 250w, https:\/\/fundacjawilkonia.pl\/wp-content\/uploads\/2016\/10\/Don-Kichote-il.-J\u00f3zef-Wilko\u0144-2016.jpg 1151w\" sizes=\"(max-width: 300px) 100vw, 300px\" \/><\/p>\n<p><img loading=\"lazy\" class=\"alignnone size-medium wp-image-196\" src=\"https:\/\/fundacjawilkonia.pl\/wp-content\/uploads\/2016\/10\/wiecz\u00f3r-z-Don-Kichotem-J\u00f3zefa-Wilkonia-11.10.2016-300x200.jpg\" alt=\"wieczor-z-don-kichotem-jozefa-wilkonia-11-10-2016\" width=\"300\" height=\"200\" srcset=\"https:\/\/fundacjawilkonia.pl\/wp-content\/uploads\/2016\/10\/wiecz\u00f3r-z-Don-Kichotem-J\u00f3zefa-Wilkonia-11.10.2016-300x200.jpg 300w, https:\/\/fundacjawilkonia.pl\/wp-content\/uploads\/2016\/10\/wiecz\u00f3r-z-Don-Kichotem-J\u00f3zefa-Wilkonia-11.10.2016-768x512.jpg 768w, https:\/\/fundacjawilkonia.pl\/wp-content\/uploads\/2016\/10\/wiecz\u00f3r-z-Don-Kichotem-J\u00f3zefa-Wilkonia-11.10.2016-250x167.jpg 250w, https:\/\/fundacjawilkonia.pl\/wp-content\/uploads\/2016\/10\/wiecz\u00f3r-z-Don-Kichotem-J\u00f3zefa-Wilkonia-11.10.2016.jpg 800w\" sizes=\"(max-width: 300px) 100vw, 300px\" \/> <img loading=\"lazy\" class=\"alignnone size-medium wp-image-195\" src=\"https:\/\/fundacjawilkonia.pl\/wp-content\/uploads\/2016\/10\/4Don-Kichot-J\u00f3zef-podpisuje1JPG-300x200.jpg\" alt=\"4don-kichot-jozef-podpisuje1jpg\" width=\"300\" height=\"200\" srcset=\"https:\/\/fundacjawilkonia.pl\/wp-content\/uploads\/2016\/10\/4Don-Kichot-J\u00f3zef-podpisuje1JPG-300x200.jpg 300w, https:\/\/fundacjawilkonia.pl\/wp-content\/uploads\/2016\/10\/4Don-Kichot-J\u00f3zef-podpisuje1JPG-768x512.jpg 768w, https:\/\/fundacjawilkonia.pl\/wp-content\/uploads\/2016\/10\/4Don-Kichot-J\u00f3zef-podpisuje1JPG-1024x683.jpg 1024w, https:\/\/fundacjawilkonia.pl\/wp-content\/uploads\/2016\/10\/4Don-Kichot-J\u00f3zef-podpisuje1JPG-250x167.jpg 250w, https:\/\/fundacjawilkonia.pl\/wp-content\/uploads\/2016\/10\/4Don-Kichot-J\u00f3zef-podpisuje1JPG.jpg 1179w\" sizes=\"(max-width: 300px) 100vw, 300px\" \/> <img loading=\"lazy\" class=\"alignnone size-medium wp-image-194\" src=\"https:\/\/fundacjawilkonia.pl\/wp-content\/uploads\/2016\/10\/3Don-Kichot-J\u00f3zef-i-Artur-Maja-Komorowska11.10-2016-1-300x200.jpg\" alt=\"3don-kichot-jozef-i-artur-maja-komorowska11-10-2016-1\" width=\"300\" height=\"200\" srcset=\"https:\/\/fundacjawilkonia.pl\/wp-content\/uploads\/2016\/10\/3Don-Kichot-J\u00f3zef-i-Artur-Maja-Komorowska11.10-2016-1-300x200.jpg 300w, https:\/\/fundacjawilkonia.pl\/wp-content\/uploads\/2016\/10\/3Don-Kichot-J\u00f3zef-i-Artur-Maja-Komorowska11.10-2016-1-768x512.jpg 768w, https:\/\/fundacjawilkonia.pl\/wp-content\/uploads\/2016\/10\/3Don-Kichot-J\u00f3zef-i-Artur-Maja-Komorowska11.10-2016-1-250x167.jpg 250w, https:\/\/fundacjawilkonia.pl\/wp-content\/uploads\/2016\/10\/3Don-Kichot-J\u00f3zef-i-Artur-Maja-Komorowska11.10-2016-1.jpg 1011w\" sizes=\"(max-width: 300px) 100vw, 300px\" \/> <img loading=\"lazy\" class=\"alignnone size-medium wp-image-193\" src=\"https:\/\/fundacjawilkonia.pl\/wp-content\/uploads\/2016\/10\/1Don-Kichot-wszyscy-z-J\u00f3zefem-11.10-2016.3G-300x200.jpg\" alt=\"1don-kichot-wszyscy-z-jozefem-11-10-2016-3g\" width=\"300\" height=\"200\" srcset=\"https:\/\/fundacjawilkonia.pl\/wp-content\/uploads\/2016\/10\/1Don-Kichot-wszyscy-z-J\u00f3zefem-11.10-2016.3G-300x200.jpg 300w, https:\/\/fundacjawilkonia.pl\/wp-content\/uploads\/2016\/10\/1Don-Kichot-wszyscy-z-J\u00f3zefem-11.10-2016.3G-768x512.jpg 768w, https:\/\/fundacjawilkonia.pl\/wp-content\/uploads\/2016\/10\/1Don-Kichot-wszyscy-z-J\u00f3zefem-11.10-2016.3G-1024x683.jpg 1024w, https:\/\/fundacjawilkonia.pl\/wp-content\/uploads\/2016\/10\/1Don-Kichot-wszyscy-z-J\u00f3zefem-11.10-2016.3G-250x167.jpg 250w, https:\/\/fundacjawilkonia.pl\/wp-content\/uploads\/2016\/10\/1Don-Kichot-wszyscy-z-J\u00f3zefem-11.10-2016.3G.jpg 1123w\" sizes=\"(max-width: 300px) 100vw, 300px\" \/><\/p>\n<p>11 pa\u017adziernika w Studiu Lutos\u0142awskiego w Warszawie odby\u0142a si\u0119 uroczysta inauguracja wydania &#8222;Don Kuchote&#8221; z ilustracjami J\u00f3zefa Wilkonia .Go\u015bci przywita\u0142 Artur Matys wiceprezes Fundacji Chain wydawca ksi\u0105\u017cki. Wicemienister Kultury i Dziedzictwa Narodowego w kr\u00f3tkim przem\u00f3wieniu wyrazi\u0142 podziw dla tw\u00f3rczo\u015bci artysty, Ambasador Kr\u00f3lestwa Hiszpanii w Polsce podzi\u0119kowa\u0142 J\u00f3zefowi Wilkoniowi za to ,ze dzi\u0119ki jego wizji Don Kichot b\u0119dzie cz\u0119\u015bciej go\u015bci\u0142 w polskich domach. Cz\u0119\u015b\u0107 artystyczna prowadzi\u0142 Pawe\u0142 Siwek. Us\u0142yszeli\u015bmy Suite Manuela de Fala &#8222;EL PANO moruno&#8221; w wykonaniu duetu Oliwia Grabowska (fortepian) i Aleksander Tomaszewicz (wiolonczela) Fragmenty Don Kichote czyta\u0142a Maja Komorowska Dialogi Don Kichota i Sanczo Pansy wykonali Robert Kowalski i Marek G\u0105siorek. Us\u0142yszeli\u015bmy pie\u015bn z The Comical History of Don Quixote ze s\u0142owami Thomasa d Ufrey w wykonaniu Artura Jandy( bas-baryton) Liliana Stawarz (klawesyn) Maciej \u0141ukaszczuk (wiolonczela)<br \/>\noraz us\u0142yszeli\u015bmy monolog Marceli w wykonaniu Wiktori Wola\u0144skiej i we wspania\u0142ym wykonaniu Micha\u0142a Nagy koncert Joaquino Rodrigo ,En Los Trigales<\/p>\n<p>(foto Radek \u015awietlik ifot. Seweryn Chlebi\u0144ski)<\/p>\n","protected":false},"excerpt":{"rendered":"<p>11 pa\u017adziernika w Studiu Lutos\u0142awskiego w Warszawie odby\u0142a si\u0119 uroczysta inauguracja wydania &#8222;Don Kuchote&#8221; z ilustracjami J\u00f3zefa Wilkonia .Go\u015bci przywita\u0142 [&hellip;]<\/p>\n","protected":false},"author":2,"featured_media":198,"comment_status":"open","ping_status":"open","sticky":false,"template":"","format":"standard","meta":[],"categories":[1],"tags":[],"yoast_head":"<!-- This site is optimized with the Yoast SEO plugin v19.4 - https:\/\/yoast.com\/wordpress\/plugins\/seo\/ -->\n<title>Inauguracja wydania &quot;Don Kuchote&quot; z ilustracjami J\u00f3zefa Wilkonia w Warszawie - Fundacja \u201eArka\u201d im. J\u00f3zefa Wilkonia<\/title>\n<meta name=\"robots\" content=\"index, follow, max-snippet:-1, max-image-preview:large, max-video-preview:-1\" \/>\n<link rel=\"canonical\" href=\"https:\/\/fundacjawilkonia.pl\/index.php\/2016\/10\/20\/inauguracja-wydania-don-kuchote-z-ilustracjami-jozefa-wilkonia-w-warszawie\/\" \/>\n<meta property=\"og:locale\" content=\"pl_PL\" \/>\n<meta property=\"og:type\" content=\"article\" \/>\n<meta property=\"og:title\" content=\"Inauguracja wydania &quot;Don Kuchote&quot; z ilustracjami J\u00f3zefa Wilkonia w Warszawie - Fundacja \u201eArka\u201d im. J\u00f3zefa Wilkonia\" \/>\n<meta property=\"og:description\" content=\"11 pa\u017adziernika w Studiu Lutos\u0142awskiego w Warszawie odby\u0142a si\u0119 uroczysta inauguracja wydania &#8222;Don Kuchote&#8221; z ilustracjami J\u00f3zefa Wilkonia .Go\u015bci przywita\u0142 [&hellip;]\" \/>\n<meta property=\"og:url\" content=\"https:\/\/fundacjawilkonia.pl\/index.php\/2016\/10\/20\/inauguracja-wydania-don-kuchote-z-ilustracjami-jozefa-wilkonia-w-warszawie\/\" \/>\n<meta property=\"og:site_name\" content=\"Fundacja \u201eArka\u201d im. J\u00f3zefa Wilkonia\" \/>\n<meta property=\"article:publisher\" content=\"https:\/\/www.facebook.com\/Fundacja-Wilkonia-221788084540934\/\" \/>\n<meta property=\"article:published_time\" content=\"2016-10-20T20:10:24+00:00\" \/>\n<meta property=\"article:modified_time\" content=\"2016-10-20T20:10:42+00:00\" \/>\n<meta property=\"og:image\" content=\"https:\/\/i0.wp.com\/fundacjawilkonia.pl\/wp-content\/uploads\/2016\/10\/Don-Kichote-il.-J\u00f3zef-Wilko\u0144-2016.jpg?fit=1151%2C675&ssl=1\" \/>\n\t<meta property=\"og:image:width\" content=\"1151\" \/>\n\t<meta property=\"og:image:height\" content=\"675\" \/>\n\t<meta property=\"og:image:type\" content=\"image\/jpeg\" \/>\n<meta name=\"author\" content=\"Blanka Wyszy\u0144ska-Walczak\" \/>\n<meta name=\"twitter:card\" content=\"summary_large_image\" \/>\n<meta name=\"twitter:creator\" content=\"@fundacjawilkoni\" \/>\n<meta name=\"twitter:site\" content=\"@fundacjawilkoni\" \/>\n<meta name=\"twitter:label1\" content=\"Napisane przez\" \/>\n\t<meta name=\"twitter:data1\" content=\"Blanka Wyszy\u0144ska-Walczak\" \/>\n\t<meta name=\"twitter:label2\" content=\"Szacowany czas czytania\" \/>\n\t<meta name=\"twitter:data2\" content=\"1 minuta\" \/>\n<script type=\"application\/ld+json\" class=\"yoast-schema-graph\">{\"@context\":\"https:\/\/schema.org\",\"@graph\":[{\"@type\":\"Organization\",\"@id\":\"https:\/\/fundacjawilkonia.pl\/#organization\",\"name\":\"Fundacja \\\"Arka\\\" im. J\u00f3zefa Wilkonia\",\"url\":\"https:\/\/fundacjawilkonia.pl\/\",\"sameAs\":[\"https:\/\/www.instagram.com\/fundacjawilkonia\/?hl=pl\",\"https:\/\/www.facebook.com\/Fundacja-Wilkonia-221788084540934\/\",\"https:\/\/twitter.com\/fundacjawilkoni\"],\"logo\":{\"@type\":\"ImageObject\",\"inLanguage\":\"pl-PL\",\"@id\":\"https:\/\/fundacjawilkonia.pl\/#\/schema\/logo\/image\/\",\"url\":\"https:\/\/i2.wp.com\/fundacjawilkonia.pl\/wp-content\/uploads\/2016\/09\/10987396_771520442901026_1174624827528049836_n.png?fit=790%2C593&ssl=1\",\"contentUrl\":\"https:\/\/i2.wp.com\/fundacjawilkonia.pl\/wp-content\/uploads\/2016\/09\/10987396_771520442901026_1174624827528049836_n.png?fit=790%2C593&ssl=1\",\"width\":790,\"height\":593,\"caption\":\"Fundacja \\\"Arka\\\" im. J\u00f3zefa Wilkonia\"},\"image\":{\"@id\":\"https:\/\/fundacjawilkonia.pl\/#\/schema\/logo\/image\/\"}},{\"@type\":\"WebSite\",\"@id\":\"https:\/\/fundacjawilkonia.pl\/#website\",\"url\":\"https:\/\/fundacjawilkonia.pl\/\",\"name\":\"Fundacja \u201eArka\u201d im. J\u00f3zefa Wilkonia\",\"description\":\"G\u0142\u00f3wnym celem fundacji jest ochrona i promocja dorobku artystycznego J\u00f3zefa Wilkonia i og\u00f3lnych warto\u015bci zwi\u0105zanych ze sztukami pi\u0119knymi, a w szczeg\u00f3lno\u015bci ilustratorstwem i sztuk\u0105 edytorsk\u0105.\",\"publisher\":{\"@id\":\"https:\/\/fundacjawilkonia.pl\/#organization\"},\"potentialAction\":[{\"@type\":\"SearchAction\",\"target\":{\"@type\":\"EntryPoint\",\"urlTemplate\":\"https:\/\/fundacjawilkonia.pl\/?s={search_term_string}\"},\"query-input\":\"required name=search_term_string\"}],\"inLanguage\":\"pl-PL\"},{\"@type\":\"WebPage\",\"@id\":\"https:\/\/fundacjawilkonia.pl\/index.php\/2016\/10\/20\/inauguracja-wydania-don-kuchote-z-ilustracjami-jozefa-wilkonia-w-warszawie\/\",\"url\":\"https:\/\/fundacjawilkonia.pl\/index.php\/2016\/10\/20\/inauguracja-wydania-don-kuchote-z-ilustracjami-jozefa-wilkonia-w-warszawie\/\",\"name\":\"Inauguracja wydania \\\"Don Kuchote\\\" z ilustracjami J\u00f3zefa Wilkonia w Warszawie - Fundacja \u201eArka\u201d im. J\u00f3zefa Wilkonia\",\"isPartOf\":{\"@id\":\"https:\/\/fundacjawilkonia.pl\/#website\"},\"datePublished\":\"2016-10-20T20:10:24+00:00\",\"dateModified\":\"2016-10-20T20:10:42+00:00\",\"breadcrumb\":{\"@id\":\"https:\/\/fundacjawilkonia.pl\/index.php\/2016\/10\/20\/inauguracja-wydania-don-kuchote-z-ilustracjami-jozefa-wilkonia-w-warszawie\/#breadcrumb\"},\"inLanguage\":\"pl-PL\",\"potentialAction\":[{\"@type\":\"ReadAction\",\"target\":[\"https:\/\/fundacjawilkonia.pl\/index.php\/2016\/10\/20\/inauguracja-wydania-don-kuchote-z-ilustracjami-jozefa-wilkonia-w-warszawie\/\"]}]},{\"@type\":\"BreadcrumbList\",\"@id\":\"https:\/\/fundacjawilkonia.pl\/index.php\/2016\/10\/20\/inauguracja-wydania-don-kuchote-z-ilustracjami-jozefa-wilkonia-w-warszawie\/#breadcrumb\",\"itemListElement\":[{\"@type\":\"ListItem\",\"position\":1,\"name\":\"Strona g\u0142\u00f3wna\",\"item\":\"https:\/\/fundacjawilkonia.pl\/\"},{\"@type\":\"ListItem\",\"position\":2,\"name\":\"Inauguracja wydania &#8222;Don Kuchote&#8221; z ilustracjami J\u00f3zefa Wilkonia w Warszawie\"}]},{\"@type\":\"Article\",\"@id\":\"https:\/\/fundacjawilkonia.pl\/index.php\/2016\/10\/20\/inauguracja-wydania-don-kuchote-z-ilustracjami-jozefa-wilkonia-w-warszawie\/#article\",\"isPartOf\":{\"@id\":\"https:\/\/fundacjawilkonia.pl\/index.php\/2016\/10\/20\/inauguracja-wydania-don-kuchote-z-ilustracjami-jozefa-wilkonia-w-warszawie\/\"},\"author\":{\"name\":\"Blanka Wyszy\u0144ska-Walczak\",\"@id\":\"https:\/\/fundacjawilkonia.pl\/#\/schema\/person\/79109e804e49d669b075ce06b2ef94a7\"},\"headline\":\"Inauguracja wydania &#8222;Don Kuchote&#8221; z ilustracjami J\u00f3zefa Wilkonia w Warszawie\",\"datePublished\":\"2016-10-20T20:10:24+00:00\",\"dateModified\":\"2016-10-20T20:10:42+00:00\",\"mainEntityOfPage\":{\"@id\":\"https:\/\/fundacjawilkonia.pl\/index.php\/2016\/10\/20\/inauguracja-wydania-don-kuchote-z-ilustracjami-jozefa-wilkonia-w-warszawie\/\"},\"wordCount\":195,\"commentCount\":0,\"publisher\":{\"@id\":\"https:\/\/fundacjawilkonia.pl\/#organization\"},\"inLanguage\":\"pl-PL\"},{\"@type\":\"Person\",\"@id\":\"https:\/\/fundacjawilkonia.pl\/#\/schema\/person\/79109e804e49d669b075ce06b2ef94a7\",\"name\":\"Blanka Wyszy\u0144ska-Walczak\",\"image\":{\"@type\":\"ImageObject\",\"inLanguage\":\"pl-PL\",\"@id\":\"https:\/\/fundacjawilkonia.pl\/#\/schema\/person\/image\/\",\"url\":\"https:\/\/secure.gravatar.com\/avatar\/30db7325a34bb69fd3ff7c2370949b39?s=96&d=mm&r=g\",\"contentUrl\":\"https:\/\/secure.gravatar.com\/avatar\/30db7325a34bb69fd3ff7c2370949b39?s=96&d=mm&r=g\",\"caption\":\"Blanka Wyszy\u0144ska-Walczak\"}}]}<\/script>\n<!-- \/ Yoast SEO plugin. -->","yoast_head_json":{"title":"Inauguracja wydania \"Don Kuchote\" z ilustracjami J\u00f3zefa Wilkonia w Warszawie - Fundacja \u201eArka\u201d im. J\u00f3zefa Wilkonia","robots":{"index":"index","follow":"follow","max-snippet":"max-snippet:-1","max-image-preview":"max-image-preview:large","max-video-preview":"max-video-preview:-1"},"canonical":"https:\/\/fundacjawilkonia.pl\/index.php\/2016\/10\/20\/inauguracja-wydania-don-kuchote-z-ilustracjami-jozefa-wilkonia-w-warszawie\/","og_locale":"pl_PL","og_type":"article","og_title":"Inauguracja wydania \"Don Kuchote\" z ilustracjami J\u00f3zefa Wilkonia w Warszawie - Fundacja \u201eArka\u201d im. J\u00f3zefa Wilkonia","og_description":"11 pa\u017adziernika w Studiu Lutos\u0142awskiego w Warszawie odby\u0142a si\u0119 uroczysta inauguracja wydania &#8222;Don Kuchote&#8221; z ilustracjami J\u00f3zefa Wilkonia .Go\u015bci przywita\u0142 [&hellip;]","og_url":"https:\/\/fundacjawilkonia.pl\/index.php\/2016\/10\/20\/inauguracja-wydania-don-kuchote-z-ilustracjami-jozefa-wilkonia-w-warszawie\/","og_site_name":"Fundacja \u201eArka\u201d im. J\u00f3zefa Wilkonia","article_publisher":"https:\/\/www.facebook.com\/Fundacja-Wilkonia-221788084540934\/","article_published_time":"2016-10-20T20:10:24+00:00","article_modified_time":"2016-10-20T20:10:42+00:00","og_image":[{"width":1151,"height":675,"url":"https:\/\/i0.wp.com\/fundacjawilkonia.pl\/wp-content\/uploads\/2016\/10\/Don-Kichote-il.-J\u00f3zef-Wilko\u0144-2016.jpg?fit=1151%2C675&ssl=1","type":"image\/jpeg"}],"author":"Blanka Wyszy\u0144ska-Walczak","twitter_card":"summary_large_image","twitter_creator":"@fundacjawilkoni","twitter_site":"@fundacjawilkoni","twitter_misc":{"Napisane przez":"Blanka Wyszy\u0144ska-Walczak","Szacowany czas czytania":"1 minuta"},"schema":{"@context":"https:\/\/schema.org","@graph":[{"@type":"Organization","@id":"https:\/\/fundacjawilkonia.pl\/#organization","name":"Fundacja \"Arka\" im. J\u00f3zefa Wilkonia","url":"https:\/\/fundacjawilkonia.pl\/","sameAs":["https:\/\/www.instagram.com\/fundacjawilkonia\/?hl=pl","https:\/\/www.facebook.com\/Fundacja-Wilkonia-221788084540934\/","https:\/\/twitter.com\/fundacjawilkoni"],"logo":{"@type":"ImageObject","inLanguage":"pl-PL","@id":"https:\/\/fundacjawilkonia.pl\/#\/schema\/logo\/image\/","url":"https:\/\/i2.wp.com\/fundacjawilkonia.pl\/wp-content\/uploads\/2016\/09\/10987396_771520442901026_1174624827528049836_n.png?fit=790%2C593&ssl=1","contentUrl":"https:\/\/i2.wp.com\/fundacjawilkonia.pl\/wp-content\/uploads\/2016\/09\/10987396_771520442901026_1174624827528049836_n.png?fit=790%2C593&ssl=1","width":790,"height":593,"caption":"Fundacja \"Arka\" im. J\u00f3zefa Wilkonia"},"image":{"@id":"https:\/\/fundacjawilkonia.pl\/#\/schema\/logo\/image\/"}},{"@type":"WebSite","@id":"https:\/\/fundacjawilkonia.pl\/#website","url":"https:\/\/fundacjawilkonia.pl\/","name":"Fundacja \u201eArka\u201d im. J\u00f3zefa Wilkonia","description":"G\u0142\u00f3wnym celem fundacji jest ochrona i promocja dorobku artystycznego J\u00f3zefa Wilkonia i og\u00f3lnych warto\u015bci zwi\u0105zanych ze sztukami pi\u0119knymi, a w szczeg\u00f3lno\u015bci ilustratorstwem i sztuk\u0105 edytorsk\u0105.","publisher":{"@id":"https:\/\/fundacjawilkonia.pl\/#organization"},"potentialAction":[{"@type":"SearchAction","target":{"@type":"EntryPoint","urlTemplate":"https:\/\/fundacjawilkonia.pl\/?s={search_term_string}"},"query-input":"required name=search_term_string"}],"inLanguage":"pl-PL"},{"@type":"WebPage","@id":"https:\/\/fundacjawilkonia.pl\/index.php\/2016\/10\/20\/inauguracja-wydania-don-kuchote-z-ilustracjami-jozefa-wilkonia-w-warszawie\/","url":"https:\/\/fundacjawilkonia.pl\/index.php\/2016\/10\/20\/inauguracja-wydania-don-kuchote-z-ilustracjami-jozefa-wilkonia-w-warszawie\/","name":"Inauguracja wydania \"Don Kuchote\" z ilustracjami J\u00f3zefa Wilkonia w Warszawie - Fundacja \u201eArka\u201d im. J\u00f3zefa Wilkonia","isPartOf":{"@id":"https:\/\/fundacjawilkonia.pl\/#website"},"datePublished":"2016-10-20T20:10:24+00:00","dateModified":"2016-10-20T20:10:42+00:00","breadcrumb":{"@id":"https:\/\/fundacjawilkonia.pl\/index.php\/2016\/10\/20\/inauguracja-wydania-don-kuchote-z-ilustracjami-jozefa-wilkonia-w-warszawie\/#breadcrumb"},"inLanguage":"pl-PL","potentialAction":[{"@type":"ReadAction","target":["https:\/\/fundacjawilkonia.pl\/index.php\/2016\/10\/20\/inauguracja-wydania-don-kuchote-z-ilustracjami-jozefa-wilkonia-w-warszawie\/"]}]},{"@type":"BreadcrumbList","@id":"https:\/\/fundacjawilkonia.pl\/index.php\/2016\/10\/20\/inauguracja-wydania-don-kuchote-z-ilustracjami-jozefa-wilkonia-w-warszawie\/#breadcrumb","itemListElement":[{"@type":"ListItem","position":1,"name":"Strona g\u0142\u00f3wna","item":"https:\/\/fundacjawilkonia.pl\/"},{"@type":"ListItem","position":2,"name":"Inauguracja wydania &#8222;Don Kuchote&#8221; z ilustracjami J\u00f3zefa Wilkonia w Warszawie"}]},{"@type":"Article","@id":"https:\/\/fundacjawilkonia.pl\/index.php\/2016\/10\/20\/inauguracja-wydania-don-kuchote-z-ilustracjami-jozefa-wilkonia-w-warszawie\/#article","isPartOf":{"@id":"https:\/\/fundacjawilkonia.pl\/index.php\/2016\/10\/20\/inauguracja-wydania-don-kuchote-z-ilustracjami-jozefa-wilkonia-w-warszawie\/"},"author":{"name":"Blanka Wyszy\u0144ska-Walczak","@id":"https:\/\/fundacjawilkonia.pl\/#\/schema\/person\/79109e804e49d669b075ce06b2ef94a7"},"headline":"Inauguracja wydania &#8222;Don Kuchote&#8221; z ilustracjami J\u00f3zefa Wilkonia w Warszawie","datePublished":"2016-10-20T20:10:24+00:00","dateModified":"2016-10-20T20:10:42+00:00","mainEntityOfPage":{"@id":"https:\/\/fundacjawilkonia.pl\/index.php\/2016\/10\/20\/inauguracja-wydania-don-kuchote-z-ilustracjami-jozefa-wilkonia-w-warszawie\/"},"wordCount":195,"commentCount":0,"publisher":{"@id":"https:\/\/fundacjawilkonia.pl\/#organization"},"inLanguage":"pl-PL"},{"@type":"Person","@id":"https:\/\/fundacjawilkonia.pl\/#\/schema\/person\/79109e804e49d669b075ce06b2ef94a7","name":"Blanka Wyszy\u0144ska-Walczak","image":{"@type":"ImageObject","inLanguage":"pl-PL","@id":"https:\/\/fundacjawilkonia.pl\/#\/schema\/person\/image\/","url":"https:\/\/secure.gravatar.com\/avatar\/30db7325a34bb69fd3ff7c2370949b39?s=96&d=mm&r=g","contentUrl":"https:\/\/secure.gravatar.com\/avatar\/30db7325a34bb69fd3ff7c2370949b39?s=96&d=mm&r=g","caption":"Blanka Wyszy\u0144ska-Walczak"}}]}},"_links":{"self":[{"href":"https:\/\/fundacjawilkonia.pl\/index.php\/wp-json\/wp\/v2\/posts\/201"}],"collection":[{"href":"https:\/\/fundacjawilkonia.pl\/index.php\/wp-json\/wp\/v2\/posts"}],"about":[{"href":"https:\/\/fundacjawilkonia.pl\/index.php\/wp-json\/wp\/v2\/types\/post"}],"author":[{"embeddable":true,"href":"https:\/\/fundacjawilkonia.pl\/index.php\/wp-json\/wp\/v2\/users\/2"}],"replies":[{"embeddable":true,"href":"https:\/\/fundacjawilkonia.pl\/index.php\/wp-json\/wp\/v2\/comments?post=201"}],"version-history":[{"count":0,"href":"https:\/\/fundacjawilkonia.pl\/index.php\/wp-json\/wp\/v2\/posts\/201\/revisions"}],"wp:featuredmedia":[{"embeddable":true,"href":"https:\/\/fundacjawilkonia.pl\/index.php\/wp-json\/wp\/v2\/media\/198"}],"wp:attachment":[{"href":"https:\/\/fundacjawilkonia.pl\/index.php\/wp-json\/wp\/v2\/media?parent=201"}],"wp:term":[{"taxonomy":"category","embeddable":true,"href":"https:\/\/fundacjawilkonia.pl\/index.php\/wp-json\/wp\/v2\/categories?post=201"},{"taxonomy":"post_tag","embeddable":true,"href":"https:\/\/fundacjawilkonia.pl\/index.php\/wp-json\/wp\/v2\/tags?post=201"}],"curies":[{"name":"wp","href":"https:\/\/api.w.org\/{rel}","templated":true}]}}