{"id":243,"date":"2016-12-30T17:33:09","date_gmt":"2016-12-30T16:33:09","guid":{"rendered":"https:\/\/fundacjawilkonia.pl\/?p=243"},"modified":"2016-12-30T17:33:09","modified_gmt":"2016-12-30T16:33:09","slug":"jozef-wilkon-w-wieliczce-wystawa-w-centrum-kultury-10-12-2016-do-20-01-2017","status":"publish","type":"post","link":"https:\/\/fundacjawilkonia.pl\/index.php\/2016\/12\/30\/jozef-wilkon-w-wieliczce-wystawa-w-centrum-kultury-10-12-2016-do-20-01-2017\/","title":{"rendered":"J\u00f3zef Wilko\u0144 w Wieliczce wystawa w Centrum Kultury 10.12.2016 do 20.01.2017"},"content":{"rendered":"<style type=\"text\/css\">\n\t<!-- @page { size: 21cm 29.7cm; margin: 2cm } P { margin-bottom: 0.21cm } --><br \/>\t<\/style>\n<p><span style=\"font-family: 'Courier New', monospace;\">Wystawa J\u00f3zefa Wilkonia w Wieliczce ma szczeg\u00f3lny kontekst. J\u00f3zef Wilko\u0144 urodzi\u0142 si\u0119 w roku 1930 w Bogucicach, w\u00f3wczas podwielickiej wiosce obecnie stanowi\u0105cej cz\u0119\u015b\u0107 miasta.<\/span><\/p>\n<p><span style=\"font-family: 'Courier New', monospace;\">Miejsce przyj\u015bcia na \u015bwiat jest oczywistym sk\u0142adnikiem biografii ka\u017cdego cz\u0142owieka. W przypadku os\u00f3b obdarzonych wyj\u0105tkowymi talentami znacznie wa\u017cniejsze jest miejsce gdzie rodzi si\u0119 artysta, jego wra\u017cliwo\u015b\u0107 i duchowa moc, kt\u00f3rych emanacj\u0105 s\u0105 jego dzie\u0142a. Wilko\u0144 wielokrotnie podkre\u015bla\u0142, \u017ce w\u0142a\u015bnie lata dzieci\u0144stwa sp\u0119dzone pod Wieliczk\u0105 ukszta\u0142towa\u0142y jego postrzeganie natury. Zwa\u017cywszy jak istotn\u0105 rol\u0119 odgrywa ona w jego tw\u00f3rczo\u015bci mo\u017cna powiedzie\u0107, \u017ce r\u00f3wnie\u017c wytyczy\u0142y artystyczny kierunek, w kt\u00f3rym pod\u0105\u017cy\u0142. Prezentacja prac w Wieliczce jest dla J\u00f3zefa Wilkonia nie tylko sentymentalnym powrotem do miejsc swojego dzieci\u0144stwa, ale tak\u017ce do tego wszystkiego, co rozpocz\u0119\u0142o proces kszta\u0142towania jego wyobra\u017ani. Dla mieszka\u0144c\u00f3w miasta mo\u017cliwo\u015bci\u0105 poszukania w dzie\u0142ach J\u00f3zefa Wilkonia zaczynu wyniesionego z tutejszych p\u00f3l, las\u00f3w i okolic.<\/span><\/p>\n<p><span style=\"font-family: 'Courier New', monospace;\">Ekspozycja z szerokiego dorobku J\u00f3zefa Wilkonia prezentuje kilkadziesi\u0105t ilustracji i kilka rze\u017ab. To nieprzypadkowy wyb\u00f3r i po\u0142\u0105czenie. Ilustracja przynios\u0142a arty\u015bcie z Bogucic \u015bwiatow\u0105 s\u0142aw\u0119, a w jego r\u0119kach nawet rze\u017aba potrafi si\u0119 ni\u0105 sta\u0107. Rysunki, grafiki, malarstwo i wreszcie rze\u017aby powstaj\u0105ce jako ilustracje rodz\u0105 si\u0119 w relacji do s\u0142owa, ale s\u0105 samodzielnymi dzie\u0142ami sztuki. Niezwyk\u0142ymi o tyle, \u017ce artysta wyra\u017ca nie tylko siebie, ale tak\u017ce opowiada jak\u0105\u015b histori\u0119, przekazuje zwi\u0105zane z ni\u0105 emocje. A to wymaga odnalezienia j\u0119zyka wsp\u00f3lnego z odbiorc\u0105. Dodajmy odbiorc\u0105 bardzo licznym. To w\u0142a\u015bnie ta druga niezwyk\u0142o\u015b\u0107 dzie\u0142 ilustratorskich &#8211; \u0142atwo po nie si\u0119gn\u0105\u0107, cho\u0107 orygina\u0142y s\u0105 rozrzucone, jak w przypadku J\u00f3zefa Wilkonia, po muzeach i prywatnych kolekcjach ca\u0142ego \u015bwiata. Ksi\u0105\u017cki, kt\u00f3re ozdabiaj\u0105 s\u0105 jak ma\u0142e, dost\u0119pne ka\u017cdemu kolekcje sztuki.<\/span><\/p>\n<p><span style=\"font-family: 'Courier New', monospace;\">Wiele napisano o otwarto\u015bci wizualnego j\u0119zyka J\u00f3zefa Wilkonia w ilustrowaniu dzie\u0142 literackich \u2013 \u017ce nie ogranicza wyobra\u017ani czytelnika, nie dopowiada tekstu. O formie trafiaj\u0105cej do emocjonalno\u015bci niezale\u017cnie od wieku odbiorcy. Wystawa prac w Centrum Kultury i Turystyki w Wieliczce przy Rynku G\u00f3rnym 6 jest okazj\u0105, aby si\u0119 o tym przekona\u0107 w kontakcie z orygina\u0142ami prac znanymi nam z odtworze\u0144 w tak licznych publikacjach.<\/span><\/p>\n<p><span style=\"font-family: 'Courier New', monospace;\">Wystawa w Wieliczce by\u0142a pragnieniem J\u00f3zefa Wilkonia od dawna, jej realizacj\u0119 przyj\u0105\u0142 z rado\u015bci\u0105.<\/span><\/p>\n<p><span style=\"font-family: 'Courier New', monospace;\">tekst Jan Kerden<\/span><\/p>\n<p><img loading=\"lazy\" class=\"alignnone size-medium wp-image-254\" src=\"https:\/\/fundacjawilkonia.pl\/wp-content\/uploads\/2016\/12\/15492253_1160095384043528_1414079570620651297_n-300x200.jpg\" alt=\"15492253_1160095384043528_1414079570620651297_n\" width=\"300\" height=\"200\" srcset=\"https:\/\/fundacjawilkonia.pl\/wp-content\/uploads\/2016\/12\/15492253_1160095384043528_1414079570620651297_n-300x200.jpg 300w, https:\/\/fundacjawilkonia.pl\/wp-content\/uploads\/2016\/12\/15492253_1160095384043528_1414079570620651297_n-768x513.jpg 768w, https:\/\/fundacjawilkonia.pl\/wp-content\/uploads\/2016\/12\/15492253_1160095384043528_1414079570620651297_n-250x167.jpg 250w, https:\/\/fundacjawilkonia.pl\/wp-content\/uploads\/2016\/12\/15492253_1160095384043528_1414079570620651297_n.jpg 903w\" sizes=\"(max-width: 300px) 100vw, 300px\" \/> <img loading=\"lazy\" class=\"alignnone size-medium wp-image-253\" src=\"https:\/\/fundacjawilkonia.pl\/wp-content\/uploads\/2016\/12\/15492144_1160094310710302_204719131376370392_n-300x200.jpg\" alt=\"15492144_1160094310710302_204719131376370392_n\" width=\"300\" height=\"200\" srcset=\"https:\/\/fundacjawilkonia.pl\/wp-content\/uploads\/2016\/12\/15492144_1160094310710302_204719131376370392_n-300x200.jpg 300w, https:\/\/fundacjawilkonia.pl\/wp-content\/uploads\/2016\/12\/15492144_1160094310710302_204719131376370392_n-250x167.jpg 250w, https:\/\/fundacjawilkonia.pl\/wp-content\/uploads\/2016\/12\/15492144_1160094310710302_204719131376370392_n.jpg 720w\" sizes=\"(max-width: 300px) 100vw, 300px\" \/> <img loading=\"lazy\" class=\"alignnone size-medium wp-image-252\" src=\"https:\/\/fundacjawilkonia.pl\/wp-content\/uploads\/2016\/12\/15439699_1160095024043564_3853479189997094425_n-300x200.jpg\" alt=\"15439699_1160095024043564_3853479189997094425_n\" width=\"300\" height=\"200\" srcset=\"https:\/\/fundacjawilkonia.pl\/wp-content\/uploads\/2016\/12\/15439699_1160095024043564_3853479189997094425_n-300x200.jpg 300w, https:\/\/fundacjawilkonia.pl\/wp-content\/uploads\/2016\/12\/15439699_1160095024043564_3853479189997094425_n-250x167.jpg 250w, https:\/\/fundacjawilkonia.pl\/wp-content\/uploads\/2016\/12\/15439699_1160095024043564_3853479189997094425_n.jpg 624w\" sizes=\"(max-width: 300px) 100vw, 300px\" \/> <img loading=\"lazy\" class=\"alignnone size-medium wp-image-251\" src=\"https:\/\/fundacjawilkonia.pl\/wp-content\/uploads\/2016\/12\/15420805_1160094724043594_8476332851320916276_n-300x200.jpg\" alt=\"15420805_1160094724043594_8476332851320916276_n\" width=\"300\" height=\"200\" srcset=\"https:\/\/fundacjawilkonia.pl\/wp-content\/uploads\/2016\/12\/15420805_1160094724043594_8476332851320916276_n-300x200.jpg 300w, https:\/\/fundacjawilkonia.pl\/wp-content\/uploads\/2016\/12\/15420805_1160094724043594_8476332851320916276_n-768x512.jpg 768w, https:\/\/fundacjawilkonia.pl\/wp-content\/uploads\/2016\/12\/15420805_1160094724043594_8476332851320916276_n-250x167.jpg 250w, https:\/\/fundacjawilkonia.pl\/wp-content\/uploads\/2016\/12\/15420805_1160094724043594_8476332851320916276_n.jpg 846w\" sizes=\"(max-width: 300px) 100vw, 300px\" \/> <img loading=\"lazy\" class=\"alignnone size-medium wp-image-250\" src=\"https:\/\/fundacjawilkonia.pl\/wp-content\/uploads\/2016\/12\/15380831_1160095297376870_7174726667988564521_n-300x200.jpg\" alt=\"15380831_1160095297376870_7174726667988564521_n\" width=\"300\" height=\"200\" srcset=\"https:\/\/fundacjawilkonia.pl\/wp-content\/uploads\/2016\/12\/15380831_1160095297376870_7174726667988564521_n-300x200.jpg 300w, https:\/\/fundacjawilkonia.pl\/wp-content\/uploads\/2016\/12\/15380831_1160095297376870_7174726667988564521_n-768x512.jpg 768w, https:\/\/fundacjawilkonia.pl\/wp-content\/uploads\/2016\/12\/15380831_1160095297376870_7174726667988564521_n-250x167.jpg 250w, https:\/\/fundacjawilkonia.pl\/wp-content\/uploads\/2016\/12\/15380831_1160095297376870_7174726667988564521_n.jpg 774w\" sizes=\"(max-width: 300px) 100vw, 300px\" \/> <img loading=\"lazy\" class=\"alignnone size-medium wp-image-248\" src=\"https:\/\/fundacjawilkonia.pl\/wp-content\/uploads\/2016\/12\/15380571_1160094630710270_1032424597545081653_n-300x200.jpg\" alt=\"15380571_1160094630710270_1032424597545081653_n\" width=\"300\" height=\"200\" srcset=\"https:\/\/fundacjawilkonia.pl\/wp-content\/uploads\/2016\/12\/15380571_1160094630710270_1032424597545081653_n-300x200.jpg 300w, https:\/\/fundacjawilkonia.pl\/wp-content\/uploads\/2016\/12\/15380571_1160094630710270_1032424597545081653_n-250x167.jpg 250w, https:\/\/fundacjawilkonia.pl\/wp-content\/uploads\/2016\/12\/15380571_1160094630710270_1032424597545081653_n.jpg 752w\" sizes=\"(max-width: 300px) 100vw, 300px\" \/> <img loading=\"lazy\" class=\"alignnone size-medium wp-image-244\" src=\"https:\/\/fundacjawilkonia.pl\/wp-content\/uploads\/2016\/12\/15541575_1160094920710241_9201580507151079531_n-200x300.jpg\" alt=\"15541575_1160094920710241_9201580507151079531_n\" width=\"200\" height=\"300\" srcset=\"https:\/\/fundacjawilkonia.pl\/wp-content\/uploads\/2016\/12\/15541575_1160094920710241_9201580507151079531_n-200x300.jpg 200w, https:\/\/fundacjawilkonia.pl\/wp-content\/uploads\/2016\/12\/15541575_1160094920710241_9201580507151079531_n-167x250.jpg 167w, https:\/\/fundacjawilkonia.pl\/wp-content\/uploads\/2016\/12\/15541575_1160094920710241_9201580507151079531_n.jpg 308w\" sizes=\"(max-width: 200px) 100vw, 200px\" \/> <img loading=\"lazy\" class=\"alignnone size-medium wp-image-245\" src=\"https:\/\/fundacjawilkonia.pl\/wp-content\/uploads\/2016\/12\/15349570_1160095140710219_7414062230210834626_n-300x200.jpg\" alt=\"15349570_1160095140710219_7414062230210834626_n\" width=\"300\" height=\"200\" srcset=\"https:\/\/fundacjawilkonia.pl\/wp-content\/uploads\/2016\/12\/15349570_1160095140710219_7414062230210834626_n-300x200.jpg 300w, https:\/\/fundacjawilkonia.pl\/wp-content\/uploads\/2016\/12\/15349570_1160095140710219_7414062230210834626_n-768x513.jpg 768w, https:\/\/fundacjawilkonia.pl\/wp-content\/uploads\/2016\/12\/15349570_1160095140710219_7414062230210834626_n-250x167.jpg 250w, https:\/\/fundacjawilkonia.pl\/wp-content\/uploads\/2016\/12\/15349570_1160095140710219_7414062230210834626_n.jpg 903w\" sizes=\"(max-width: 300px) 100vw, 300px\" \/> <img loading=\"lazy\" class=\"alignnone size-medium wp-image-246\" src=\"https:\/\/fundacjawilkonia.pl\/wp-content\/uploads\/2016\/12\/15356588_1160095464043520_7164942426715312958_n-300x225.jpg\" alt=\"15356588_1160095464043520_7164942426715312958_n\" width=\"300\" height=\"225\" srcset=\"https:\/\/fundacjawilkonia.pl\/wp-content\/uploads\/2016\/12\/15356588_1160095464043520_7164942426715312958_n-300x225.jpg 300w, https:\/\/fundacjawilkonia.pl\/wp-content\/uploads\/2016\/12\/15356588_1160095464043520_7164942426715312958_n-768x576.jpg 768w, https:\/\/fundacjawilkonia.pl\/wp-content\/uploads\/2016\/12\/15356588_1160095464043520_7164942426715312958_n-250x188.jpg 250w, https:\/\/fundacjawilkonia.pl\/wp-content\/uploads\/2016\/12\/15356588_1160095464043520_7164942426715312958_n.jpg 800w\" sizes=\"(max-width: 300px) 100vw, 300px\" \/> <img loading=\"lazy\" class=\"alignnone size-medium wp-image-247\" src=\"https:\/\/fundacjawilkonia.pl\/wp-content\/uploads\/2016\/12\/15380481_1160095227376877_295956147891201534_n-300x200.jpg\" alt=\"15380481_1160095227376877_295956147891201534_n\" width=\"300\" height=\"200\" srcset=\"https:\/\/fundacjawilkonia.pl\/wp-content\/uploads\/2016\/12\/15380481_1160095227376877_295956147891201534_n-300x200.jpg 300w, https:\/\/fundacjawilkonia.pl\/wp-content\/uploads\/2016\/12\/15380481_1160095227376877_295956147891201534_n-768x512.jpg 768w, https:\/\/fundacjawilkonia.pl\/wp-content\/uploads\/2016\/12\/15380481_1160095227376877_295956147891201534_n-250x167.jpg 250w, https:\/\/fundacjawilkonia.pl\/wp-content\/uploads\/2016\/12\/15380481_1160095227376877_295956147891201534_n.jpg 841w\" sizes=\"(max-width: 300px) 100vw, 300px\" \/><\/p>\n<p>&nbsp;<\/p>\n","protected":false},"excerpt":{"rendered":"<p>Wystawa J\u00f3zefa Wilkonia w Wieliczce ma szczeg\u00f3lny kontekst. J\u00f3zef Wilko\u0144 urodzi\u0142 si\u0119 w roku 1930 w Bogucicach, w\u00f3wczas podwielickiej wiosce [&hellip;]<\/p>\n","protected":false},"author":2,"featured_media":249,"comment_status":"open","ping_status":"open","sticky":false,"template":"","format":"standard","meta":[],"categories":[1],"tags":[],"yoast_head":"<!-- This site is optimized with the Yoast SEO plugin v19.4 - https:\/\/yoast.com\/wordpress\/plugins\/seo\/ -->\n<title>J\u00f3zef Wilko\u0144 w Wieliczce wystawa w Centrum Kultury 10.12.2016 do 20.01.2017 - Fundacja \u201eArka\u201d im. J\u00f3zefa Wilkonia<\/title>\n<meta name=\"robots\" content=\"index, follow, max-snippet:-1, max-image-preview:large, max-video-preview:-1\" \/>\n<link rel=\"canonical\" href=\"https:\/\/fundacjawilkonia.pl\/index.php\/2016\/12\/30\/jozef-wilkon-w-wieliczce-wystawa-w-centrum-kultury-10-12-2016-do-20-01-2017\/\" \/>\n<meta property=\"og:locale\" content=\"pl_PL\" \/>\n<meta property=\"og:type\" content=\"article\" \/>\n<meta property=\"og:title\" content=\"J\u00f3zef Wilko\u0144 w Wieliczce wystawa w Centrum Kultury 10.12.2016 do 20.01.2017 - Fundacja \u201eArka\u201d im. J\u00f3zefa Wilkonia\" \/>\n<meta property=\"og:description\" content=\"Wystawa J\u00f3zefa Wilkonia w Wieliczce ma szczeg\u00f3lny kontekst. J\u00f3zef Wilko\u0144 urodzi\u0142 si\u0119 w roku 1930 w Bogucicach, w\u00f3wczas podwielickiej wiosce [&hellip;]\" \/>\n<meta property=\"og:url\" content=\"https:\/\/fundacjawilkonia.pl\/index.php\/2016\/12\/30\/jozef-wilkon-w-wieliczce-wystawa-w-centrum-kultury-10-12-2016-do-20-01-2017\/\" \/>\n<meta property=\"og:site_name\" content=\"Fundacja \u201eArka\u201d im. J\u00f3zefa Wilkonia\" \/>\n<meta property=\"article:publisher\" content=\"https:\/\/www.facebook.com\/Fundacja-Wilkonia-221788084540934\/\" \/>\n<meta property=\"article:published_time\" content=\"2016-12-30T16:33:09+00:00\" \/>\n<meta property=\"og:image\" content=\"https:\/\/i2.wp.com\/fundacjawilkonia.pl\/wp-content\/uploads\/2016\/12\/15380710_1160095337376866_6253153017231699588_n.jpg?fit=544%2C390&ssl=1\" \/>\n\t<meta property=\"og:image:width\" content=\"544\" \/>\n\t<meta property=\"og:image:height\" content=\"390\" \/>\n\t<meta property=\"og:image:type\" content=\"image\/jpeg\" \/>\n<meta name=\"author\" content=\"Blanka Wyszy\u0144ska-Walczak\" \/>\n<meta name=\"twitter:card\" content=\"summary_large_image\" \/>\n<meta name=\"twitter:creator\" content=\"@fundacjawilkoni\" \/>\n<meta name=\"twitter:site\" content=\"@fundacjawilkoni\" \/>\n<meta name=\"twitter:label1\" content=\"Napisane przez\" \/>\n\t<meta name=\"twitter:data1\" content=\"Blanka Wyszy\u0144ska-Walczak\" \/>\n\t<meta name=\"twitter:label2\" content=\"Szacowany czas czytania\" \/>\n\t<meta name=\"twitter:data2\" content=\"2 minuty\" \/>\n<script type=\"application\/ld+json\" class=\"yoast-schema-graph\">{\"@context\":\"https:\/\/schema.org\",\"@graph\":[{\"@type\":\"Organization\",\"@id\":\"https:\/\/fundacjawilkonia.pl\/#organization\",\"name\":\"Fundacja \\\"Arka\\\" im. J\u00f3zefa Wilkonia\",\"url\":\"https:\/\/fundacjawilkonia.pl\/\",\"sameAs\":[\"https:\/\/www.instagram.com\/fundacjawilkonia\/?hl=pl\",\"https:\/\/www.facebook.com\/Fundacja-Wilkonia-221788084540934\/\",\"https:\/\/twitter.com\/fundacjawilkoni\"],\"logo\":{\"@type\":\"ImageObject\",\"inLanguage\":\"pl-PL\",\"@id\":\"https:\/\/fundacjawilkonia.pl\/#\/schema\/logo\/image\/\",\"url\":\"https:\/\/i2.wp.com\/fundacjawilkonia.pl\/wp-content\/uploads\/2016\/09\/10987396_771520442901026_1174624827528049836_n.png?fit=790%2C593&ssl=1\",\"contentUrl\":\"https:\/\/i2.wp.com\/fundacjawilkonia.pl\/wp-content\/uploads\/2016\/09\/10987396_771520442901026_1174624827528049836_n.png?fit=790%2C593&ssl=1\",\"width\":790,\"height\":593,\"caption\":\"Fundacja \\\"Arka\\\" im. J\u00f3zefa Wilkonia\"},\"image\":{\"@id\":\"https:\/\/fundacjawilkonia.pl\/#\/schema\/logo\/image\/\"}},{\"@type\":\"WebSite\",\"@id\":\"https:\/\/fundacjawilkonia.pl\/#website\",\"url\":\"https:\/\/fundacjawilkonia.pl\/\",\"name\":\"Fundacja \u201eArka\u201d im. J\u00f3zefa Wilkonia\",\"description\":\"G\u0142\u00f3wnym celem fundacji jest ochrona i promocja dorobku artystycznego J\u00f3zefa Wilkonia i og\u00f3lnych warto\u015bci zwi\u0105zanych ze sztukami pi\u0119knymi, a w szczeg\u00f3lno\u015bci ilustratorstwem i sztuk\u0105 edytorsk\u0105.\",\"publisher\":{\"@id\":\"https:\/\/fundacjawilkonia.pl\/#organization\"},\"potentialAction\":[{\"@type\":\"SearchAction\",\"target\":{\"@type\":\"EntryPoint\",\"urlTemplate\":\"https:\/\/fundacjawilkonia.pl\/?s={search_term_string}\"},\"query-input\":\"required name=search_term_string\"}],\"inLanguage\":\"pl-PL\"},{\"@type\":\"WebPage\",\"@id\":\"https:\/\/fundacjawilkonia.pl\/index.php\/2016\/12\/30\/jozef-wilkon-w-wieliczce-wystawa-w-centrum-kultury-10-12-2016-do-20-01-2017\/\",\"url\":\"https:\/\/fundacjawilkonia.pl\/index.php\/2016\/12\/30\/jozef-wilkon-w-wieliczce-wystawa-w-centrum-kultury-10-12-2016-do-20-01-2017\/\",\"name\":\"J\u00f3zef Wilko\u0144 w Wieliczce wystawa w Centrum Kultury 10.12.2016 do 20.01.2017 - Fundacja \u201eArka\u201d im. J\u00f3zefa Wilkonia\",\"isPartOf\":{\"@id\":\"https:\/\/fundacjawilkonia.pl\/#website\"},\"datePublished\":\"2016-12-30T16:33:09+00:00\",\"dateModified\":\"2016-12-30T16:33:09+00:00\",\"breadcrumb\":{\"@id\":\"https:\/\/fundacjawilkonia.pl\/index.php\/2016\/12\/30\/jozef-wilkon-w-wieliczce-wystawa-w-centrum-kultury-10-12-2016-do-20-01-2017\/#breadcrumb\"},\"inLanguage\":\"pl-PL\",\"potentialAction\":[{\"@type\":\"ReadAction\",\"target\":[\"https:\/\/fundacjawilkonia.pl\/index.php\/2016\/12\/30\/jozef-wilkon-w-wieliczce-wystawa-w-centrum-kultury-10-12-2016-do-20-01-2017\/\"]}]},{\"@type\":\"BreadcrumbList\",\"@id\":\"https:\/\/fundacjawilkonia.pl\/index.php\/2016\/12\/30\/jozef-wilkon-w-wieliczce-wystawa-w-centrum-kultury-10-12-2016-do-20-01-2017\/#breadcrumb\",\"itemListElement\":[{\"@type\":\"ListItem\",\"position\":1,\"name\":\"Strona g\u0142\u00f3wna\",\"item\":\"https:\/\/fundacjawilkonia.pl\/\"},{\"@type\":\"ListItem\",\"position\":2,\"name\":\"J\u00f3zef Wilko\u0144 w Wieliczce wystawa w Centrum Kultury 10.12.2016 do 20.01.2017\"}]},{\"@type\":\"Article\",\"@id\":\"https:\/\/fundacjawilkonia.pl\/index.php\/2016\/12\/30\/jozef-wilkon-w-wieliczce-wystawa-w-centrum-kultury-10-12-2016-do-20-01-2017\/#article\",\"isPartOf\":{\"@id\":\"https:\/\/fundacjawilkonia.pl\/index.php\/2016\/12\/30\/jozef-wilkon-w-wieliczce-wystawa-w-centrum-kultury-10-12-2016-do-20-01-2017\/\"},\"author\":{\"name\":\"Blanka Wyszy\u0144ska-Walczak\",\"@id\":\"https:\/\/fundacjawilkonia.pl\/#\/schema\/person\/79109e804e49d669b075ce06b2ef94a7\"},\"headline\":\"J\u00f3zef Wilko\u0144 w Wieliczce wystawa w Centrum Kultury 10.12.2016 do 20.01.2017\",\"datePublished\":\"2016-12-30T16:33:09+00:00\",\"dateModified\":\"2016-12-30T16:33:09+00:00\",\"mainEntityOfPage\":{\"@id\":\"https:\/\/fundacjawilkonia.pl\/index.php\/2016\/12\/30\/jozef-wilkon-w-wieliczce-wystawa-w-centrum-kultury-10-12-2016-do-20-01-2017\/\"},\"wordCount\":434,\"commentCount\":0,\"publisher\":{\"@id\":\"https:\/\/fundacjawilkonia.pl\/#organization\"},\"inLanguage\":\"pl-PL\"},{\"@type\":\"Person\",\"@id\":\"https:\/\/fundacjawilkonia.pl\/#\/schema\/person\/79109e804e49d669b075ce06b2ef94a7\",\"name\":\"Blanka Wyszy\u0144ska-Walczak\",\"image\":{\"@type\":\"ImageObject\",\"inLanguage\":\"pl-PL\",\"@id\":\"https:\/\/fundacjawilkonia.pl\/#\/schema\/person\/image\/\",\"url\":\"https:\/\/secure.gravatar.com\/avatar\/30db7325a34bb69fd3ff7c2370949b39?s=96&d=mm&r=g\",\"contentUrl\":\"https:\/\/secure.gravatar.com\/avatar\/30db7325a34bb69fd3ff7c2370949b39?s=96&d=mm&r=g\",\"caption\":\"Blanka Wyszy\u0144ska-Walczak\"}}]}<\/script>\n<!-- \/ Yoast SEO plugin. -->","yoast_head_json":{"title":"J\u00f3zef Wilko\u0144 w Wieliczce wystawa w Centrum Kultury 10.12.2016 do 20.01.2017 - Fundacja \u201eArka\u201d im. J\u00f3zefa Wilkonia","robots":{"index":"index","follow":"follow","max-snippet":"max-snippet:-1","max-image-preview":"max-image-preview:large","max-video-preview":"max-video-preview:-1"},"canonical":"https:\/\/fundacjawilkonia.pl\/index.php\/2016\/12\/30\/jozef-wilkon-w-wieliczce-wystawa-w-centrum-kultury-10-12-2016-do-20-01-2017\/","og_locale":"pl_PL","og_type":"article","og_title":"J\u00f3zef Wilko\u0144 w Wieliczce wystawa w Centrum Kultury 10.12.2016 do 20.01.2017 - Fundacja \u201eArka\u201d im. J\u00f3zefa Wilkonia","og_description":"Wystawa J\u00f3zefa Wilkonia w Wieliczce ma szczeg\u00f3lny kontekst. J\u00f3zef Wilko\u0144 urodzi\u0142 si\u0119 w roku 1930 w Bogucicach, w\u00f3wczas podwielickiej wiosce [&hellip;]","og_url":"https:\/\/fundacjawilkonia.pl\/index.php\/2016\/12\/30\/jozef-wilkon-w-wieliczce-wystawa-w-centrum-kultury-10-12-2016-do-20-01-2017\/","og_site_name":"Fundacja \u201eArka\u201d im. J\u00f3zefa Wilkonia","article_publisher":"https:\/\/www.facebook.com\/Fundacja-Wilkonia-221788084540934\/","article_published_time":"2016-12-30T16:33:09+00:00","og_image":[{"width":544,"height":390,"url":"https:\/\/i2.wp.com\/fundacjawilkonia.pl\/wp-content\/uploads\/2016\/12\/15380710_1160095337376866_6253153017231699588_n.jpg?fit=544%2C390&ssl=1","type":"image\/jpeg"}],"author":"Blanka Wyszy\u0144ska-Walczak","twitter_card":"summary_large_image","twitter_creator":"@fundacjawilkoni","twitter_site":"@fundacjawilkoni","twitter_misc":{"Napisane przez":"Blanka Wyszy\u0144ska-Walczak","Szacowany czas czytania":"2 minuty"},"schema":{"@context":"https:\/\/schema.org","@graph":[{"@type":"Organization","@id":"https:\/\/fundacjawilkonia.pl\/#organization","name":"Fundacja \"Arka\" im. J\u00f3zefa Wilkonia","url":"https:\/\/fundacjawilkonia.pl\/","sameAs":["https:\/\/www.instagram.com\/fundacjawilkonia\/?hl=pl","https:\/\/www.facebook.com\/Fundacja-Wilkonia-221788084540934\/","https:\/\/twitter.com\/fundacjawilkoni"],"logo":{"@type":"ImageObject","inLanguage":"pl-PL","@id":"https:\/\/fundacjawilkonia.pl\/#\/schema\/logo\/image\/","url":"https:\/\/i2.wp.com\/fundacjawilkonia.pl\/wp-content\/uploads\/2016\/09\/10987396_771520442901026_1174624827528049836_n.png?fit=790%2C593&ssl=1","contentUrl":"https:\/\/i2.wp.com\/fundacjawilkonia.pl\/wp-content\/uploads\/2016\/09\/10987396_771520442901026_1174624827528049836_n.png?fit=790%2C593&ssl=1","width":790,"height":593,"caption":"Fundacja \"Arka\" im. J\u00f3zefa Wilkonia"},"image":{"@id":"https:\/\/fundacjawilkonia.pl\/#\/schema\/logo\/image\/"}},{"@type":"WebSite","@id":"https:\/\/fundacjawilkonia.pl\/#website","url":"https:\/\/fundacjawilkonia.pl\/","name":"Fundacja \u201eArka\u201d im. J\u00f3zefa Wilkonia","description":"G\u0142\u00f3wnym celem fundacji jest ochrona i promocja dorobku artystycznego J\u00f3zefa Wilkonia i og\u00f3lnych warto\u015bci zwi\u0105zanych ze sztukami pi\u0119knymi, a w szczeg\u00f3lno\u015bci ilustratorstwem i sztuk\u0105 edytorsk\u0105.","publisher":{"@id":"https:\/\/fundacjawilkonia.pl\/#organization"},"potentialAction":[{"@type":"SearchAction","target":{"@type":"EntryPoint","urlTemplate":"https:\/\/fundacjawilkonia.pl\/?s={search_term_string}"},"query-input":"required name=search_term_string"}],"inLanguage":"pl-PL"},{"@type":"WebPage","@id":"https:\/\/fundacjawilkonia.pl\/index.php\/2016\/12\/30\/jozef-wilkon-w-wieliczce-wystawa-w-centrum-kultury-10-12-2016-do-20-01-2017\/","url":"https:\/\/fundacjawilkonia.pl\/index.php\/2016\/12\/30\/jozef-wilkon-w-wieliczce-wystawa-w-centrum-kultury-10-12-2016-do-20-01-2017\/","name":"J\u00f3zef Wilko\u0144 w Wieliczce wystawa w Centrum Kultury 10.12.2016 do 20.01.2017 - Fundacja \u201eArka\u201d im. J\u00f3zefa Wilkonia","isPartOf":{"@id":"https:\/\/fundacjawilkonia.pl\/#website"},"datePublished":"2016-12-30T16:33:09+00:00","dateModified":"2016-12-30T16:33:09+00:00","breadcrumb":{"@id":"https:\/\/fundacjawilkonia.pl\/index.php\/2016\/12\/30\/jozef-wilkon-w-wieliczce-wystawa-w-centrum-kultury-10-12-2016-do-20-01-2017\/#breadcrumb"},"inLanguage":"pl-PL","potentialAction":[{"@type":"ReadAction","target":["https:\/\/fundacjawilkonia.pl\/index.php\/2016\/12\/30\/jozef-wilkon-w-wieliczce-wystawa-w-centrum-kultury-10-12-2016-do-20-01-2017\/"]}]},{"@type":"BreadcrumbList","@id":"https:\/\/fundacjawilkonia.pl\/index.php\/2016\/12\/30\/jozef-wilkon-w-wieliczce-wystawa-w-centrum-kultury-10-12-2016-do-20-01-2017\/#breadcrumb","itemListElement":[{"@type":"ListItem","position":1,"name":"Strona g\u0142\u00f3wna","item":"https:\/\/fundacjawilkonia.pl\/"},{"@type":"ListItem","position":2,"name":"J\u00f3zef Wilko\u0144 w Wieliczce wystawa w Centrum Kultury 10.12.2016 do 20.01.2017"}]},{"@type":"Article","@id":"https:\/\/fundacjawilkonia.pl\/index.php\/2016\/12\/30\/jozef-wilkon-w-wieliczce-wystawa-w-centrum-kultury-10-12-2016-do-20-01-2017\/#article","isPartOf":{"@id":"https:\/\/fundacjawilkonia.pl\/index.php\/2016\/12\/30\/jozef-wilkon-w-wieliczce-wystawa-w-centrum-kultury-10-12-2016-do-20-01-2017\/"},"author":{"name":"Blanka Wyszy\u0144ska-Walczak","@id":"https:\/\/fundacjawilkonia.pl\/#\/schema\/person\/79109e804e49d669b075ce06b2ef94a7"},"headline":"J\u00f3zef Wilko\u0144 w Wieliczce wystawa w Centrum Kultury 10.12.2016 do 20.01.2017","datePublished":"2016-12-30T16:33:09+00:00","dateModified":"2016-12-30T16:33:09+00:00","mainEntityOfPage":{"@id":"https:\/\/fundacjawilkonia.pl\/index.php\/2016\/12\/30\/jozef-wilkon-w-wieliczce-wystawa-w-centrum-kultury-10-12-2016-do-20-01-2017\/"},"wordCount":434,"commentCount":0,"publisher":{"@id":"https:\/\/fundacjawilkonia.pl\/#organization"},"inLanguage":"pl-PL"},{"@type":"Person","@id":"https:\/\/fundacjawilkonia.pl\/#\/schema\/person\/79109e804e49d669b075ce06b2ef94a7","name":"Blanka Wyszy\u0144ska-Walczak","image":{"@type":"ImageObject","inLanguage":"pl-PL","@id":"https:\/\/fundacjawilkonia.pl\/#\/schema\/person\/image\/","url":"https:\/\/secure.gravatar.com\/avatar\/30db7325a34bb69fd3ff7c2370949b39?s=96&d=mm&r=g","contentUrl":"https:\/\/secure.gravatar.com\/avatar\/30db7325a34bb69fd3ff7c2370949b39?s=96&d=mm&r=g","caption":"Blanka Wyszy\u0144ska-Walczak"}}]}},"_links":{"self":[{"href":"https:\/\/fundacjawilkonia.pl\/index.php\/wp-json\/wp\/v2\/posts\/243"}],"collection":[{"href":"https:\/\/fundacjawilkonia.pl\/index.php\/wp-json\/wp\/v2\/posts"}],"about":[{"href":"https:\/\/fundacjawilkonia.pl\/index.php\/wp-json\/wp\/v2\/types\/post"}],"author":[{"embeddable":true,"href":"https:\/\/fundacjawilkonia.pl\/index.php\/wp-json\/wp\/v2\/users\/2"}],"replies":[{"embeddable":true,"href":"https:\/\/fundacjawilkonia.pl\/index.php\/wp-json\/wp\/v2\/comments?post=243"}],"version-history":[{"count":0,"href":"https:\/\/fundacjawilkonia.pl\/index.php\/wp-json\/wp\/v2\/posts\/243\/revisions"}],"wp:featuredmedia":[{"embeddable":true,"href":"https:\/\/fundacjawilkonia.pl\/index.php\/wp-json\/wp\/v2\/media\/249"}],"wp:attachment":[{"href":"https:\/\/fundacjawilkonia.pl\/index.php\/wp-json\/wp\/v2\/media?parent=243"}],"wp:term":[{"taxonomy":"category","embeddable":true,"href":"https:\/\/fundacjawilkonia.pl\/index.php\/wp-json\/wp\/v2\/categories?post=243"},{"taxonomy":"post_tag","embeddable":true,"href":"https:\/\/fundacjawilkonia.pl\/index.php\/wp-json\/wp\/v2\/tags?post=243"}],"curies":[{"name":"wp","href":"https:\/\/api.w.org\/{rel}","templated":true}]}}