{"id":274,"date":"2017-01-23T18:37:38","date_gmt":"2017-01-23T17:37:38","guid":{"rendered":"https:\/\/fundacjawilkonia.pl\/?p=274"},"modified":"2017-01-23T18:44:27","modified_gmt":"2017-01-23T17:44:27","slug":"wystawa-jozef-wilkon-don-kichotgaleria-opera-w-teatrze-wielkim-operze-narodowej16-01-05-03","status":"publish","type":"post","link":"https:\/\/fundacjawilkonia.pl\/index.php\/2017\/01\/23\/wystawa-jozef-wilkon-don-kichotgaleria-opera-w-teatrze-wielkim-operze-narodowej16-01-05-03\/","title":{"rendered":"Wystawa &#8221; J\u00f3zef Wilko\u0144, Don Kichot&#8221;Galeria Opera w Teatrze Wielkim- Operze Narodowej w Warszawie 26.01-05.03.2017"},"content":{"rendered":"<p><img loading=\"lazy\" class=\"alignnone size-medium wp-image-276\" src=\"\/\/fundacjawilkonia.pl\/wp-content\/uploads\/2017\/01\/RTEmagicC_Don_Kichote__Wilkon-220x300.jpg\" alt=\"\" width=\"220\" height=\"300\" srcset=\"https:\/\/fundacjawilkonia.pl\/wp-content\/uploads\/2017\/01\/RTEmagicC_Don_Kichote__Wilkon-220x300.jpg 220w, https:\/\/fundacjawilkonia.pl\/wp-content\/uploads\/2017\/01\/RTEmagicC_Don_Kichote__Wilkon-183x250.jpg 183w, https:\/\/fundacjawilkonia.pl\/wp-content\/uploads\/2017\/01\/RTEmagicC_Don_Kichote__Wilkon.jpg 733w\" sizes=\"(max-width: 220px) 100vw, 220px\" \/><\/p>\n<p><a href=\"http:\/\/teatrwielki.pl\/ludzie\/jozef-wilkon\" target=\"_blank\">J\u00f3zef Wilko\u0144<\/a> \u2013 \u00a0Tworz\u0105c ilustracje do\u00a0<em>Don Kichote\u00a0<\/em>zrealizowa\u0142 swoje kolejne marzenie. Zaprojektowana przez J\u00f3zefa Wilkonia ksi\u0105\u017cka Cervantesa to\u00a0jedno z\u00a0jego najwi\u0119kszych artystycznych osi\u0105gni\u0119\u0107. Temat b\u0142\u0119dnego rycerza pojawi\u0142 si\u0119 w\u00a0jego tw\u00f3rczo\u015bci ju\u017c na\u00a0pocz\u0105tku lat sze\u015b\u0107dziesi\u0105tych, ale dopiero na\u00a0przestrzeni ostatnich lat stworzy\u0142 pe\u0142n\u0105 i\u00a0jak twierdzi, jeszcze niezamkni\u0119t\u0105 kolekcj\u0119. Realizm spotyka si\u0119 w\u00a0niej z\u00a0ba\u015bniowo\u015bci\u0105, bogactwo kolor\u00f3w przeplata si\u0119 z\u00a0ilustracj\u0105 monochromatyczn\u0105, portrety uzupe\u0142niaj\u0105 sceny zbiorowe, a\u00a0kr\u00f3tki plan pojawia si\u0119 obok horyzontalnych pejza\u017cy.<\/p>\n<p>Na wystawie jest prezentowanych ponad 100 \u00a0prac malarskich i rze\u017cby \u00a0z drewna prezentuj\u0105ce\u00a0<em>Don Kichote i Sanczo Pansa .<\/em><\/p>\n","protected":false},"excerpt":{"rendered":"<p>J\u00f3zef Wilko\u0144 \u2013 \u00a0Tworz\u0105c ilustracje do\u00a0Don Kichote\u00a0zrealizowa\u0142 swoje kolejne marzenie. Zaprojektowana przez J\u00f3zefa Wilkonia ksi\u0105\u017cka Cervantesa to\u00a0jedno z\u00a0jego najwi\u0119kszych artystycznych [&hellip;]<\/p>\n","protected":false},"author":2,"featured_media":276,"comment_status":"open","ping_status":"open","sticky":false,"template":"","format":"standard","meta":[],"categories":[1],"tags":[],"yoast_head":"<!-- This site is optimized with the Yoast SEO plugin v19.4 - https:\/\/yoast.com\/wordpress\/plugins\/seo\/ -->\n<title>Wystawa &quot; J\u00f3zef Wilko\u0144, Don Kichot&quot;Galeria Opera w Teatrze Wielkim- Operze Narodowej w Warszawie 26.01-05.03.2017 - Fundacja \u201eArka\u201d im. J\u00f3zefa Wilkonia<\/title>\n<meta name=\"robots\" content=\"index, follow, max-snippet:-1, max-image-preview:large, max-video-preview:-1\" \/>\n<link rel=\"canonical\" href=\"https:\/\/fundacjawilkonia.pl\/index.php\/2017\/01\/23\/wystawa-jozef-wilkon-don-kichotgaleria-opera-w-teatrze-wielkim-operze-narodowej16-01-05-03\/\" \/>\n<meta property=\"og:locale\" content=\"pl_PL\" \/>\n<meta property=\"og:type\" content=\"article\" \/>\n<meta property=\"og:title\" content=\"Wystawa &quot; J\u00f3zef Wilko\u0144, Don Kichot&quot;Galeria Opera w Teatrze Wielkim- Operze Narodowej w Warszawie 26.01-05.03.2017 - Fundacja \u201eArka\u201d im. J\u00f3zefa Wilkonia\" \/>\n<meta property=\"og:description\" content=\"J\u00f3zef Wilko\u0144 \u2013 \u00a0Tworz\u0105c ilustracje do\u00a0Don Kichote\u00a0zrealizowa\u0142 swoje kolejne marzenie. Zaprojektowana przez J\u00f3zefa Wilkonia ksi\u0105\u017cka Cervantesa to\u00a0jedno z\u00a0jego najwi\u0119kszych artystycznych [&hellip;]\" \/>\n<meta property=\"og:url\" content=\"https:\/\/fundacjawilkonia.pl\/index.php\/2017\/01\/23\/wystawa-jozef-wilkon-don-kichotgaleria-opera-w-teatrze-wielkim-operze-narodowej16-01-05-03\/\" \/>\n<meta property=\"og:site_name\" content=\"Fundacja \u201eArka\u201d im. J\u00f3zefa Wilkonia\" \/>\n<meta property=\"article:publisher\" content=\"https:\/\/www.facebook.com\/Fundacja-Wilkonia-221788084540934\/\" \/>\n<meta property=\"article:published_time\" content=\"2017-01-23T17:37:38+00:00\" \/>\n<meta property=\"article:modified_time\" content=\"2017-01-23T17:44:27+00:00\" \/>\n<meta property=\"og:image\" content=\"https:\/\/i2.wp.com\/fundacjawilkonia.pl\/wp-content\/uploads\/2017\/01\/RTEmagicC_Don_Kichote__Wilkon.jpg?fit=733%2C1000&ssl=1\" \/>\n\t<meta property=\"og:image:width\" content=\"733\" \/>\n\t<meta property=\"og:image:height\" content=\"1000\" \/>\n\t<meta property=\"og:image:type\" content=\"image\/jpeg\" \/>\n<meta name=\"author\" content=\"Blanka Wyszy\u0144ska-Walczak\" \/>\n<meta name=\"twitter:card\" content=\"summary_large_image\" \/>\n<meta name=\"twitter:creator\" content=\"@fundacjawilkoni\" \/>\n<meta name=\"twitter:site\" content=\"@fundacjawilkoni\" \/>\n<meta name=\"twitter:label1\" content=\"Napisane przez\" \/>\n\t<meta name=\"twitter:data1\" content=\"Blanka Wyszy\u0144ska-Walczak\" \/>\n\t<meta name=\"twitter:label2\" content=\"Szacowany czas czytania\" \/>\n\t<meta name=\"twitter:data2\" content=\"1 minuta\" \/>\n<script type=\"application\/ld+json\" class=\"yoast-schema-graph\">{\"@context\":\"https:\/\/schema.org\",\"@graph\":[{\"@type\":\"Organization\",\"@id\":\"https:\/\/fundacjawilkonia.pl\/#organization\",\"name\":\"Fundacja \\\"Arka\\\" im. J\u00f3zefa Wilkonia\",\"url\":\"https:\/\/fundacjawilkonia.pl\/\",\"sameAs\":[\"https:\/\/www.instagram.com\/fundacjawilkonia\/?hl=pl\",\"https:\/\/www.facebook.com\/Fundacja-Wilkonia-221788084540934\/\",\"https:\/\/twitter.com\/fundacjawilkoni\"],\"logo\":{\"@type\":\"ImageObject\",\"inLanguage\":\"pl-PL\",\"@id\":\"https:\/\/fundacjawilkonia.pl\/#\/schema\/logo\/image\/\",\"url\":\"https:\/\/i2.wp.com\/fundacjawilkonia.pl\/wp-content\/uploads\/2016\/09\/10987396_771520442901026_1174624827528049836_n.png?fit=790%2C593&ssl=1\",\"contentUrl\":\"https:\/\/i2.wp.com\/fundacjawilkonia.pl\/wp-content\/uploads\/2016\/09\/10987396_771520442901026_1174624827528049836_n.png?fit=790%2C593&ssl=1\",\"width\":790,\"height\":593,\"caption\":\"Fundacja \\\"Arka\\\" im. J\u00f3zefa Wilkonia\"},\"image\":{\"@id\":\"https:\/\/fundacjawilkonia.pl\/#\/schema\/logo\/image\/\"}},{\"@type\":\"WebSite\",\"@id\":\"https:\/\/fundacjawilkonia.pl\/#website\",\"url\":\"https:\/\/fundacjawilkonia.pl\/\",\"name\":\"Fundacja \u201eArka\u201d im. J\u00f3zefa Wilkonia\",\"description\":\"G\u0142\u00f3wnym celem fundacji jest ochrona i promocja dorobku artystycznego J\u00f3zefa Wilkonia i og\u00f3lnych warto\u015bci zwi\u0105zanych ze sztukami pi\u0119knymi, a w szczeg\u00f3lno\u015bci ilustratorstwem i sztuk\u0105 edytorsk\u0105.\",\"publisher\":{\"@id\":\"https:\/\/fundacjawilkonia.pl\/#organization\"},\"potentialAction\":[{\"@type\":\"SearchAction\",\"target\":{\"@type\":\"EntryPoint\",\"urlTemplate\":\"https:\/\/fundacjawilkonia.pl\/?s={search_term_string}\"},\"query-input\":\"required name=search_term_string\"}],\"inLanguage\":\"pl-PL\"},{\"@type\":\"WebPage\",\"@id\":\"https:\/\/fundacjawilkonia.pl\/index.php\/2017\/01\/23\/wystawa-jozef-wilkon-don-kichotgaleria-opera-w-teatrze-wielkim-operze-narodowej16-01-05-03\/\",\"url\":\"https:\/\/fundacjawilkonia.pl\/index.php\/2017\/01\/23\/wystawa-jozef-wilkon-don-kichotgaleria-opera-w-teatrze-wielkim-operze-narodowej16-01-05-03\/\",\"name\":\"Wystawa \\\" J\u00f3zef Wilko\u0144, Don Kichot\\\"Galeria Opera w Teatrze Wielkim- Operze Narodowej w Warszawie 26.01-05.03.2017 - Fundacja \u201eArka\u201d im. J\u00f3zefa Wilkonia\",\"isPartOf\":{\"@id\":\"https:\/\/fundacjawilkonia.pl\/#website\"},\"datePublished\":\"2017-01-23T17:37:38+00:00\",\"dateModified\":\"2017-01-23T17:44:27+00:00\",\"breadcrumb\":{\"@id\":\"https:\/\/fundacjawilkonia.pl\/index.php\/2017\/01\/23\/wystawa-jozef-wilkon-don-kichotgaleria-opera-w-teatrze-wielkim-operze-narodowej16-01-05-03\/#breadcrumb\"},\"inLanguage\":\"pl-PL\",\"potentialAction\":[{\"@type\":\"ReadAction\",\"target\":[\"https:\/\/fundacjawilkonia.pl\/index.php\/2017\/01\/23\/wystawa-jozef-wilkon-don-kichotgaleria-opera-w-teatrze-wielkim-operze-narodowej16-01-05-03\/\"]}]},{\"@type\":\"BreadcrumbList\",\"@id\":\"https:\/\/fundacjawilkonia.pl\/index.php\/2017\/01\/23\/wystawa-jozef-wilkon-don-kichotgaleria-opera-w-teatrze-wielkim-operze-narodowej16-01-05-03\/#breadcrumb\",\"itemListElement\":[{\"@type\":\"ListItem\",\"position\":1,\"name\":\"Strona g\u0142\u00f3wna\",\"item\":\"https:\/\/fundacjawilkonia.pl\/\"},{\"@type\":\"ListItem\",\"position\":2,\"name\":\"Wystawa &#8221; J\u00f3zef Wilko\u0144, Don Kichot&#8221;Galeria Opera w Teatrze Wielkim- Operze Narodowej w Warszawie 26.01-05.03.2017\"}]},{\"@type\":\"Article\",\"@id\":\"https:\/\/fundacjawilkonia.pl\/index.php\/2017\/01\/23\/wystawa-jozef-wilkon-don-kichotgaleria-opera-w-teatrze-wielkim-operze-narodowej16-01-05-03\/#article\",\"isPartOf\":{\"@id\":\"https:\/\/fundacjawilkonia.pl\/index.php\/2017\/01\/23\/wystawa-jozef-wilkon-don-kichotgaleria-opera-w-teatrze-wielkim-operze-narodowej16-01-05-03\/\"},\"author\":{\"name\":\"Blanka Wyszy\u0144ska-Walczak\",\"@id\":\"https:\/\/fundacjawilkonia.pl\/#\/schema\/person\/79109e804e49d669b075ce06b2ef94a7\"},\"headline\":\"Wystawa &#8221; J\u00f3zef Wilko\u0144, Don Kichot&#8221;Galeria Opera w Teatrze Wielkim- Operze Narodowej w Warszawie 26.01-05.03.2017\",\"datePublished\":\"2017-01-23T17:37:38+00:00\",\"dateModified\":\"2017-01-23T17:44:27+00:00\",\"mainEntityOfPage\":{\"@id\":\"https:\/\/fundacjawilkonia.pl\/index.php\/2017\/01\/23\/wystawa-jozef-wilkon-don-kichotgaleria-opera-w-teatrze-wielkim-operze-narodowej16-01-05-03\/\"},\"wordCount\":132,\"commentCount\":0,\"publisher\":{\"@id\":\"https:\/\/fundacjawilkonia.pl\/#organization\"},\"inLanguage\":\"pl-PL\"},{\"@type\":\"Person\",\"@id\":\"https:\/\/fundacjawilkonia.pl\/#\/schema\/person\/79109e804e49d669b075ce06b2ef94a7\",\"name\":\"Blanka Wyszy\u0144ska-Walczak\",\"image\":{\"@type\":\"ImageObject\",\"inLanguage\":\"pl-PL\",\"@id\":\"https:\/\/fundacjawilkonia.pl\/#\/schema\/person\/image\/\",\"url\":\"https:\/\/secure.gravatar.com\/avatar\/30db7325a34bb69fd3ff7c2370949b39?s=96&d=mm&r=g\",\"contentUrl\":\"https:\/\/secure.gravatar.com\/avatar\/30db7325a34bb69fd3ff7c2370949b39?s=96&d=mm&r=g\",\"caption\":\"Blanka Wyszy\u0144ska-Walczak\"}}]}<\/script>\n<!-- \/ Yoast SEO plugin. -->","yoast_head_json":{"title":"Wystawa \" J\u00f3zef Wilko\u0144, Don Kichot\"Galeria Opera w Teatrze Wielkim- Operze Narodowej w Warszawie 26.01-05.03.2017 - Fundacja \u201eArka\u201d im. J\u00f3zefa Wilkonia","robots":{"index":"index","follow":"follow","max-snippet":"max-snippet:-1","max-image-preview":"max-image-preview:large","max-video-preview":"max-video-preview:-1"},"canonical":"https:\/\/fundacjawilkonia.pl\/index.php\/2017\/01\/23\/wystawa-jozef-wilkon-don-kichotgaleria-opera-w-teatrze-wielkim-operze-narodowej16-01-05-03\/","og_locale":"pl_PL","og_type":"article","og_title":"Wystawa \" J\u00f3zef Wilko\u0144, Don Kichot\"Galeria Opera w Teatrze Wielkim- Operze Narodowej w Warszawie 26.01-05.03.2017 - Fundacja \u201eArka\u201d im. J\u00f3zefa Wilkonia","og_description":"J\u00f3zef Wilko\u0144 \u2013 \u00a0Tworz\u0105c ilustracje do\u00a0Don Kichote\u00a0zrealizowa\u0142 swoje kolejne marzenie. Zaprojektowana przez J\u00f3zefa Wilkonia ksi\u0105\u017cka Cervantesa to\u00a0jedno z\u00a0jego najwi\u0119kszych artystycznych [&hellip;]","og_url":"https:\/\/fundacjawilkonia.pl\/index.php\/2017\/01\/23\/wystawa-jozef-wilkon-don-kichotgaleria-opera-w-teatrze-wielkim-operze-narodowej16-01-05-03\/","og_site_name":"Fundacja \u201eArka\u201d im. J\u00f3zefa Wilkonia","article_publisher":"https:\/\/www.facebook.com\/Fundacja-Wilkonia-221788084540934\/","article_published_time":"2017-01-23T17:37:38+00:00","article_modified_time":"2017-01-23T17:44:27+00:00","og_image":[{"width":733,"height":1000,"url":"https:\/\/i2.wp.com\/fundacjawilkonia.pl\/wp-content\/uploads\/2017\/01\/RTEmagicC_Don_Kichote__Wilkon.jpg?fit=733%2C1000&ssl=1","type":"image\/jpeg"}],"author":"Blanka Wyszy\u0144ska-Walczak","twitter_card":"summary_large_image","twitter_creator":"@fundacjawilkoni","twitter_site":"@fundacjawilkoni","twitter_misc":{"Napisane przez":"Blanka Wyszy\u0144ska-Walczak","Szacowany czas czytania":"1 minuta"},"schema":{"@context":"https:\/\/schema.org","@graph":[{"@type":"Organization","@id":"https:\/\/fundacjawilkonia.pl\/#organization","name":"Fundacja \"Arka\" im. J\u00f3zefa Wilkonia","url":"https:\/\/fundacjawilkonia.pl\/","sameAs":["https:\/\/www.instagram.com\/fundacjawilkonia\/?hl=pl","https:\/\/www.facebook.com\/Fundacja-Wilkonia-221788084540934\/","https:\/\/twitter.com\/fundacjawilkoni"],"logo":{"@type":"ImageObject","inLanguage":"pl-PL","@id":"https:\/\/fundacjawilkonia.pl\/#\/schema\/logo\/image\/","url":"https:\/\/i2.wp.com\/fundacjawilkonia.pl\/wp-content\/uploads\/2016\/09\/10987396_771520442901026_1174624827528049836_n.png?fit=790%2C593&ssl=1","contentUrl":"https:\/\/i2.wp.com\/fundacjawilkonia.pl\/wp-content\/uploads\/2016\/09\/10987396_771520442901026_1174624827528049836_n.png?fit=790%2C593&ssl=1","width":790,"height":593,"caption":"Fundacja \"Arka\" im. J\u00f3zefa Wilkonia"},"image":{"@id":"https:\/\/fundacjawilkonia.pl\/#\/schema\/logo\/image\/"}},{"@type":"WebSite","@id":"https:\/\/fundacjawilkonia.pl\/#website","url":"https:\/\/fundacjawilkonia.pl\/","name":"Fundacja \u201eArka\u201d im. J\u00f3zefa Wilkonia","description":"G\u0142\u00f3wnym celem fundacji jest ochrona i promocja dorobku artystycznego J\u00f3zefa Wilkonia i og\u00f3lnych warto\u015bci zwi\u0105zanych ze sztukami pi\u0119knymi, a w szczeg\u00f3lno\u015bci ilustratorstwem i sztuk\u0105 edytorsk\u0105.","publisher":{"@id":"https:\/\/fundacjawilkonia.pl\/#organization"},"potentialAction":[{"@type":"SearchAction","target":{"@type":"EntryPoint","urlTemplate":"https:\/\/fundacjawilkonia.pl\/?s={search_term_string}"},"query-input":"required name=search_term_string"}],"inLanguage":"pl-PL"},{"@type":"WebPage","@id":"https:\/\/fundacjawilkonia.pl\/index.php\/2017\/01\/23\/wystawa-jozef-wilkon-don-kichotgaleria-opera-w-teatrze-wielkim-operze-narodowej16-01-05-03\/","url":"https:\/\/fundacjawilkonia.pl\/index.php\/2017\/01\/23\/wystawa-jozef-wilkon-don-kichotgaleria-opera-w-teatrze-wielkim-operze-narodowej16-01-05-03\/","name":"Wystawa \" J\u00f3zef Wilko\u0144, Don Kichot\"Galeria Opera w Teatrze Wielkim- Operze Narodowej w Warszawie 26.01-05.03.2017 - Fundacja \u201eArka\u201d im. J\u00f3zefa Wilkonia","isPartOf":{"@id":"https:\/\/fundacjawilkonia.pl\/#website"},"datePublished":"2017-01-23T17:37:38+00:00","dateModified":"2017-01-23T17:44:27+00:00","breadcrumb":{"@id":"https:\/\/fundacjawilkonia.pl\/index.php\/2017\/01\/23\/wystawa-jozef-wilkon-don-kichotgaleria-opera-w-teatrze-wielkim-operze-narodowej16-01-05-03\/#breadcrumb"},"inLanguage":"pl-PL","potentialAction":[{"@type":"ReadAction","target":["https:\/\/fundacjawilkonia.pl\/index.php\/2017\/01\/23\/wystawa-jozef-wilkon-don-kichotgaleria-opera-w-teatrze-wielkim-operze-narodowej16-01-05-03\/"]}]},{"@type":"BreadcrumbList","@id":"https:\/\/fundacjawilkonia.pl\/index.php\/2017\/01\/23\/wystawa-jozef-wilkon-don-kichotgaleria-opera-w-teatrze-wielkim-operze-narodowej16-01-05-03\/#breadcrumb","itemListElement":[{"@type":"ListItem","position":1,"name":"Strona g\u0142\u00f3wna","item":"https:\/\/fundacjawilkonia.pl\/"},{"@type":"ListItem","position":2,"name":"Wystawa &#8221; J\u00f3zef Wilko\u0144, Don Kichot&#8221;Galeria Opera w Teatrze Wielkim- Operze Narodowej w Warszawie 26.01-05.03.2017"}]},{"@type":"Article","@id":"https:\/\/fundacjawilkonia.pl\/index.php\/2017\/01\/23\/wystawa-jozef-wilkon-don-kichotgaleria-opera-w-teatrze-wielkim-operze-narodowej16-01-05-03\/#article","isPartOf":{"@id":"https:\/\/fundacjawilkonia.pl\/index.php\/2017\/01\/23\/wystawa-jozef-wilkon-don-kichotgaleria-opera-w-teatrze-wielkim-operze-narodowej16-01-05-03\/"},"author":{"name":"Blanka Wyszy\u0144ska-Walczak","@id":"https:\/\/fundacjawilkonia.pl\/#\/schema\/person\/79109e804e49d669b075ce06b2ef94a7"},"headline":"Wystawa &#8221; J\u00f3zef Wilko\u0144, Don Kichot&#8221;Galeria Opera w Teatrze Wielkim- Operze Narodowej w Warszawie 26.01-05.03.2017","datePublished":"2017-01-23T17:37:38+00:00","dateModified":"2017-01-23T17:44:27+00:00","mainEntityOfPage":{"@id":"https:\/\/fundacjawilkonia.pl\/index.php\/2017\/01\/23\/wystawa-jozef-wilkon-don-kichotgaleria-opera-w-teatrze-wielkim-operze-narodowej16-01-05-03\/"},"wordCount":132,"commentCount":0,"publisher":{"@id":"https:\/\/fundacjawilkonia.pl\/#organization"},"inLanguage":"pl-PL"},{"@type":"Person","@id":"https:\/\/fundacjawilkonia.pl\/#\/schema\/person\/79109e804e49d669b075ce06b2ef94a7","name":"Blanka Wyszy\u0144ska-Walczak","image":{"@type":"ImageObject","inLanguage":"pl-PL","@id":"https:\/\/fundacjawilkonia.pl\/#\/schema\/person\/image\/","url":"https:\/\/secure.gravatar.com\/avatar\/30db7325a34bb69fd3ff7c2370949b39?s=96&d=mm&r=g","contentUrl":"https:\/\/secure.gravatar.com\/avatar\/30db7325a34bb69fd3ff7c2370949b39?s=96&d=mm&r=g","caption":"Blanka Wyszy\u0144ska-Walczak"}}]}},"_links":{"self":[{"href":"https:\/\/fundacjawilkonia.pl\/index.php\/wp-json\/wp\/v2\/posts\/274"}],"collection":[{"href":"https:\/\/fundacjawilkonia.pl\/index.php\/wp-json\/wp\/v2\/posts"}],"about":[{"href":"https:\/\/fundacjawilkonia.pl\/index.php\/wp-json\/wp\/v2\/types\/post"}],"author":[{"embeddable":true,"href":"https:\/\/fundacjawilkonia.pl\/index.php\/wp-json\/wp\/v2\/users\/2"}],"replies":[{"embeddable":true,"href":"https:\/\/fundacjawilkonia.pl\/index.php\/wp-json\/wp\/v2\/comments?post=274"}],"version-history":[{"count":0,"href":"https:\/\/fundacjawilkonia.pl\/index.php\/wp-json\/wp\/v2\/posts\/274\/revisions"}],"wp:featuredmedia":[{"embeddable":true,"href":"https:\/\/fundacjawilkonia.pl\/index.php\/wp-json\/wp\/v2\/media\/276"}],"wp:attachment":[{"href":"https:\/\/fundacjawilkonia.pl\/index.php\/wp-json\/wp\/v2\/media?parent=274"}],"wp:term":[{"taxonomy":"category","embeddable":true,"href":"https:\/\/fundacjawilkonia.pl\/index.php\/wp-json\/wp\/v2\/categories?post=274"},{"taxonomy":"post_tag","embeddable":true,"href":"https:\/\/fundacjawilkonia.pl\/index.php\/wp-json\/wp\/v2\/tags?post=274"}],"curies":[{"name":"wp","href":"https:\/\/api.w.org\/{rel}","templated":true}]}}