{"id":327,"date":"2017-02-10T18:31:20","date_gmt":"2017-02-10T17:31:20","guid":{"rendered":"https:\/\/fundacjawilkonia.pl\/?p=327"},"modified":"2017-02-10T18:34:38","modified_gmt":"2017-02-10T17:34:38","slug":"reportaz-z-wernisazu-wystawy-jozef-wilkon-don-kichotw-galerii-opera-teatr-narodowy","status":"publish","type":"post","link":"https:\/\/fundacjawilkonia.pl\/index.php\/2017\/02\/10\/reportaz-z-wernisazu-wystawy-jozef-wilkon-don-kichotw-galerii-opera-teatr-narodowy\/","title":{"rendered":"Reporta\u017c z wernisa\u017cu wystawy &#8222;J\u00f3zef Wilko\u0144 Don Kichot&#8221;w Galerii Opera Teatr Narodowy"},"content":{"rendered":"<p><img loading=\"lazy\" class=\"alignnone size-medium wp-image-323\" src=\"https:\/\/fundacjawilkonia.pl\/wp-content\/uploads\/2017\/02\/BEW1CC50218_lowres-300x200.jpg\" alt=\"\" width=\"300\" height=\"200\" srcset=\"https:\/\/fundacjawilkonia.pl\/wp-content\/uploads\/2017\/02\/BEW1CC50218_lowres-300x200.jpg 300w, https:\/\/fundacjawilkonia.pl\/wp-content\/uploads\/2017\/02\/BEW1CC50218_lowres-768x511.jpg 768w, https:\/\/fundacjawilkonia.pl\/wp-content\/uploads\/2017\/02\/BEW1CC50218_lowres-250x166.jpg 250w, https:\/\/fundacjawilkonia.pl\/wp-content\/uploads\/2017\/02\/BEW1CC50218_lowres.jpg 900w\" sizes=\"(max-width: 300px) 100vw, 300px\" \/> <img loading=\"lazy\" class=\"alignnone size-medium wp-image-334\" src=\"https:\/\/fundacjawilkonia.pl\/wp-content\/uploads\/2017\/02\/1-Wilko\u0144-Don-kichot-opera-i-Pitera-foto-Rad-\u015awietlik-300x200.jpg\" alt=\"\" width=\"300\" height=\"200\" srcset=\"https:\/\/fundacjawilkonia.pl\/wp-content\/uploads\/2017\/02\/1-Wilko\u0144-Don-kichot-opera-i-Pitera-foto-Rad-\u015awietlik-300x200.jpg 300w, https:\/\/fundacjawilkonia.pl\/wp-content\/uploads\/2017\/02\/1-Wilko\u0144-Don-kichot-opera-i-Pitera-foto-Rad-\u015awietlik-768x512.jpg 768w, https:\/\/fundacjawilkonia.pl\/wp-content\/uploads\/2017\/02\/1-Wilko\u0144-Don-kichot-opera-i-Pitera-foto-Rad-\u015awietlik-250x167.jpg 250w, https:\/\/fundacjawilkonia.pl\/wp-content\/uploads\/2017\/02\/1-Wilko\u0144-Don-kichot-opera-i-Pitera-foto-Rad-\u015awietlik.jpg 843w\" sizes=\"(max-width: 300px) 100vw, 300px\" \/><img loading=\"lazy\" class=\"alignnone size-medium wp-image-353\" src=\"\/\/fundacjawilkonia.pl\/wp-content\/uploads\/2017\/02\/1-Wilko\u0144-Don-kichot-opera-i-szncho-foto-Rad-\u015awietlik-200x300.jpg\" alt=\"\" width=\"200\" height=\"300\" srcset=\"https:\/\/fundacjawilkonia.pl\/wp-content\/uploads\/2017\/02\/1-Wilko\u0144-Don-kichot-opera-i-szncho-foto-Rad-\u015awietlik-200x300.jpg 200w, https:\/\/fundacjawilkonia.pl\/wp-content\/uploads\/2017\/02\/1-Wilko\u0144-Don-kichot-opera-i-szncho-foto-Rad-\u015awietlik-167x250.jpg 167w, https:\/\/fundacjawilkonia.pl\/wp-content\/uploads\/2017\/02\/1-Wilko\u0144-Don-kichot-opera-i-szncho-foto-Rad-\u015awietlik.jpg 562w\" sizes=\"(max-width: 200px) 100vw, 200px\" \/> <img loading=\"lazy\" class=\"alignnone size-medium wp-image-352\" src=\"\/\/fundacjawilkonia.pl\/wp-content\/uploads\/2017\/02\/1-Wilko\u0144-Don-kichot-opera-Z.Giersz-foto-Rad-\u015awietlik-200x300.jpg\" alt=\"\" width=\"200\" height=\"300\" srcset=\"https:\/\/fundacjawilkonia.pl\/wp-content\/uploads\/2017\/02\/1-Wilko\u0144-Don-kichot-opera-Z.Giersz-foto-Rad-\u015awietlik-200x300.jpg 200w, https:\/\/fundacjawilkonia.pl\/wp-content\/uploads\/2017\/02\/1-Wilko\u0144-Don-kichot-opera-Z.Giersz-foto-Rad-\u015awietlik-167x250.jpg 167w, https:\/\/fundacjawilkonia.pl\/wp-content\/uploads\/2017\/02\/1-Wilko\u0144-Don-kichot-opera-Z.Giersz-foto-Rad-\u015awietlik.jpg 562w\" sizes=\"(max-width: 200px) 100vw, 200px\" \/> <img loading=\"lazy\" class=\"alignnone size-medium wp-image-351\" src=\"\/\/fundacjawilkonia.pl\/wp-content\/uploads\/2017\/02\/01Wilko\u0144-Don-kichot-opera-foto-Rad-\u015awietlik-200x300.jpg\" alt=\"\" width=\"200\" height=\"300\" srcset=\"https:\/\/fundacjawilkonia.pl\/wp-content\/uploads\/2017\/02\/01Wilko\u0144-Don-kichot-opera-foto-Rad-\u015awietlik-200x300.jpg 200w, https:\/\/fundacjawilkonia.pl\/wp-content\/uploads\/2017\/02\/01Wilko\u0144-Don-kichot-opera-foto-Rad-\u015awietlik-167x250.jpg 167w, https:\/\/fundacjawilkonia.pl\/wp-content\/uploads\/2017\/02\/01Wilko\u0144-Don-kichot-opera-foto-Rad-\u015awietlik.jpg 562w\" sizes=\"(max-width: 200px) 100vw, 200px\" \/> <img loading=\"lazy\" class=\"alignnone size-medium wp-image-350\" src=\"\/\/fundacjawilkonia.pl\/wp-content\/uploads\/2017\/02\/1-Wilko\u0144-Don-kichot-operaiiii-foto-Rad-\u015awietlik-300x200.jpg\" alt=\"\" width=\"300\" height=\"200\" srcset=\"https:\/\/fundacjawilkonia.pl\/wp-content\/uploads\/2017\/02\/1-Wilko\u0144-Don-kichot-operaiiii-foto-Rad-\u015awietlik-300x200.jpg 300w, https:\/\/fundacjawilkonia.pl\/wp-content\/uploads\/2017\/02\/1-Wilko\u0144-Don-kichot-operaiiii-foto-Rad-\u015awietlik-768x512.jpg 768w, https:\/\/fundacjawilkonia.pl\/wp-content\/uploads\/2017\/02\/1-Wilko\u0144-Don-kichot-operaiiii-foto-Rad-\u015awietlik-250x167.jpg 250w, https:\/\/fundacjawilkonia.pl\/wp-content\/uploads\/2017\/02\/1-Wilko\u0144-Don-kichot-operaiiii-foto-Rad-\u015awietlik.jpg 843w\" sizes=\"(max-width: 300px) 100vw, 300px\" \/> <img loading=\"lazy\" class=\"alignnone size-medium wp-image-345\" src=\"\/\/fundacjawilkonia.pl\/wp-content\/uploads\/2017\/02\/1-Wilko\u0144-Don-kichot-opera-idzieci-foto-Rad-\u015awietlik-300x200.jpg\" alt=\"\" width=\"300\" height=\"200\" srcset=\"https:\/\/fundacjawilkonia.pl\/wp-content\/uploads\/2017\/02\/1-Wilko\u0144-Don-kichot-opera-idzieci-foto-Rad-\u015awietlik-300x200.jpg 300w, https:\/\/fundacjawilkonia.pl\/wp-content\/uploads\/2017\/02\/1-Wilko\u0144-Don-kichot-opera-idzieci-foto-Rad-\u015awietlik-768x512.jpg 768w, https:\/\/fundacjawilkonia.pl\/wp-content\/uploads\/2017\/02\/1-Wilko\u0144-Don-kichot-opera-idzieci-foto-Rad-\u015awietlik-250x167.jpg 250w, https:\/\/fundacjawilkonia.pl\/wp-content\/uploads\/2017\/02\/1-Wilko\u0144-Don-kichot-opera-idzieci-foto-Rad-\u015awietlik.jpg 843w\" sizes=\"(max-width: 300px) 100vw, 300px\" \/> <img loading=\"lazy\" class=\"alignnone size-medium wp-image-346\" src=\"\/\/fundacjawilkonia.pl\/wp-content\/uploads\/2017\/02\/1-Wilko\u0144-Don-kichot-opera-i-Janusz-foto-Rad-\u015awietlik-300x200.jpg\" alt=\"\" width=\"300\" height=\"200\" srcset=\"https:\/\/fundacjawilkonia.pl\/wp-content\/uploads\/2017\/02\/1-Wilko\u0144-Don-kichot-opera-i-Janusz-foto-Rad-\u015awietlik-300x200.jpg 300w, https:\/\/fundacjawilkonia.pl\/wp-content\/uploads\/2017\/02\/1-Wilko\u0144-Don-kichot-opera-i-Janusz-foto-Rad-\u015awietlik-768x512.jpg 768w, https:\/\/fundacjawilkonia.pl\/wp-content\/uploads\/2017\/02\/1-Wilko\u0144-Don-kichot-opera-i-Janusz-foto-Rad-\u015awietlik-250x167.jpg 250w, https:\/\/fundacjawilkonia.pl\/wp-content\/uploads\/2017\/02\/1-Wilko\u0144-Don-kichot-opera-i-Janusz-foto-Rad-\u015awietlik.jpg 843w\" sizes=\"(max-width: 300px) 100vw, 300px\" \/> <img loading=\"lazy\" class=\"alignnone size-medium wp-image-348\" src=\"\/\/fundacjawilkonia.pl\/wp-content\/uploads\/2017\/02\/1-Wilko\u0144-Don-kichot-i-publicznosc-opera-foto-Rad-\u015awietlik-300x200.jpg\" alt=\"\" width=\"300\" height=\"200\" srcset=\"https:\/\/fundacjawilkonia.pl\/wp-content\/uploads\/2017\/02\/1-Wilko\u0144-Don-kichot-i-publicznosc-opera-foto-Rad-\u015awietlik-300x200.jpg 300w, https:\/\/fundacjawilkonia.pl\/wp-content\/uploads\/2017\/02\/1-Wilko\u0144-Don-kichot-i-publicznosc-opera-foto-Rad-\u015awietlik-768x512.jpg 768w, https:\/\/fundacjawilkonia.pl\/wp-content\/uploads\/2017\/02\/1-Wilko\u0144-Don-kichot-i-publicznosc-opera-foto-Rad-\u015awietlik-250x167.jpg 250w, https:\/\/fundacjawilkonia.pl\/wp-content\/uploads\/2017\/02\/1-Wilko\u0144-Don-kichot-i-publicznosc-opera-foto-Rad-\u015awietlik.jpg 843w\" sizes=\"(max-width: 300px) 100vw, 300px\" \/> <img loading=\"lazy\" class=\"alignnone size-medium wp-image-349\" src=\"\/\/fundacjawilkonia.pl\/wp-content\/uploads\/2017\/02\/1b-Wilko\u0144-Don-kichot-opera-foto-Rad-\u015awietlik-300x200.jpg\" alt=\"\" width=\"300\" height=\"200\" srcset=\"https:\/\/fundacjawilkonia.pl\/wp-content\/uploads\/2017\/02\/1b-Wilko\u0144-Don-kichot-opera-foto-Rad-\u015awietlik-300x200.jpg 300w, https:\/\/fundacjawilkonia.pl\/wp-content\/uploads\/2017\/02\/1b-Wilko\u0144-Don-kichot-opera-foto-Rad-\u015awietlik-768x512.jpg 768w, https:\/\/fundacjawilkonia.pl\/wp-content\/uploads\/2017\/02\/1b-Wilko\u0144-Don-kichot-opera-foto-Rad-\u015awietlik-250x167.jpg 250w, https:\/\/fundacjawilkonia.pl\/wp-content\/uploads\/2017\/02\/1b-Wilko\u0144-Don-kichot-opera-foto-Rad-\u015awietlik.jpg 843w\" sizes=\"(max-width: 300px) 100vw, 300px\" \/><img loading=\"lazy\" class=\"alignnone size-medium wp-image-331\" src=\"https:\/\/fundacjawilkonia.pl\/wp-content\/uploads\/2017\/02\/1-Wilko\u0144-Don-kichot-opera-i-Blanka-foto-Rad-\u015awietlikIMG_3681-1-200x300.jpg\" alt=\"\" width=\"200\" height=\"300\" srcset=\"https:\/\/fundacjawilkonia.pl\/wp-content\/uploads\/2017\/02\/1-Wilko\u0144-Don-kichot-opera-i-Blanka-foto-Rad-\u015awietlikIMG_3681-1-200x300.jpg 200w, https:\/\/fundacjawilkonia.pl\/wp-content\/uploads\/2017\/02\/1-Wilko\u0144-Don-kichot-opera-i-Blanka-foto-Rad-\u015awietlikIMG_3681-1-167x250.jpg 167w, https:\/\/fundacjawilkonia.pl\/wp-content\/uploads\/2017\/02\/1-Wilko\u0144-Don-kichot-opera-i-Blanka-foto-Rad-\u015awietlikIMG_3681-1.jpg 562w\" sizes=\"(max-width: 200px) 100vw, 200px\" \/> <img loading=\"lazy\" class=\"alignnone size-medium wp-image-340\" src=\"\/\/fundacjawilkonia.pl\/wp-content\/uploads\/2017\/02\/1-Wilko\u0144-Don-kichot-opera-ic-czarek-foto-Rad-\u015awietlik-300x200.jpg\" alt=\"\" width=\"300\" height=\"200\" srcset=\"https:\/\/fundacjawilkonia.pl\/wp-content\/uploads\/2017\/02\/1-Wilko\u0144-Don-kichot-opera-ic-czarek-foto-Rad-\u015awietlik-300x200.jpg 300w, https:\/\/fundacjawilkonia.pl\/wp-content\/uploads\/2017\/02\/1-Wilko\u0144-Don-kichot-opera-ic-czarek-foto-Rad-\u015awietlik-768x512.jpg 768w, https:\/\/fundacjawilkonia.pl\/wp-content\/uploads\/2017\/02\/1-Wilko\u0144-Don-kichot-opera-ic-czarek-foto-Rad-\u015awietlik-250x167.jpg 250w, https:\/\/fundacjawilkonia.pl\/wp-content\/uploads\/2017\/02\/1-Wilko\u0144-Don-kichot-opera-ic-czarek-foto-Rad-\u015awietlik.jpg 843w\" sizes=\"(max-width: 300px) 100vw, 300px\" \/> <img loading=\"lazy\" class=\"alignnone size-medium wp-image-341\" src=\"\/\/fundacjawilkonia.pl\/wp-content\/uploads\/2017\/02\/1-Wilko\u0144-Don-kichot-operaidzieci-foto-Rad-\u015awietlik-300x200.jpg\" alt=\"\" width=\"300\" height=\"200\" srcset=\"https:\/\/fundacjawilkonia.pl\/wp-content\/uploads\/2017\/02\/1-Wilko\u0144-Don-kichot-operaidzieci-foto-Rad-\u015awietlik-300x200.jpg 300w, https:\/\/fundacjawilkonia.pl\/wp-content\/uploads\/2017\/02\/1-Wilko\u0144-Don-kichot-operaidzieci-foto-Rad-\u015awietlik-768x512.jpg 768w, https:\/\/fundacjawilkonia.pl\/wp-content\/uploads\/2017\/02\/1-Wilko\u0144-Don-kichot-operaidzieci-foto-Rad-\u015awietlik-250x167.jpg 250w, https:\/\/fundacjawilkonia.pl\/wp-content\/uploads\/2017\/02\/1-Wilko\u0144-Don-kichot-operaidzieci-foto-Rad-\u015awietlik.jpg 843w\" sizes=\"(max-width: 300px) 100vw, 300px\" \/> <img loading=\"lazy\" class=\"alignnone size-medium wp-image-342\" src=\"\/\/fundacjawilkonia.pl\/wp-content\/uploads\/2017\/02\/1-Wilko\u0144-Don-kichot-opera-foto-Rad-\u015awietliki-300x200.jpg\" alt=\"\" width=\"300\" height=\"200\" srcset=\"https:\/\/fundacjawilkonia.pl\/wp-content\/uploads\/2017\/02\/1-Wilko\u0144-Don-kichot-opera-foto-Rad-\u015awietliki-300x200.jpg 300w, https:\/\/fundacjawilkonia.pl\/wp-content\/uploads\/2017\/02\/1-Wilko\u0144-Don-kichot-opera-foto-Rad-\u015awietliki-768x512.jpg 768w, https:\/\/fundacjawilkonia.pl\/wp-content\/uploads\/2017\/02\/1-Wilko\u0144-Don-kichot-opera-foto-Rad-\u015awietliki-250x167.jpg 250w, https:\/\/fundacjawilkonia.pl\/wp-content\/uploads\/2017\/02\/1-Wilko\u0144-Don-kichot-opera-foto-Rad-\u015awietliki.jpg 843w\" sizes=\"(max-width: 300px) 100vw, 300px\" \/> <img loading=\"lazy\" class=\"alignnone size-medium wp-image-343\" src=\"\/\/fundacjawilkonia.pl\/wp-content\/uploads\/2017\/02\/1-Wilko\u0144-Don-kichot-opera-i-Marysia-Ekier-foto-Rad-\u015awietlik-300x200.jpg\" alt=\"\" width=\"300\" height=\"200\" srcset=\"https:\/\/fundacjawilkonia.pl\/wp-content\/uploads\/2017\/02\/1-Wilko\u0144-Don-kichot-opera-i-Marysia-Ekier-foto-Rad-\u015awietlik-300x200.jpg 300w, https:\/\/fundacjawilkonia.pl\/wp-content\/uploads\/2017\/02\/1-Wilko\u0144-Don-kichot-opera-i-Marysia-Ekier-foto-Rad-\u015awietlik-768x512.jpg 768w, https:\/\/fundacjawilkonia.pl\/wp-content\/uploads\/2017\/02\/1-Wilko\u0144-Don-kichot-opera-i-Marysia-Ekier-foto-Rad-\u015awietlik-250x167.jpg 250w, https:\/\/fundacjawilkonia.pl\/wp-content\/uploads\/2017\/02\/1-Wilko\u0144-Don-kichot-opera-i-Marysia-Ekier-foto-Rad-\u015awietlik.jpg 843w\" sizes=\"(max-width: 300px) 100vw, 300px\" \/> <img loading=\"lazy\" class=\"alignnone size-medium wp-image-344\" src=\"\/\/fundacjawilkonia.pl\/wp-content\/uploads\/2017\/02\/1-Wilko\u0144-Don-kichot-operaselfi-foto-Rad-\u015awietlik-200x300.jpg\" alt=\"\" width=\"200\" height=\"300\" srcset=\"https:\/\/fundacjawilkonia.pl\/wp-content\/uploads\/2017\/02\/1-Wilko\u0144-Don-kichot-operaselfi-foto-Rad-\u015awietlik-200x300.jpg 200w, https:\/\/fundacjawilkonia.pl\/wp-content\/uploads\/2017\/02\/1-Wilko\u0144-Don-kichot-operaselfi-foto-Rad-\u015awietlik-167x250.jpg 167w, https:\/\/fundacjawilkonia.pl\/wp-content\/uploads\/2017\/02\/1-Wilko\u0144-Don-kichot-operaselfi-foto-Rad-\u015awietlik.jpg 562w\" sizes=\"(max-width: 200px) 100vw, 200px\" \/><\/p>\n","protected":false},"excerpt":{"rendered":"","protected":false},"author":2,"featured_media":354,"comment_status":"open","ping_status":"open","sticky":false,"template":"","format":"standard","meta":[],"categories":[1],"tags":[],"yoast_head":"<!-- This site is optimized with the Yoast SEO plugin v19.4 - https:\/\/yoast.com\/wordpress\/plugins\/seo\/ -->\n<title>Reporta\u017c z wernisa\u017cu wystawy &quot;J\u00f3zef Wilko\u0144 Don Kichot&quot;w Galerii Opera Teatr Narodowy - Fundacja \u201eArka\u201d im. J\u00f3zefa Wilkonia<\/title>\n<meta name=\"robots\" content=\"index, follow, max-snippet:-1, max-image-preview:large, max-video-preview:-1\" \/>\n<link rel=\"canonical\" href=\"https:\/\/fundacjawilkonia.pl\/index.php\/2017\/02\/10\/reportaz-z-wernisazu-wystawy-jozef-wilkon-don-kichotw-galerii-opera-teatr-narodowy\/\" \/>\n<meta property=\"og:locale\" content=\"pl_PL\" \/>\n<meta property=\"og:type\" content=\"article\" \/>\n<meta property=\"og:title\" content=\"Reporta\u017c z wernisa\u017cu wystawy &quot;J\u00f3zef Wilko\u0144 Don Kichot&quot;w Galerii Opera Teatr Narodowy - Fundacja \u201eArka\u201d im. J\u00f3zefa Wilkonia\" \/>\n<meta property=\"og:url\" content=\"https:\/\/fundacjawilkonia.pl\/index.php\/2017\/02\/10\/reportaz-z-wernisazu-wystawy-jozef-wilkon-don-kichotw-galerii-opera-teatr-narodowy\/\" \/>\n<meta property=\"og:site_name\" content=\"Fundacja \u201eArka\u201d im. J\u00f3zefa Wilkonia\" \/>\n<meta property=\"article:publisher\" content=\"https:\/\/www.facebook.com\/Fundacja-Wilkonia-221788084540934\/\" \/>\n<meta property=\"article:published_time\" content=\"2017-02-10T17:31:20+00:00\" \/>\n<meta property=\"article:modified_time\" content=\"2017-02-10T17:34:38+00:00\" \/>\n<meta property=\"og:image\" content=\"https:\/\/i1.wp.com\/fundacjawilkonia.pl\/wp-content\/uploads\/2017\/02\/1a-Wilko\u0144-Don-kichot-opera-foto-Rad-\u015awietlik.jpg?fit=562%2C843&ssl=1\" \/>\n\t<meta property=\"og:image:width\" content=\"562\" \/>\n\t<meta property=\"og:image:height\" content=\"843\" \/>\n\t<meta property=\"og:image:type\" content=\"image\/jpeg\" \/>\n<meta name=\"author\" content=\"Blanka Wyszy\u0144ska-Walczak\" \/>\n<meta name=\"twitter:card\" content=\"summary_large_image\" \/>\n<meta name=\"twitter:creator\" content=\"@fundacjawilkoni\" \/>\n<meta name=\"twitter:site\" content=\"@fundacjawilkoni\" \/>\n<meta name=\"twitter:label1\" content=\"Napisane przez\" \/>\n\t<meta name=\"twitter:data1\" content=\"Blanka Wyszy\u0144ska-Walczak\" \/>\n<script type=\"application\/ld+json\" class=\"yoast-schema-graph\">{\"@context\":\"https:\/\/schema.org\",\"@graph\":[{\"@type\":\"Organization\",\"@id\":\"https:\/\/fundacjawilkonia.pl\/#organization\",\"name\":\"Fundacja \\\"Arka\\\" im. J\u00f3zefa Wilkonia\",\"url\":\"https:\/\/fundacjawilkonia.pl\/\",\"sameAs\":[\"https:\/\/www.instagram.com\/fundacjawilkonia\/?hl=pl\",\"https:\/\/www.facebook.com\/Fundacja-Wilkonia-221788084540934\/\",\"https:\/\/twitter.com\/fundacjawilkoni\"],\"logo\":{\"@type\":\"ImageObject\",\"inLanguage\":\"pl-PL\",\"@id\":\"https:\/\/fundacjawilkonia.pl\/#\/schema\/logo\/image\/\",\"url\":\"https:\/\/i2.wp.com\/fundacjawilkonia.pl\/wp-content\/uploads\/2016\/09\/10987396_771520442901026_1174624827528049836_n.png?fit=790%2C593&ssl=1\",\"contentUrl\":\"https:\/\/i2.wp.com\/fundacjawilkonia.pl\/wp-content\/uploads\/2016\/09\/10987396_771520442901026_1174624827528049836_n.png?fit=790%2C593&ssl=1\",\"width\":790,\"height\":593,\"caption\":\"Fundacja \\\"Arka\\\" im. J\u00f3zefa Wilkonia\"},\"image\":{\"@id\":\"https:\/\/fundacjawilkonia.pl\/#\/schema\/logo\/image\/\"}},{\"@type\":\"WebSite\",\"@id\":\"https:\/\/fundacjawilkonia.pl\/#website\",\"url\":\"https:\/\/fundacjawilkonia.pl\/\",\"name\":\"Fundacja \u201eArka\u201d im. J\u00f3zefa Wilkonia\",\"description\":\"G\u0142\u00f3wnym celem fundacji jest ochrona i promocja dorobku artystycznego J\u00f3zefa Wilkonia i og\u00f3lnych warto\u015bci zwi\u0105zanych ze sztukami pi\u0119knymi, a w szczeg\u00f3lno\u015bci ilustratorstwem i sztuk\u0105 edytorsk\u0105.\",\"publisher\":{\"@id\":\"https:\/\/fundacjawilkonia.pl\/#organization\"},\"potentialAction\":[{\"@type\":\"SearchAction\",\"target\":{\"@type\":\"EntryPoint\",\"urlTemplate\":\"https:\/\/fundacjawilkonia.pl\/?s={search_term_string}\"},\"query-input\":\"required name=search_term_string\"}],\"inLanguage\":\"pl-PL\"},{\"@type\":\"WebPage\",\"@id\":\"https:\/\/fundacjawilkonia.pl\/index.php\/2017\/02\/10\/reportaz-z-wernisazu-wystawy-jozef-wilkon-don-kichotw-galerii-opera-teatr-narodowy\/\",\"url\":\"https:\/\/fundacjawilkonia.pl\/index.php\/2017\/02\/10\/reportaz-z-wernisazu-wystawy-jozef-wilkon-don-kichotw-galerii-opera-teatr-narodowy\/\",\"name\":\"Reporta\u017c z wernisa\u017cu wystawy \\\"J\u00f3zef Wilko\u0144 Don Kichot\\\"w Galerii Opera Teatr Narodowy - Fundacja \u201eArka\u201d im. J\u00f3zefa Wilkonia\",\"isPartOf\":{\"@id\":\"https:\/\/fundacjawilkonia.pl\/#website\"},\"datePublished\":\"2017-02-10T17:31:20+00:00\",\"dateModified\":\"2017-02-10T17:34:38+00:00\",\"breadcrumb\":{\"@id\":\"https:\/\/fundacjawilkonia.pl\/index.php\/2017\/02\/10\/reportaz-z-wernisazu-wystawy-jozef-wilkon-don-kichotw-galerii-opera-teatr-narodowy\/#breadcrumb\"},\"inLanguage\":\"pl-PL\",\"potentialAction\":[{\"@type\":\"ReadAction\",\"target\":[\"https:\/\/fundacjawilkonia.pl\/index.php\/2017\/02\/10\/reportaz-z-wernisazu-wystawy-jozef-wilkon-don-kichotw-galerii-opera-teatr-narodowy\/\"]}]},{\"@type\":\"BreadcrumbList\",\"@id\":\"https:\/\/fundacjawilkonia.pl\/index.php\/2017\/02\/10\/reportaz-z-wernisazu-wystawy-jozef-wilkon-don-kichotw-galerii-opera-teatr-narodowy\/#breadcrumb\",\"itemListElement\":[{\"@type\":\"ListItem\",\"position\":1,\"name\":\"Strona g\u0142\u00f3wna\",\"item\":\"https:\/\/fundacjawilkonia.pl\/\"},{\"@type\":\"ListItem\",\"position\":2,\"name\":\"Reporta\u017c z wernisa\u017cu wystawy &#8222;J\u00f3zef Wilko\u0144 Don Kichot&#8221;w Galerii Opera Teatr Narodowy\"}]},{\"@type\":\"Article\",\"@id\":\"https:\/\/fundacjawilkonia.pl\/index.php\/2017\/02\/10\/reportaz-z-wernisazu-wystawy-jozef-wilkon-don-kichotw-galerii-opera-teatr-narodowy\/#article\",\"isPartOf\":{\"@id\":\"https:\/\/fundacjawilkonia.pl\/index.php\/2017\/02\/10\/reportaz-z-wernisazu-wystawy-jozef-wilkon-don-kichotw-galerii-opera-teatr-narodowy\/\"},\"author\":{\"name\":\"Blanka Wyszy\u0144ska-Walczak\",\"@id\":\"https:\/\/fundacjawilkonia.pl\/#\/schema\/person\/79109e804e49d669b075ce06b2ef94a7\"},\"headline\":\"Reporta\u017c z wernisa\u017cu wystawy &#8222;J\u00f3zef Wilko\u0144 Don Kichot&#8221;w Galerii Opera Teatr Narodowy\",\"datePublished\":\"2017-02-10T17:31:20+00:00\",\"dateModified\":\"2017-02-10T17:34:38+00:00\",\"mainEntityOfPage\":{\"@id\":\"https:\/\/fundacjawilkonia.pl\/index.php\/2017\/02\/10\/reportaz-z-wernisazu-wystawy-jozef-wilkon-don-kichotw-galerii-opera-teatr-narodowy\/\"},\"wordCount\":15,\"commentCount\":0,\"publisher\":{\"@id\":\"https:\/\/fundacjawilkonia.pl\/#organization\"},\"inLanguage\":\"pl-PL\"},{\"@type\":\"Person\",\"@id\":\"https:\/\/fundacjawilkonia.pl\/#\/schema\/person\/79109e804e49d669b075ce06b2ef94a7\",\"name\":\"Blanka Wyszy\u0144ska-Walczak\",\"image\":{\"@type\":\"ImageObject\",\"inLanguage\":\"pl-PL\",\"@id\":\"https:\/\/fundacjawilkonia.pl\/#\/schema\/person\/image\/\",\"url\":\"https:\/\/secure.gravatar.com\/avatar\/30db7325a34bb69fd3ff7c2370949b39?s=96&d=mm&r=g\",\"contentUrl\":\"https:\/\/secure.gravatar.com\/avatar\/30db7325a34bb69fd3ff7c2370949b39?s=96&d=mm&r=g\",\"caption\":\"Blanka Wyszy\u0144ska-Walczak\"}}]}<\/script>\n<!-- \/ Yoast SEO plugin. -->","yoast_head_json":{"title":"Reporta\u017c z wernisa\u017cu wystawy \"J\u00f3zef Wilko\u0144 Don Kichot\"w Galerii Opera Teatr Narodowy - Fundacja \u201eArka\u201d im. J\u00f3zefa Wilkonia","robots":{"index":"index","follow":"follow","max-snippet":"max-snippet:-1","max-image-preview":"max-image-preview:large","max-video-preview":"max-video-preview:-1"},"canonical":"https:\/\/fundacjawilkonia.pl\/index.php\/2017\/02\/10\/reportaz-z-wernisazu-wystawy-jozef-wilkon-don-kichotw-galerii-opera-teatr-narodowy\/","og_locale":"pl_PL","og_type":"article","og_title":"Reporta\u017c z wernisa\u017cu wystawy \"J\u00f3zef Wilko\u0144 Don Kichot\"w Galerii Opera Teatr Narodowy - Fundacja \u201eArka\u201d im. J\u00f3zefa Wilkonia","og_url":"https:\/\/fundacjawilkonia.pl\/index.php\/2017\/02\/10\/reportaz-z-wernisazu-wystawy-jozef-wilkon-don-kichotw-galerii-opera-teatr-narodowy\/","og_site_name":"Fundacja \u201eArka\u201d im. J\u00f3zefa Wilkonia","article_publisher":"https:\/\/www.facebook.com\/Fundacja-Wilkonia-221788084540934\/","article_published_time":"2017-02-10T17:31:20+00:00","article_modified_time":"2017-02-10T17:34:38+00:00","og_image":[{"width":562,"height":843,"url":"https:\/\/i1.wp.com\/fundacjawilkonia.pl\/wp-content\/uploads\/2017\/02\/1a-Wilko\u0144-Don-kichot-opera-foto-Rad-\u015awietlik.jpg?fit=562%2C843&ssl=1","type":"image\/jpeg"}],"author":"Blanka Wyszy\u0144ska-Walczak","twitter_card":"summary_large_image","twitter_creator":"@fundacjawilkoni","twitter_site":"@fundacjawilkoni","twitter_misc":{"Napisane przez":"Blanka Wyszy\u0144ska-Walczak"},"schema":{"@context":"https:\/\/schema.org","@graph":[{"@type":"Organization","@id":"https:\/\/fundacjawilkonia.pl\/#organization","name":"Fundacja \"Arka\" im. J\u00f3zefa Wilkonia","url":"https:\/\/fundacjawilkonia.pl\/","sameAs":["https:\/\/www.instagram.com\/fundacjawilkonia\/?hl=pl","https:\/\/www.facebook.com\/Fundacja-Wilkonia-221788084540934\/","https:\/\/twitter.com\/fundacjawilkoni"],"logo":{"@type":"ImageObject","inLanguage":"pl-PL","@id":"https:\/\/fundacjawilkonia.pl\/#\/schema\/logo\/image\/","url":"https:\/\/i2.wp.com\/fundacjawilkonia.pl\/wp-content\/uploads\/2016\/09\/10987396_771520442901026_1174624827528049836_n.png?fit=790%2C593&ssl=1","contentUrl":"https:\/\/i2.wp.com\/fundacjawilkonia.pl\/wp-content\/uploads\/2016\/09\/10987396_771520442901026_1174624827528049836_n.png?fit=790%2C593&ssl=1","width":790,"height":593,"caption":"Fundacja \"Arka\" im. J\u00f3zefa Wilkonia"},"image":{"@id":"https:\/\/fundacjawilkonia.pl\/#\/schema\/logo\/image\/"}},{"@type":"WebSite","@id":"https:\/\/fundacjawilkonia.pl\/#website","url":"https:\/\/fundacjawilkonia.pl\/","name":"Fundacja \u201eArka\u201d im. J\u00f3zefa Wilkonia","description":"G\u0142\u00f3wnym celem fundacji jest ochrona i promocja dorobku artystycznego J\u00f3zefa Wilkonia i og\u00f3lnych warto\u015bci zwi\u0105zanych ze sztukami pi\u0119knymi, a w szczeg\u00f3lno\u015bci ilustratorstwem i sztuk\u0105 edytorsk\u0105.","publisher":{"@id":"https:\/\/fundacjawilkonia.pl\/#organization"},"potentialAction":[{"@type":"SearchAction","target":{"@type":"EntryPoint","urlTemplate":"https:\/\/fundacjawilkonia.pl\/?s={search_term_string}"},"query-input":"required name=search_term_string"}],"inLanguage":"pl-PL"},{"@type":"WebPage","@id":"https:\/\/fundacjawilkonia.pl\/index.php\/2017\/02\/10\/reportaz-z-wernisazu-wystawy-jozef-wilkon-don-kichotw-galerii-opera-teatr-narodowy\/","url":"https:\/\/fundacjawilkonia.pl\/index.php\/2017\/02\/10\/reportaz-z-wernisazu-wystawy-jozef-wilkon-don-kichotw-galerii-opera-teatr-narodowy\/","name":"Reporta\u017c z wernisa\u017cu wystawy \"J\u00f3zef Wilko\u0144 Don Kichot\"w Galerii Opera Teatr Narodowy - Fundacja \u201eArka\u201d im. J\u00f3zefa Wilkonia","isPartOf":{"@id":"https:\/\/fundacjawilkonia.pl\/#website"},"datePublished":"2017-02-10T17:31:20+00:00","dateModified":"2017-02-10T17:34:38+00:00","breadcrumb":{"@id":"https:\/\/fundacjawilkonia.pl\/index.php\/2017\/02\/10\/reportaz-z-wernisazu-wystawy-jozef-wilkon-don-kichotw-galerii-opera-teatr-narodowy\/#breadcrumb"},"inLanguage":"pl-PL","potentialAction":[{"@type":"ReadAction","target":["https:\/\/fundacjawilkonia.pl\/index.php\/2017\/02\/10\/reportaz-z-wernisazu-wystawy-jozef-wilkon-don-kichotw-galerii-opera-teatr-narodowy\/"]}]},{"@type":"BreadcrumbList","@id":"https:\/\/fundacjawilkonia.pl\/index.php\/2017\/02\/10\/reportaz-z-wernisazu-wystawy-jozef-wilkon-don-kichotw-galerii-opera-teatr-narodowy\/#breadcrumb","itemListElement":[{"@type":"ListItem","position":1,"name":"Strona g\u0142\u00f3wna","item":"https:\/\/fundacjawilkonia.pl\/"},{"@type":"ListItem","position":2,"name":"Reporta\u017c z wernisa\u017cu wystawy &#8222;J\u00f3zef Wilko\u0144 Don Kichot&#8221;w Galerii Opera Teatr Narodowy"}]},{"@type":"Article","@id":"https:\/\/fundacjawilkonia.pl\/index.php\/2017\/02\/10\/reportaz-z-wernisazu-wystawy-jozef-wilkon-don-kichotw-galerii-opera-teatr-narodowy\/#article","isPartOf":{"@id":"https:\/\/fundacjawilkonia.pl\/index.php\/2017\/02\/10\/reportaz-z-wernisazu-wystawy-jozef-wilkon-don-kichotw-galerii-opera-teatr-narodowy\/"},"author":{"name":"Blanka Wyszy\u0144ska-Walczak","@id":"https:\/\/fundacjawilkonia.pl\/#\/schema\/person\/79109e804e49d669b075ce06b2ef94a7"},"headline":"Reporta\u017c z wernisa\u017cu wystawy &#8222;J\u00f3zef Wilko\u0144 Don Kichot&#8221;w Galerii Opera Teatr Narodowy","datePublished":"2017-02-10T17:31:20+00:00","dateModified":"2017-02-10T17:34:38+00:00","mainEntityOfPage":{"@id":"https:\/\/fundacjawilkonia.pl\/index.php\/2017\/02\/10\/reportaz-z-wernisazu-wystawy-jozef-wilkon-don-kichotw-galerii-opera-teatr-narodowy\/"},"wordCount":15,"commentCount":0,"publisher":{"@id":"https:\/\/fundacjawilkonia.pl\/#organization"},"inLanguage":"pl-PL"},{"@type":"Person","@id":"https:\/\/fundacjawilkonia.pl\/#\/schema\/person\/79109e804e49d669b075ce06b2ef94a7","name":"Blanka Wyszy\u0144ska-Walczak","image":{"@type":"ImageObject","inLanguage":"pl-PL","@id":"https:\/\/fundacjawilkonia.pl\/#\/schema\/person\/image\/","url":"https:\/\/secure.gravatar.com\/avatar\/30db7325a34bb69fd3ff7c2370949b39?s=96&d=mm&r=g","contentUrl":"https:\/\/secure.gravatar.com\/avatar\/30db7325a34bb69fd3ff7c2370949b39?s=96&d=mm&r=g","caption":"Blanka Wyszy\u0144ska-Walczak"}}]}},"_links":{"self":[{"href":"https:\/\/fundacjawilkonia.pl\/index.php\/wp-json\/wp\/v2\/posts\/327"}],"collection":[{"href":"https:\/\/fundacjawilkonia.pl\/index.php\/wp-json\/wp\/v2\/posts"}],"about":[{"href":"https:\/\/fundacjawilkonia.pl\/index.php\/wp-json\/wp\/v2\/types\/post"}],"author":[{"embeddable":true,"href":"https:\/\/fundacjawilkonia.pl\/index.php\/wp-json\/wp\/v2\/users\/2"}],"replies":[{"embeddable":true,"href":"https:\/\/fundacjawilkonia.pl\/index.php\/wp-json\/wp\/v2\/comments?post=327"}],"version-history":[{"count":0,"href":"https:\/\/fundacjawilkonia.pl\/index.php\/wp-json\/wp\/v2\/posts\/327\/revisions"}],"wp:featuredmedia":[{"embeddable":true,"href":"https:\/\/fundacjawilkonia.pl\/index.php\/wp-json\/wp\/v2\/media\/354"}],"wp:attachment":[{"href":"https:\/\/fundacjawilkonia.pl\/index.php\/wp-json\/wp\/v2\/media?parent=327"}],"wp:term":[{"taxonomy":"category","embeddable":true,"href":"https:\/\/fundacjawilkonia.pl\/index.php\/wp-json\/wp\/v2\/categories?post=327"},{"taxonomy":"post_tag","embeddable":true,"href":"https:\/\/fundacjawilkonia.pl\/index.php\/wp-json\/wp\/v2\/tags?post=327"}],"curies":[{"name":"wp","href":"https:\/\/api.w.org\/{rel}","templated":true}]}}