{"id":441,"date":"2017-05-09T17:41:27","date_gmt":"2017-05-09T15:41:27","guid":{"rendered":"https:\/\/fundacjawilkonia.pl\/?p=441"},"modified":"2017-05-11T02:28:23","modified_gmt":"2017-05-11T00:28:23","slug":"marzyciele-don-kichot-wedlug-jozefa-wilkonia-wystawa-w-muzeum-miasta-gdyni28-05-do-11-06-2017","status":"publish","type":"post","link":"https:\/\/fundacjawilkonia.pl\/index.php\/2017\/05\/09\/marzyciele-don-kichot-wedlug-jozefa-wilkonia-wystawa-w-muzeum-miasta-gdyni28-05-do-11-06-2017\/","title":{"rendered":"&#8222;Marzyciele Don Kichot wed\u0142ug J\u00f3zefa Wilkonia&#8221; wystawa w Muzeum Miasta Gdyni(28.04 do 11.06 2017)"},"content":{"rendered":"<p>Na wystaw\u0119 sk\u0142ada si\u0119 ponad setka prac. Obok wsp\u00f3\u0142czesnego zbioru, zwiedzaj\u0105cy mog\u0105 zobaczy\u0107 rzadziej publikowane prace powsta\u0142e w latach pi\u0119\u0107dziesi\u0105tych i sze\u015b\u0107dziesi\u0105tych, a tak\u017ce rze\u017aby kt\u00f3re powsta\u0142y na przestrzeni wielu lat a pos\u0142u\u017cy\u0142y jako ilustracja historii b\u0142\u0119dnego rycerza.\u00a0Jest te\u017c wystawiony po raz pierwszy obraz olejny J\u00f3zefa Wilkonia Don Kichot i Sanczo Pansa z roku 1956 .<\/p>\n<p><img loading=\"lazy\" class=\"alignnone size-medium wp-image-437\" src=\"\/\/fundacjawilkonia.pl\/wp-content\/uploads\/2017\/05\/Muzeum-Mizsta-Gdyni-2017-foto-BWWa-300x225.jpg\" alt=\"\" width=\"300\" height=\"225\" srcset=\"https:\/\/fundacjawilkonia.pl\/wp-content\/uploads\/2017\/05\/Muzeum-Mizsta-Gdyni-2017-foto-BWWa-300x225.jpg 300w, https:\/\/fundacjawilkonia.pl\/wp-content\/uploads\/2017\/05\/Muzeum-Mizsta-Gdyni-2017-foto-BWWa-768x576.jpg 768w, https:\/\/fundacjawilkonia.pl\/wp-content\/uploads\/2017\/05\/Muzeum-Mizsta-Gdyni-2017-foto-BWWa-1024x768.jpg 1024w, https:\/\/fundacjawilkonia.pl\/wp-content\/uploads\/2017\/05\/Muzeum-Mizsta-Gdyni-2017-foto-BWWa-250x188.jpg 250w\" sizes=\"(max-width: 300px) 100vw, 300px\" \/> <img loading=\"lazy\" class=\"alignnone size-medium wp-image-439\" src=\"\/\/fundacjawilkonia.pl\/wp-content\/uploads\/2017\/05\/Muzeum-Mizsta-Gdyni-2017-foto-Stefan-M-300x186.jpg\" alt=\"\" width=\"300\" height=\"186\" srcset=\"https:\/\/fundacjawilkonia.pl\/wp-content\/uploads\/2017\/05\/Muzeum-Mizsta-Gdyni-2017-foto-Stefan-M-300x186.jpg 300w, https:\/\/fundacjawilkonia.pl\/wp-content\/uploads\/2017\/05\/Muzeum-Mizsta-Gdyni-2017-foto-Stefan-M-768x476.jpg 768w, https:\/\/fundacjawilkonia.pl\/wp-content\/uploads\/2017\/05\/Muzeum-Mizsta-Gdyni-2017-foto-Stefan-M-1024x635.jpg 1024w, https:\/\/fundacjawilkonia.pl\/wp-content\/uploads\/2017\/05\/Muzeum-Mizsta-Gdyni-2017-foto-Stefan-M-250x155.jpg 250w\" sizes=\"(max-width: 300px) 100vw, 300px\" \/> <img loading=\"lazy\" class=\"alignnone size-medium wp-image-440\" src=\"\/\/fundacjawilkonia.pl\/wp-content\/uploads\/2017\/05\/Muzeum-Mizsta-Gdyni-2017-foto1-BWWa-291x300.jpg\" alt=\"\" width=\"291\" height=\"300\" srcset=\"https:\/\/fundacjawilkonia.pl\/wp-content\/uploads\/2017\/05\/Muzeum-Mizsta-Gdyni-2017-foto1-BWWa-291x300.jpg 291w, https:\/\/fundacjawilkonia.pl\/wp-content\/uploads\/2017\/05\/Muzeum-Mizsta-Gdyni-2017-foto1-BWWa-768x791.jpg 768w, https:\/\/fundacjawilkonia.pl\/wp-content\/uploads\/2017\/05\/Muzeum-Mizsta-Gdyni-2017-foto1-BWWa-243x250.jpg 243w, https:\/\/fundacjawilkonia.pl\/wp-content\/uploads\/2017\/05\/Muzeum-Mizsta-Gdyni-2017-foto1-BWWa.jpg 824w\" sizes=\"(max-width: 291px) 100vw, 291px\" \/> <img loading=\"lazy\" class=\"alignnone size-medium wp-image-438\" src=\"\/\/fundacjawilkonia.pl\/wp-content\/uploads\/2017\/05\/Muzeum-Mizsta-Gdyni-2017-foto-BWWb-225x300.jpg\" alt=\"\" width=\"225\" height=\"300\" srcset=\"https:\/\/fundacjawilkonia.pl\/wp-content\/uploads\/2017\/05\/Muzeum-Mizsta-Gdyni-2017-foto-BWWb-225x300.jpg 225w, https:\/\/fundacjawilkonia.pl\/wp-content\/uploads\/2017\/05\/Muzeum-Mizsta-Gdyni-2017-foto-BWWb-188x250.jpg 188w, https:\/\/fundacjawilkonia.pl\/wp-content\/uploads\/2017\/05\/Muzeum-Mizsta-Gdyni-2017-foto-BWWb.jpg 739w\" sizes=\"(max-width: 225px) 100vw, 225px\" \/> <img loading=\"lazy\" class=\"alignnone size-medium wp-image-436\" src=\"\/\/fundacjawilkonia.pl\/wp-content\/uploads\/2017\/05\/Muzeum-Mizsta-Gdyni-2017-foto-BWW-225x300.jpg\" alt=\"\" width=\"225\" height=\"300\" srcset=\"https:\/\/fundacjawilkonia.pl\/wp-content\/uploads\/2017\/05\/Muzeum-Mizsta-Gdyni-2017-foto-BWW-225x300.jpg 225w, https:\/\/fundacjawilkonia.pl\/wp-content\/uploads\/2017\/05\/Muzeum-Mizsta-Gdyni-2017-foto-BWW-768x1024.jpg 768w, https:\/\/fundacjawilkonia.pl\/wp-content\/uploads\/2017\/05\/Muzeum-Mizsta-Gdyni-2017-foto-BWW-188x250.jpg 188w, https:\/\/fundacjawilkonia.pl\/wp-content\/uploads\/2017\/05\/Muzeum-Mizsta-Gdyni-2017-foto-BWW.jpg 914w\" sizes=\"(max-width: 225px) 100vw, 225px\" \/> <img loading=\"lazy\" class=\"alignnone size-medium wp-image-431\" src=\"\/\/fundacjawilkonia.pl\/wp-content\/uploads\/2017\/05\/Muzeum-Mizsta-Gdyni-2017-foto3-BWWa-300x227.jpg\" alt=\"\" width=\"300\" height=\"227\" srcset=\"https:\/\/fundacjawilkonia.pl\/wp-content\/uploads\/2017\/05\/Muzeum-Mizsta-Gdyni-2017-foto3-BWWa-300x227.jpg 300w, https:\/\/fundacjawilkonia.pl\/wp-content\/uploads\/2017\/05\/Muzeum-Mizsta-Gdyni-2017-foto3-BWWa-768x581.jpg 768w, https:\/\/fundacjawilkonia.pl\/wp-content\/uploads\/2017\/05\/Muzeum-Mizsta-Gdyni-2017-foto3-BWWa-250x189.jpg 250w, https:\/\/fundacjawilkonia.pl\/wp-content\/uploads\/2017\/05\/Muzeum-Mizsta-Gdyni-2017-foto3-BWWa.jpg 959w\" sizes=\"(max-width: 300px) 100vw, 300px\" \/> <img loading=\"lazy\" class=\"alignnone size-medium wp-image-432\" src=\"\/\/fundacjawilkonia.pl\/wp-content\/uploads\/2017\/05\/Miasta-Gdyn-Wilko\u0144i-2017-foto-Stefan-M-225x300.jpg\" alt=\"\" width=\"225\" height=\"300\" srcset=\"https:\/\/fundacjawilkonia.pl\/wp-content\/uploads\/2017\/05\/Miasta-Gdyn-Wilko\u0144i-2017-foto-Stefan-M-225x300.jpg 225w, https:\/\/fundacjawilkonia.pl\/wp-content\/uploads\/2017\/05\/Miasta-Gdyn-Wilko\u0144i-2017-foto-Stefan-M-768x1024.jpg 768w, https:\/\/fundacjawilkonia.pl\/wp-content\/uploads\/2017\/05\/Miasta-Gdyn-Wilko\u0144i-2017-foto-Stefan-M-188x250.jpg 188w\" sizes=\"(max-width: 225px) 100vw, 225px\" \/> <img loading=\"lazy\" class=\"alignnone size-medium wp-image-433\" src=\"\/\/fundacjawilkonia.pl\/wp-content\/uploads\/2017\/05\/Muzeum-Miasta-Gdyni-2017-foto-Stefan-M-300x169.jpg\" alt=\"\" width=\"300\" height=\"169\" srcset=\"https:\/\/fundacjawilkonia.pl\/wp-content\/uploads\/2017\/05\/Muzeum-Miasta-Gdyni-2017-foto-Stefan-M-300x169.jpg 300w, https:\/\/fundacjawilkonia.pl\/wp-content\/uploads\/2017\/05\/Muzeum-Miasta-Gdyni-2017-foto-Stefan-M-768x432.jpg 768w, https:\/\/fundacjawilkonia.pl\/wp-content\/uploads\/2017\/05\/Muzeum-Miasta-Gdyni-2017-foto-Stefan-M-1024x576.jpg 1024w, https:\/\/fundacjawilkonia.pl\/wp-content\/uploads\/2017\/05\/Muzeum-Miasta-Gdyni-2017-foto-Stefan-M-250x141.jpg 250w\" sizes=\"(max-width: 300px) 100vw, 300px\" \/> <img loading=\"lazy\" class=\"alignnone size-medium wp-image-434\" src=\"\/\/fundacjawilkonia.pl\/wp-content\/uploads\/2017\/05\/Muzeum-Miasta-Gdyni-2017-foto-Stefan-Ma-300x270.jpg\" alt=\"\" width=\"300\" height=\"270\" srcset=\"https:\/\/fundacjawilkonia.pl\/wp-content\/uploads\/2017\/05\/Muzeum-Miasta-Gdyni-2017-foto-Stefan-Ma-300x270.jpg 300w, https:\/\/fundacjawilkonia.pl\/wp-content\/uploads\/2017\/05\/Muzeum-Miasta-Gdyni-2017-foto-Stefan-Ma-768x690.jpg 768w, https:\/\/fundacjawilkonia.pl\/wp-content\/uploads\/2017\/05\/Muzeum-Miasta-Gdyni-2017-foto-Stefan-Ma-1024x920.jpg 1024w, https:\/\/fundacjawilkonia.pl\/wp-content\/uploads\/2017\/05\/Muzeum-Miasta-Gdyni-2017-foto-Stefan-Ma-250x225.jpg 250w\" sizes=\"(max-width: 300px) 100vw, 300px\" \/> <img loading=\"lazy\" class=\"alignnone size-medium wp-image-435\" src=\"\/\/fundacjawilkonia.pl\/wp-content\/uploads\/2017\/05\/Muzeum-Miasta-Gdyni-2017-foto3-BWWa-169x300.jpg\" alt=\"\" width=\"169\" height=\"300\" srcset=\"https:\/\/fundacjawilkonia.pl\/wp-content\/uploads\/2017\/05\/Muzeum-Miasta-Gdyni-2017-foto3-BWWa-169x300.jpg 169w, https:\/\/fundacjawilkonia.pl\/wp-content\/uploads\/2017\/05\/Muzeum-Miasta-Gdyni-2017-foto3-BWWa-576x1024.jpg 576w, https:\/\/fundacjawilkonia.pl\/wp-content\/uploads\/2017\/05\/Muzeum-Miasta-Gdyni-2017-foto3-BWWa-141x250.jpg 141w, https:\/\/fundacjawilkonia.pl\/wp-content\/uploads\/2017\/05\/Muzeum-Miasta-Gdyni-2017-foto3-BWWa.jpg 581w\" sizes=\"(max-width: 169px) 100vw, 169px\" \/>http:\/\/gdynia.pl\/co-nowego,2774\/marzyciele-w-muzeum-miasta-gdyni,484369<\/p>\n","protected":false},"excerpt":{"rendered":"<p>Na wystaw\u0119 sk\u0142ada si\u0119 ponad setka prac. Obok wsp\u00f3\u0142czesnego zbioru, zwiedzaj\u0105cy mog\u0105 zobaczy\u0107 rzadziej publikowane prace powsta\u0142e w latach pi\u0119\u0107dziesi\u0105tych [&hellip;]<\/p>\n","protected":false},"author":2,"featured_media":440,"comment_status":"closed","ping_status":"closed","sticky":false,"template":"","format":"standard","meta":[],"categories":[1],"tags":[],"yoast_head":"<!-- This site is optimized with the Yoast SEO plugin v19.4 - https:\/\/yoast.com\/wordpress\/plugins\/seo\/ -->\n<title>&quot;Marzyciele Don Kichot wed\u0142ug J\u00f3zefa Wilkonia&quot; wystawa w Muzeum Miasta Gdyni(28.04 do 11.06 2017) - Fundacja \u201eArka\u201d im. J\u00f3zefa Wilkonia<\/title>\n<meta name=\"robots\" content=\"index, follow, max-snippet:-1, max-image-preview:large, max-video-preview:-1\" \/>\n<link rel=\"canonical\" href=\"https:\/\/fundacjawilkonia.pl\/index.php\/2017\/05\/09\/marzyciele-don-kichot-wedlug-jozefa-wilkonia-wystawa-w-muzeum-miasta-gdyni28-05-do-11-06-2017\/\" \/>\n<meta property=\"og:locale\" content=\"pl_PL\" \/>\n<meta property=\"og:type\" content=\"article\" \/>\n<meta property=\"og:title\" content=\"&quot;Marzyciele Don Kichot wed\u0142ug J\u00f3zefa Wilkonia&quot; wystawa w Muzeum Miasta Gdyni(28.04 do 11.06 2017) - Fundacja \u201eArka\u201d im. J\u00f3zefa Wilkonia\" \/>\n<meta property=\"og:description\" content=\"Na wystaw\u0119 sk\u0142ada si\u0119 ponad setka prac. Obok wsp\u00f3\u0142czesnego zbioru, zwiedzaj\u0105cy mog\u0105 zobaczy\u0107 rzadziej publikowane prace powsta\u0142e w latach pi\u0119\u0107dziesi\u0105tych [&hellip;]\" \/>\n<meta property=\"og:url\" content=\"https:\/\/fundacjawilkonia.pl\/index.php\/2017\/05\/09\/marzyciele-don-kichot-wedlug-jozefa-wilkonia-wystawa-w-muzeum-miasta-gdyni28-05-do-11-06-2017\/\" \/>\n<meta property=\"og:site_name\" content=\"Fundacja \u201eArka\u201d im. J\u00f3zefa Wilkonia\" \/>\n<meta property=\"article:publisher\" content=\"https:\/\/www.facebook.com\/Fundacja-Wilkonia-221788084540934\/\" \/>\n<meta property=\"article:published_time\" content=\"2017-05-09T15:41:27+00:00\" \/>\n<meta property=\"article:modified_time\" content=\"2017-05-11T00:28:23+00:00\" \/>\n<meta property=\"og:image\" content=\"https:\/\/fundacjawilkonia.pl\/wp-content\/uploads\/2017\/05\/Muzeum-Mizsta-Gdyni-2017-foto1-BWWa.jpg\" \/>\n\t<meta property=\"og:image:width\" content=\"824\" \/>\n\t<meta property=\"og:image:height\" content=\"849\" \/>\n\t<meta property=\"og:image:type\" content=\"image\/jpeg\" \/>\n<meta name=\"author\" content=\"Blanka Wyszy\u0144ska-Walczak\" \/>\n<meta name=\"twitter:card\" content=\"summary_large_image\" \/>\n<meta name=\"twitter:creator\" content=\"@fundacjawilkoni\" \/>\n<meta name=\"twitter:site\" content=\"@fundacjawilkoni\" \/>\n<meta name=\"twitter:label1\" content=\"Napisane przez\" \/>\n\t<meta name=\"twitter:data1\" content=\"Blanka Wyszy\u0144ska-Walczak\" \/>\n<script type=\"application\/ld+json\" class=\"yoast-schema-graph\">{\"@context\":\"https:\/\/schema.org\",\"@graph\":[{\"@type\":\"Organization\",\"@id\":\"https:\/\/fundacjawilkonia.pl\/#organization\",\"name\":\"Fundacja \\\"Arka\\\" im. J\u00f3zefa Wilkonia\",\"url\":\"https:\/\/fundacjawilkonia.pl\/\",\"sameAs\":[\"https:\/\/www.instagram.com\/fundacjawilkonia\/?hl=pl\",\"https:\/\/www.facebook.com\/Fundacja-Wilkonia-221788084540934\/\",\"https:\/\/twitter.com\/fundacjawilkoni\"],\"logo\":{\"@type\":\"ImageObject\",\"inLanguage\":\"pl-PL\",\"@id\":\"https:\/\/fundacjawilkonia.pl\/#\/schema\/logo\/image\/\",\"url\":\"https:\/\/i2.wp.com\/fundacjawilkonia.pl\/wp-content\/uploads\/2016\/09\/10987396_771520442901026_1174624827528049836_n.png?fit=790%2C593&ssl=1\",\"contentUrl\":\"https:\/\/i2.wp.com\/fundacjawilkonia.pl\/wp-content\/uploads\/2016\/09\/10987396_771520442901026_1174624827528049836_n.png?fit=790%2C593&ssl=1\",\"width\":790,\"height\":593,\"caption\":\"Fundacja \\\"Arka\\\" im. J\u00f3zefa Wilkonia\"},\"image\":{\"@id\":\"https:\/\/fundacjawilkonia.pl\/#\/schema\/logo\/image\/\"}},{\"@type\":\"WebSite\",\"@id\":\"https:\/\/fundacjawilkonia.pl\/#website\",\"url\":\"https:\/\/fundacjawilkonia.pl\/\",\"name\":\"Fundacja \u201eArka\u201d im. J\u00f3zefa Wilkonia\",\"description\":\"G\u0142\u00f3wnym celem fundacji jest ochrona i promocja dorobku artystycznego J\u00f3zefa Wilkonia i og\u00f3lnych warto\u015bci zwi\u0105zanych ze sztukami pi\u0119knymi, a w szczeg\u00f3lno\u015bci ilustratorstwem i sztuk\u0105 edytorsk\u0105.\",\"publisher\":{\"@id\":\"https:\/\/fundacjawilkonia.pl\/#organization\"},\"potentialAction\":[{\"@type\":\"SearchAction\",\"target\":{\"@type\":\"EntryPoint\",\"urlTemplate\":\"https:\/\/fundacjawilkonia.pl\/?s={search_term_string}\"},\"query-input\":\"required name=search_term_string\"}],\"inLanguage\":\"pl-PL\"},{\"@type\":\"WebPage\",\"@id\":\"https:\/\/fundacjawilkonia.pl\/index.php\/2017\/05\/09\/marzyciele-don-kichot-wedlug-jozefa-wilkonia-wystawa-w-muzeum-miasta-gdyni28-05-do-11-06-2017\/\",\"url\":\"https:\/\/fundacjawilkonia.pl\/index.php\/2017\/05\/09\/marzyciele-don-kichot-wedlug-jozefa-wilkonia-wystawa-w-muzeum-miasta-gdyni28-05-do-11-06-2017\/\",\"name\":\"\\\"Marzyciele Don Kichot wed\u0142ug J\u00f3zefa Wilkonia\\\" wystawa w Muzeum Miasta Gdyni(28.04 do 11.06 2017) - Fundacja \u201eArka\u201d im. J\u00f3zefa Wilkonia\",\"isPartOf\":{\"@id\":\"https:\/\/fundacjawilkonia.pl\/#website\"},\"datePublished\":\"2017-05-09T15:41:27+00:00\",\"dateModified\":\"2017-05-11T00:28:23+00:00\",\"breadcrumb\":{\"@id\":\"https:\/\/fundacjawilkonia.pl\/index.php\/2017\/05\/09\/marzyciele-don-kichot-wedlug-jozefa-wilkonia-wystawa-w-muzeum-miasta-gdyni28-05-do-11-06-2017\/#breadcrumb\"},\"inLanguage\":\"pl-PL\",\"potentialAction\":[{\"@type\":\"ReadAction\",\"target\":[\"https:\/\/fundacjawilkonia.pl\/index.php\/2017\/05\/09\/marzyciele-don-kichot-wedlug-jozefa-wilkonia-wystawa-w-muzeum-miasta-gdyni28-05-do-11-06-2017\/\"]}]},{\"@type\":\"BreadcrumbList\",\"@id\":\"https:\/\/fundacjawilkonia.pl\/index.php\/2017\/05\/09\/marzyciele-don-kichot-wedlug-jozefa-wilkonia-wystawa-w-muzeum-miasta-gdyni28-05-do-11-06-2017\/#breadcrumb\",\"itemListElement\":[{\"@type\":\"ListItem\",\"position\":1,\"name\":\"Strona g\u0142\u00f3wna\",\"item\":\"https:\/\/fundacjawilkonia.pl\/\"},{\"@type\":\"ListItem\",\"position\":2,\"name\":\"&#8222;Marzyciele Don Kichot wed\u0142ug J\u00f3zefa Wilkonia&#8221; wystawa w Muzeum Miasta Gdyni(28.04 do 11.06 2017)\"}]},{\"@type\":\"Article\",\"@id\":\"https:\/\/fundacjawilkonia.pl\/index.php\/2017\/05\/09\/marzyciele-don-kichot-wedlug-jozefa-wilkonia-wystawa-w-muzeum-miasta-gdyni28-05-do-11-06-2017\/#article\",\"isPartOf\":{\"@id\":\"https:\/\/fundacjawilkonia.pl\/index.php\/2017\/05\/09\/marzyciele-don-kichot-wedlug-jozefa-wilkonia-wystawa-w-muzeum-miasta-gdyni28-05-do-11-06-2017\/\"},\"author\":{\"name\":\"Blanka Wyszy\u0144ska-Walczak\",\"@id\":\"https:\/\/fundacjawilkonia.pl\/#\/schema\/person\/79109e804e49d669b075ce06b2ef94a7\"},\"headline\":\"&#8222;Marzyciele Don Kichot wed\u0142ug J\u00f3zefa Wilkonia&#8221; wystawa w Muzeum Miasta Gdyni(28.04 do 11.06 2017)\",\"datePublished\":\"2017-05-09T15:41:27+00:00\",\"dateModified\":\"2017-05-11T00:28:23+00:00\",\"mainEntityOfPage\":{\"@id\":\"https:\/\/fundacjawilkonia.pl\/index.php\/2017\/05\/09\/marzyciele-don-kichot-wedlug-jozefa-wilkonia-wystawa-w-muzeum-miasta-gdyni28-05-do-11-06-2017\/\"},\"wordCount\":91,\"publisher\":{\"@id\":\"https:\/\/fundacjawilkonia.pl\/#organization\"},\"inLanguage\":\"pl-PL\"},{\"@type\":\"Person\",\"@id\":\"https:\/\/fundacjawilkonia.pl\/#\/schema\/person\/79109e804e49d669b075ce06b2ef94a7\",\"name\":\"Blanka Wyszy\u0144ska-Walczak\",\"image\":{\"@type\":\"ImageObject\",\"inLanguage\":\"pl-PL\",\"@id\":\"https:\/\/fundacjawilkonia.pl\/#\/schema\/person\/image\/\",\"url\":\"https:\/\/secure.gravatar.com\/avatar\/30db7325a34bb69fd3ff7c2370949b39?s=96&d=mm&r=g\",\"contentUrl\":\"https:\/\/secure.gravatar.com\/avatar\/30db7325a34bb69fd3ff7c2370949b39?s=96&d=mm&r=g\",\"caption\":\"Blanka Wyszy\u0144ska-Walczak\"}}]}<\/script>\n<!-- \/ Yoast SEO plugin. -->","yoast_head_json":{"title":"\"Marzyciele Don Kichot wed\u0142ug J\u00f3zefa Wilkonia\" wystawa w Muzeum Miasta Gdyni(28.04 do 11.06 2017) - Fundacja \u201eArka\u201d im. J\u00f3zefa Wilkonia","robots":{"index":"index","follow":"follow","max-snippet":"max-snippet:-1","max-image-preview":"max-image-preview:large","max-video-preview":"max-video-preview:-1"},"canonical":"https:\/\/fundacjawilkonia.pl\/index.php\/2017\/05\/09\/marzyciele-don-kichot-wedlug-jozefa-wilkonia-wystawa-w-muzeum-miasta-gdyni28-05-do-11-06-2017\/","og_locale":"pl_PL","og_type":"article","og_title":"\"Marzyciele Don Kichot wed\u0142ug J\u00f3zefa Wilkonia\" wystawa w Muzeum Miasta Gdyni(28.04 do 11.06 2017) - Fundacja \u201eArka\u201d im. J\u00f3zefa Wilkonia","og_description":"Na wystaw\u0119 sk\u0142ada si\u0119 ponad setka prac. Obok wsp\u00f3\u0142czesnego zbioru, zwiedzaj\u0105cy mog\u0105 zobaczy\u0107 rzadziej publikowane prace powsta\u0142e w latach pi\u0119\u0107dziesi\u0105tych [&hellip;]","og_url":"https:\/\/fundacjawilkonia.pl\/index.php\/2017\/05\/09\/marzyciele-don-kichot-wedlug-jozefa-wilkonia-wystawa-w-muzeum-miasta-gdyni28-05-do-11-06-2017\/","og_site_name":"Fundacja \u201eArka\u201d im. J\u00f3zefa Wilkonia","article_publisher":"https:\/\/www.facebook.com\/Fundacja-Wilkonia-221788084540934\/","article_published_time":"2017-05-09T15:41:27+00:00","article_modified_time":"2017-05-11T00:28:23+00:00","og_image":[{"width":824,"height":849,"url":"https:\/\/fundacjawilkonia.pl\/wp-content\/uploads\/2017\/05\/Muzeum-Mizsta-Gdyni-2017-foto1-BWWa.jpg","type":"image\/jpeg"}],"author":"Blanka Wyszy\u0144ska-Walczak","twitter_card":"summary_large_image","twitter_creator":"@fundacjawilkoni","twitter_site":"@fundacjawilkoni","twitter_misc":{"Napisane przez":"Blanka Wyszy\u0144ska-Walczak"},"schema":{"@context":"https:\/\/schema.org","@graph":[{"@type":"Organization","@id":"https:\/\/fundacjawilkonia.pl\/#organization","name":"Fundacja \"Arka\" im. J\u00f3zefa Wilkonia","url":"https:\/\/fundacjawilkonia.pl\/","sameAs":["https:\/\/www.instagram.com\/fundacjawilkonia\/?hl=pl","https:\/\/www.facebook.com\/Fundacja-Wilkonia-221788084540934\/","https:\/\/twitter.com\/fundacjawilkoni"],"logo":{"@type":"ImageObject","inLanguage":"pl-PL","@id":"https:\/\/fundacjawilkonia.pl\/#\/schema\/logo\/image\/","url":"https:\/\/i2.wp.com\/fundacjawilkonia.pl\/wp-content\/uploads\/2016\/09\/10987396_771520442901026_1174624827528049836_n.png?fit=790%2C593&ssl=1","contentUrl":"https:\/\/i2.wp.com\/fundacjawilkonia.pl\/wp-content\/uploads\/2016\/09\/10987396_771520442901026_1174624827528049836_n.png?fit=790%2C593&ssl=1","width":790,"height":593,"caption":"Fundacja \"Arka\" im. J\u00f3zefa Wilkonia"},"image":{"@id":"https:\/\/fundacjawilkonia.pl\/#\/schema\/logo\/image\/"}},{"@type":"WebSite","@id":"https:\/\/fundacjawilkonia.pl\/#website","url":"https:\/\/fundacjawilkonia.pl\/","name":"Fundacja \u201eArka\u201d im. J\u00f3zefa Wilkonia","description":"G\u0142\u00f3wnym celem fundacji jest ochrona i promocja dorobku artystycznego J\u00f3zefa Wilkonia i og\u00f3lnych warto\u015bci zwi\u0105zanych ze sztukami pi\u0119knymi, a w szczeg\u00f3lno\u015bci ilustratorstwem i sztuk\u0105 edytorsk\u0105.","publisher":{"@id":"https:\/\/fundacjawilkonia.pl\/#organization"},"potentialAction":[{"@type":"SearchAction","target":{"@type":"EntryPoint","urlTemplate":"https:\/\/fundacjawilkonia.pl\/?s={search_term_string}"},"query-input":"required name=search_term_string"}],"inLanguage":"pl-PL"},{"@type":"WebPage","@id":"https:\/\/fundacjawilkonia.pl\/index.php\/2017\/05\/09\/marzyciele-don-kichot-wedlug-jozefa-wilkonia-wystawa-w-muzeum-miasta-gdyni28-05-do-11-06-2017\/","url":"https:\/\/fundacjawilkonia.pl\/index.php\/2017\/05\/09\/marzyciele-don-kichot-wedlug-jozefa-wilkonia-wystawa-w-muzeum-miasta-gdyni28-05-do-11-06-2017\/","name":"\"Marzyciele Don Kichot wed\u0142ug J\u00f3zefa Wilkonia\" wystawa w Muzeum Miasta Gdyni(28.04 do 11.06 2017) - Fundacja \u201eArka\u201d im. J\u00f3zefa Wilkonia","isPartOf":{"@id":"https:\/\/fundacjawilkonia.pl\/#website"},"datePublished":"2017-05-09T15:41:27+00:00","dateModified":"2017-05-11T00:28:23+00:00","breadcrumb":{"@id":"https:\/\/fundacjawilkonia.pl\/index.php\/2017\/05\/09\/marzyciele-don-kichot-wedlug-jozefa-wilkonia-wystawa-w-muzeum-miasta-gdyni28-05-do-11-06-2017\/#breadcrumb"},"inLanguage":"pl-PL","potentialAction":[{"@type":"ReadAction","target":["https:\/\/fundacjawilkonia.pl\/index.php\/2017\/05\/09\/marzyciele-don-kichot-wedlug-jozefa-wilkonia-wystawa-w-muzeum-miasta-gdyni28-05-do-11-06-2017\/"]}]},{"@type":"BreadcrumbList","@id":"https:\/\/fundacjawilkonia.pl\/index.php\/2017\/05\/09\/marzyciele-don-kichot-wedlug-jozefa-wilkonia-wystawa-w-muzeum-miasta-gdyni28-05-do-11-06-2017\/#breadcrumb","itemListElement":[{"@type":"ListItem","position":1,"name":"Strona g\u0142\u00f3wna","item":"https:\/\/fundacjawilkonia.pl\/"},{"@type":"ListItem","position":2,"name":"&#8222;Marzyciele Don Kichot wed\u0142ug J\u00f3zefa Wilkonia&#8221; wystawa w Muzeum Miasta Gdyni(28.04 do 11.06 2017)"}]},{"@type":"Article","@id":"https:\/\/fundacjawilkonia.pl\/index.php\/2017\/05\/09\/marzyciele-don-kichot-wedlug-jozefa-wilkonia-wystawa-w-muzeum-miasta-gdyni28-05-do-11-06-2017\/#article","isPartOf":{"@id":"https:\/\/fundacjawilkonia.pl\/index.php\/2017\/05\/09\/marzyciele-don-kichot-wedlug-jozefa-wilkonia-wystawa-w-muzeum-miasta-gdyni28-05-do-11-06-2017\/"},"author":{"name":"Blanka Wyszy\u0144ska-Walczak","@id":"https:\/\/fundacjawilkonia.pl\/#\/schema\/person\/79109e804e49d669b075ce06b2ef94a7"},"headline":"&#8222;Marzyciele Don Kichot wed\u0142ug J\u00f3zefa Wilkonia&#8221; wystawa w Muzeum Miasta Gdyni(28.04 do 11.06 2017)","datePublished":"2017-05-09T15:41:27+00:00","dateModified":"2017-05-11T00:28:23+00:00","mainEntityOfPage":{"@id":"https:\/\/fundacjawilkonia.pl\/index.php\/2017\/05\/09\/marzyciele-don-kichot-wedlug-jozefa-wilkonia-wystawa-w-muzeum-miasta-gdyni28-05-do-11-06-2017\/"},"wordCount":91,"publisher":{"@id":"https:\/\/fundacjawilkonia.pl\/#organization"},"inLanguage":"pl-PL"},{"@type":"Person","@id":"https:\/\/fundacjawilkonia.pl\/#\/schema\/person\/79109e804e49d669b075ce06b2ef94a7","name":"Blanka Wyszy\u0144ska-Walczak","image":{"@type":"ImageObject","inLanguage":"pl-PL","@id":"https:\/\/fundacjawilkonia.pl\/#\/schema\/person\/image\/","url":"https:\/\/secure.gravatar.com\/avatar\/30db7325a34bb69fd3ff7c2370949b39?s=96&d=mm&r=g","contentUrl":"https:\/\/secure.gravatar.com\/avatar\/30db7325a34bb69fd3ff7c2370949b39?s=96&d=mm&r=g","caption":"Blanka Wyszy\u0144ska-Walczak"}}]}},"_links":{"self":[{"href":"https:\/\/fundacjawilkonia.pl\/index.php\/wp-json\/wp\/v2\/posts\/441"}],"collection":[{"href":"https:\/\/fundacjawilkonia.pl\/index.php\/wp-json\/wp\/v2\/posts"}],"about":[{"href":"https:\/\/fundacjawilkonia.pl\/index.php\/wp-json\/wp\/v2\/types\/post"}],"author":[{"embeddable":true,"href":"https:\/\/fundacjawilkonia.pl\/index.php\/wp-json\/wp\/v2\/users\/2"}],"replies":[{"embeddable":true,"href":"https:\/\/fundacjawilkonia.pl\/index.php\/wp-json\/wp\/v2\/comments?post=441"}],"version-history":[{"count":0,"href":"https:\/\/fundacjawilkonia.pl\/index.php\/wp-json\/wp\/v2\/posts\/441\/revisions"}],"wp:featuredmedia":[{"embeddable":true,"href":"https:\/\/fundacjawilkonia.pl\/index.php\/wp-json\/wp\/v2\/media\/440"}],"wp:attachment":[{"href":"https:\/\/fundacjawilkonia.pl\/index.php\/wp-json\/wp\/v2\/media?parent=441"}],"wp:term":[{"taxonomy":"category","embeddable":true,"href":"https:\/\/fundacjawilkonia.pl\/index.php\/wp-json\/wp\/v2\/categories?post=441"},{"taxonomy":"post_tag","embeddable":true,"href":"https:\/\/fundacjawilkonia.pl\/index.php\/wp-json\/wp\/v2\/tags?post=441"}],"curies":[{"name":"wp","href":"https:\/\/api.w.org\/{rel}","templated":true}]}}