{"id":452,"date":"2017-05-11T02:27:13","date_gmt":"2017-05-11T00:27:13","guid":{"rendered":"https:\/\/fundacjawilkonia.pl\/?p=452"},"modified":"2017-05-11T02:27:13","modified_gmt":"2017-05-11T00:27:13","slug":"wystawa-komputerowych-prac-jozefa-wilkonia-w-polsko-japonskiej-akademii-technik-komputerowych-maj-2017","status":"publish","type":"post","link":"https:\/\/fundacjawilkonia.pl\/index.php\/2017\/05\/11\/wystawa-komputerowych-prac-jozefa-wilkonia-w-polsko-japonskiej-akademii-technik-komputerowych-maj-2017\/","title":{"rendered":"Wystawa komputerowych prac J\u00f3zefa Wilkonia w Polsko Japo\u0144skiej Akademii Technik Komputerowych, maj 2017"},"content":{"rendered":"<p>GALERIA MEDIUM na Wydziale Sztuki Nowych Medi\u00f3w PJATK w Warszawie prezentuje \u00a0prace J\u00f3zefa Wilkonia 10.05 do 30.05<\/p>\n<p>cyt.www PJATAK &#8222;Na wystawie przedstawione zostan\u0105 jedne z ostatnich prac graficznych autora, kt\u00f3ry po latach mistrzowskiego opanowania tradycyjnego warsztatu graficznego zwr\u00f3ci\u0142 si\u0119 ku wsp\u00f3\u0142czesnej technice grafiki cyfrowej. Powsta\u0142e w ten spos\u00f3b prace przy pomocy narz\u0119dzia jakim jest komputer \u015bwietnie wpisuj\u0105 si\u0119 w ca\u0142okszta\u0142t tw\u00f3rczo\u015bci artysty i jednocze\u015bnie uzmys\u0142awiaj\u0105 nam jak u\u017cywa\u0107 wsp\u00f3\u0142czesnych \u015brodk\u00f3w wyrazu do stworzenia w\u0142asnego i oryginalnego j\u0119zyka artystycznego.&#8221;<\/p>\n<p>Wystawie towarzyszy katalog<\/p>\n<p><img loading=\"lazy\" class=\"alignnone size-medium wp-image-451\" src=\"\/\/fundacjawilkonia.pl\/wp-content\/uploads\/2017\/05\/Zaproszenie-PJATK-300x201.jpg\" alt=\"\" width=\"300\" height=\"201\" srcset=\"https:\/\/fundacjawilkonia.pl\/wp-content\/uploads\/2017\/05\/Zaproszenie-PJATK-300x201.jpg 300w, https:\/\/fundacjawilkonia.pl\/wp-content\/uploads\/2017\/05\/Zaproszenie-PJATK-768x514.jpg 768w, https:\/\/fundacjawilkonia.pl\/wp-content\/uploads\/2017\/05\/Zaproszenie-PJATK-250x167.jpg 250w, https:\/\/fundacjawilkonia.pl\/wp-content\/uploads\/2017\/05\/Zaproszenie-PJATK.jpg 960w\" sizes=\"(max-width: 300px) 100vw, 300px\" \/><\/p>\n<p><img loading=\"lazy\" class=\"alignnone size-medium wp-image-469\" src=\"\/\/fundacjawilkonia.pl\/wp-content\/uploads\/2017\/05\/\u017cyrafy-2-300x225.jpg\" alt=\"\" width=\"300\" height=\"225\" srcset=\"https:\/\/fundacjawilkonia.pl\/wp-content\/uploads\/2017\/05\/\u017cyrafy-2-300x225.jpg 300w, https:\/\/fundacjawilkonia.pl\/wp-content\/uploads\/2017\/05\/\u017cyrafy-2-768x576.jpg 768w, https:\/\/fundacjawilkonia.pl\/wp-content\/uploads\/2017\/05\/\u017cyrafy-2-1024x768.jpg 1024w, https:\/\/fundacjawilkonia.pl\/wp-content\/uploads\/2017\/05\/\u017cyrafy-2-250x188.jpg 250w, https:\/\/fundacjawilkonia.pl\/wp-content\/uploads\/2017\/05\/\u017cyrafy-2.jpg 2048w\" sizes=\"(max-width: 300px) 100vw, 300px\" \/> <img loading=\"lazy\" class=\"alignnone size-medium wp-image-467\" src=\"\/\/fundacjawilkonia.pl\/wp-content\/uploads\/2017\/05\/\u017cyrafy-6-konstelacja-\u017cyrafy-300x225.jpg\" alt=\"\" width=\"300\" height=\"225\" srcset=\"https:\/\/fundacjawilkonia.pl\/wp-content\/uploads\/2017\/05\/\u017cyrafy-6-konstelacja-\u017cyrafy-300x225.jpg 300w, https:\/\/fundacjawilkonia.pl\/wp-content\/uploads\/2017\/05\/\u017cyrafy-6-konstelacja-\u017cyrafy-768x576.jpg 768w, https:\/\/fundacjawilkonia.pl\/wp-content\/uploads\/2017\/05\/\u017cyrafy-6-konstelacja-\u017cyrafy-1024x768.jpg 1024w, https:\/\/fundacjawilkonia.pl\/wp-content\/uploads\/2017\/05\/\u017cyrafy-6-konstelacja-\u017cyrafy-250x188.jpg 250w, https:\/\/fundacjawilkonia.pl\/wp-content\/uploads\/2017\/05\/\u017cyrafy-6-konstelacja-\u017cyrafy.jpg 2048w\" sizes=\"(max-width: 300px) 100vw, 300px\" \/> <img loading=\"lazy\" class=\"alignnone size-medium wp-image-466\" src=\"\/\/fundacjawilkonia.pl\/wp-content\/uploads\/2017\/05\/zamiast-rybek-3-300x225.jpg\" alt=\"\" width=\"300\" height=\"225\" srcset=\"https:\/\/fundacjawilkonia.pl\/wp-content\/uploads\/2017\/05\/zamiast-rybek-3-300x225.jpg 300w, https:\/\/fundacjawilkonia.pl\/wp-content\/uploads\/2017\/05\/zamiast-rybek-3-768x576.jpg 768w, https:\/\/fundacjawilkonia.pl\/wp-content\/uploads\/2017\/05\/zamiast-rybek-3-1024x768.jpg 1024w, https:\/\/fundacjawilkonia.pl\/wp-content\/uploads\/2017\/05\/zamiast-rybek-3-250x188.jpg 250w, https:\/\/fundacjawilkonia.pl\/wp-content\/uploads\/2017\/05\/zamiast-rybek-3.jpg 2048w\" sizes=\"(max-width: 300px) 100vw, 300px\" \/> <img loading=\"lazy\" class=\"alignnone size-medium wp-image-462\" src=\"\/\/fundacjawilkonia.pl\/wp-content\/uploads\/2017\/05\/konie-tabun-tr\u00f3jka-300x225.jpg\" alt=\"\" width=\"300\" height=\"225\" srcset=\"https:\/\/fundacjawilkonia.pl\/wp-content\/uploads\/2017\/05\/konie-tabun-tr\u00f3jka-300x225.jpg 300w, https:\/\/fundacjawilkonia.pl\/wp-content\/uploads\/2017\/05\/konie-tabun-tr\u00f3jka-768x576.jpg 768w, https:\/\/fundacjawilkonia.pl\/wp-content\/uploads\/2017\/05\/konie-tabun-tr\u00f3jka.jpg 1024w, https:\/\/fundacjawilkonia.pl\/wp-content\/uploads\/2017\/05\/konie-tabun-tr\u00f3jka-250x188.jpg 250w\" sizes=\"(max-width: 300px) 100vw, 300px\" \/> <img loading=\"lazy\" class=\"alignnone size-medium wp-image-459\" src=\"\/\/fundacjawilkonia.pl\/wp-content\/uploads\/2017\/05\/image_00103-225x300.jpg\" alt=\"\" width=\"225\" height=\"300\" srcset=\"https:\/\/fundacjawilkonia.pl\/wp-content\/uploads\/2017\/05\/image_00103-225x300.jpg 225w, https:\/\/fundacjawilkonia.pl\/wp-content\/uploads\/2017\/05\/image_00103.jpg 768w, https:\/\/fundacjawilkonia.pl\/wp-content\/uploads\/2017\/05\/image_00103-188x250.jpg 188w\" sizes=\"(max-width: 225px) 100vw, 225px\" \/> <img loading=\"lazy\" class=\"alignnone size-medium wp-image-458\" src=\"\/\/fundacjawilkonia.pl\/wp-content\/uploads\/2017\/05\/B\u0142\u0119kinta-Rapsodnia-Gershwin-10-225x300.jpg\" alt=\"\" width=\"225\" height=\"300\" srcset=\"https:\/\/fundacjawilkonia.pl\/wp-content\/uploads\/2017\/05\/B\u0142\u0119kinta-Rapsodnia-Gershwin-10-225x300.jpg 225w, https:\/\/fundacjawilkonia.pl\/wp-content\/uploads\/2017\/05\/B\u0142\u0119kinta-Rapsodnia-Gershwin-10-768x1024.jpg 768w, https:\/\/fundacjawilkonia.pl\/wp-content\/uploads\/2017\/05\/B\u0142\u0119kinta-Rapsodnia-Gershwin-10-188x250.jpg 188w, https:\/\/fundacjawilkonia.pl\/wp-content\/uploads\/2017\/05\/B\u0142\u0119kinta-Rapsodnia-Gershwin-10.jpg 1536w\" sizes=\"(max-width: 225px) 100vw, 225px\" \/> <img loading=\"lazy\" class=\"alignnone size-medium wp-image-457\" src=\"\/\/fundacjawilkonia.pl\/wp-content\/uploads\/2017\/05\/\u017cyrafy-5-300x225.jpg\" alt=\"\" width=\"300\" height=\"225\" srcset=\"https:\/\/fundacjawilkonia.pl\/wp-content\/uploads\/2017\/05\/\u017cyrafy-5-300x225.jpg 300w, https:\/\/fundacjawilkonia.pl\/wp-content\/uploads\/2017\/05\/\u017cyrafy-5-768x576.jpg 768w, https:\/\/fundacjawilkonia.pl\/wp-content\/uploads\/2017\/05\/\u017cyrafy-5-1024x768.jpg 1024w, https:\/\/fundacjawilkonia.pl\/wp-content\/uploads\/2017\/05\/\u017cyrafy-5-250x188.jpg 250w, https:\/\/fundacjawilkonia.pl\/wp-content\/uploads\/2017\/05\/\u017cyrafy-5.jpg 2048w\" sizes=\"(max-width: 300px) 100vw, 300px\" \/><\/p>\n","protected":false},"excerpt":{"rendered":"<p>GALERIA MEDIUM na Wydziale Sztuki Nowych Medi\u00f3w PJATK w Warszawie prezentuje \u00a0prace J\u00f3zefa Wilkonia 10.05 do 30.05 cyt.www PJATAK &#8222;Na [&hellip;]<\/p>\n","protected":false},"author":2,"featured_media":451,"comment_status":"closed","ping_status":"closed","sticky":false,"template":"","format":"standard","meta":[],"categories":[1],"tags":[],"yoast_head":"<!-- This site is optimized with the Yoast SEO plugin v19.4 - https:\/\/yoast.com\/wordpress\/plugins\/seo\/ -->\n<title>Wystawa komputerowych prac J\u00f3zefa Wilkonia w Polsko Japo\u0144skiej Akademii Technik Komputerowych, maj 2017 - Fundacja \u201eArka\u201d im. J\u00f3zefa Wilkonia<\/title>\n<meta name=\"robots\" content=\"index, follow, max-snippet:-1, max-image-preview:large, max-video-preview:-1\" \/>\n<link rel=\"canonical\" href=\"https:\/\/fundacjawilkonia.pl\/index.php\/2017\/05\/11\/wystawa-komputerowych-prac-jozefa-wilkonia-w-polsko-japonskiej-akademii-technik-komputerowych-maj-2017\/\" \/>\n<meta property=\"og:locale\" content=\"pl_PL\" \/>\n<meta property=\"og:type\" content=\"article\" \/>\n<meta property=\"og:title\" content=\"Wystawa komputerowych prac J\u00f3zefa Wilkonia w Polsko Japo\u0144skiej Akademii Technik Komputerowych, maj 2017 - Fundacja \u201eArka\u201d im. J\u00f3zefa Wilkonia\" \/>\n<meta property=\"og:description\" content=\"GALERIA MEDIUM na Wydziale Sztuki Nowych Medi\u00f3w PJATK w Warszawie prezentuje \u00a0prace J\u00f3zefa Wilkonia 10.05 do 30.05 cyt.www PJATAK &#8222;Na [&hellip;]\" \/>\n<meta property=\"og:url\" content=\"https:\/\/fundacjawilkonia.pl\/index.php\/2017\/05\/11\/wystawa-komputerowych-prac-jozefa-wilkonia-w-polsko-japonskiej-akademii-technik-komputerowych-maj-2017\/\" \/>\n<meta property=\"og:site_name\" content=\"Fundacja \u201eArka\u201d im. J\u00f3zefa Wilkonia\" \/>\n<meta property=\"article:publisher\" content=\"https:\/\/www.facebook.com\/Fundacja-Wilkonia-221788084540934\/\" \/>\n<meta property=\"article:published_time\" content=\"2017-05-11T00:27:13+00:00\" \/>\n<meta property=\"og:image\" content=\"https:\/\/fundacjawilkonia.pl\/wp-content\/uploads\/2017\/05\/Zaproszenie-PJATK.jpg\" \/>\n\t<meta property=\"og:image:width\" content=\"960\" \/>\n\t<meta property=\"og:image:height\" content=\"643\" \/>\n\t<meta property=\"og:image:type\" content=\"image\/jpeg\" \/>\n<meta name=\"author\" content=\"Blanka Wyszy\u0144ska-Walczak\" \/>\n<meta name=\"twitter:card\" content=\"summary_large_image\" \/>\n<meta name=\"twitter:creator\" content=\"@fundacjawilkoni\" \/>\n<meta name=\"twitter:site\" content=\"@fundacjawilkoni\" \/>\n<meta name=\"twitter:label1\" content=\"Napisane przez\" \/>\n\t<meta name=\"twitter:data1\" content=\"Blanka Wyszy\u0144ska-Walczak\" \/>\n<script type=\"application\/ld+json\" class=\"yoast-schema-graph\">{\"@context\":\"https:\/\/schema.org\",\"@graph\":[{\"@type\":\"Organization\",\"@id\":\"https:\/\/fundacjawilkonia.pl\/#organization\",\"name\":\"Fundacja \\\"Arka\\\" im. J\u00f3zefa Wilkonia\",\"url\":\"https:\/\/fundacjawilkonia.pl\/\",\"sameAs\":[\"https:\/\/www.instagram.com\/fundacjawilkonia\/?hl=pl\",\"https:\/\/www.facebook.com\/Fundacja-Wilkonia-221788084540934\/\",\"https:\/\/twitter.com\/fundacjawilkoni\"],\"logo\":{\"@type\":\"ImageObject\",\"inLanguage\":\"pl-PL\",\"@id\":\"https:\/\/fundacjawilkonia.pl\/#\/schema\/logo\/image\/\",\"url\":\"https:\/\/i2.wp.com\/fundacjawilkonia.pl\/wp-content\/uploads\/2016\/09\/10987396_771520442901026_1174624827528049836_n.png?fit=790%2C593&ssl=1\",\"contentUrl\":\"https:\/\/i2.wp.com\/fundacjawilkonia.pl\/wp-content\/uploads\/2016\/09\/10987396_771520442901026_1174624827528049836_n.png?fit=790%2C593&ssl=1\",\"width\":790,\"height\":593,\"caption\":\"Fundacja \\\"Arka\\\" im. J\u00f3zefa Wilkonia\"},\"image\":{\"@id\":\"https:\/\/fundacjawilkonia.pl\/#\/schema\/logo\/image\/\"}},{\"@type\":\"WebSite\",\"@id\":\"https:\/\/fundacjawilkonia.pl\/#website\",\"url\":\"https:\/\/fundacjawilkonia.pl\/\",\"name\":\"Fundacja \u201eArka\u201d im. J\u00f3zefa Wilkonia\",\"description\":\"G\u0142\u00f3wnym celem fundacji jest ochrona i promocja dorobku artystycznego J\u00f3zefa Wilkonia i og\u00f3lnych warto\u015bci zwi\u0105zanych ze sztukami pi\u0119knymi, a w szczeg\u00f3lno\u015bci ilustratorstwem i sztuk\u0105 edytorsk\u0105.\",\"publisher\":{\"@id\":\"https:\/\/fundacjawilkonia.pl\/#organization\"},\"potentialAction\":[{\"@type\":\"SearchAction\",\"target\":{\"@type\":\"EntryPoint\",\"urlTemplate\":\"https:\/\/fundacjawilkonia.pl\/?s={search_term_string}\"},\"query-input\":\"required name=search_term_string\"}],\"inLanguage\":\"pl-PL\"},{\"@type\":\"WebPage\",\"@id\":\"https:\/\/fundacjawilkonia.pl\/index.php\/2017\/05\/11\/wystawa-komputerowych-prac-jozefa-wilkonia-w-polsko-japonskiej-akademii-technik-komputerowych-maj-2017\/\",\"url\":\"https:\/\/fundacjawilkonia.pl\/index.php\/2017\/05\/11\/wystawa-komputerowych-prac-jozefa-wilkonia-w-polsko-japonskiej-akademii-technik-komputerowych-maj-2017\/\",\"name\":\"Wystawa komputerowych prac J\u00f3zefa Wilkonia w Polsko Japo\u0144skiej Akademii Technik Komputerowych, maj 2017 - Fundacja \u201eArka\u201d im. J\u00f3zefa Wilkonia\",\"isPartOf\":{\"@id\":\"https:\/\/fundacjawilkonia.pl\/#website\"},\"datePublished\":\"2017-05-11T00:27:13+00:00\",\"dateModified\":\"2017-05-11T00:27:13+00:00\",\"breadcrumb\":{\"@id\":\"https:\/\/fundacjawilkonia.pl\/index.php\/2017\/05\/11\/wystawa-komputerowych-prac-jozefa-wilkonia-w-polsko-japonskiej-akademii-technik-komputerowych-maj-2017\/#breadcrumb\"},\"inLanguage\":\"pl-PL\",\"potentialAction\":[{\"@type\":\"ReadAction\",\"target\":[\"https:\/\/fundacjawilkonia.pl\/index.php\/2017\/05\/11\/wystawa-komputerowych-prac-jozefa-wilkonia-w-polsko-japonskiej-akademii-technik-komputerowych-maj-2017\/\"]}]},{\"@type\":\"BreadcrumbList\",\"@id\":\"https:\/\/fundacjawilkonia.pl\/index.php\/2017\/05\/11\/wystawa-komputerowych-prac-jozefa-wilkonia-w-polsko-japonskiej-akademii-technik-komputerowych-maj-2017\/#breadcrumb\",\"itemListElement\":[{\"@type\":\"ListItem\",\"position\":1,\"name\":\"Strona g\u0142\u00f3wna\",\"item\":\"https:\/\/fundacjawilkonia.pl\/\"},{\"@type\":\"ListItem\",\"position\":2,\"name\":\"Wystawa komputerowych prac J\u00f3zefa Wilkonia w Polsko Japo\u0144skiej Akademii Technik Komputerowych, maj 2017\"}]},{\"@type\":\"Article\",\"@id\":\"https:\/\/fundacjawilkonia.pl\/index.php\/2017\/05\/11\/wystawa-komputerowych-prac-jozefa-wilkonia-w-polsko-japonskiej-akademii-technik-komputerowych-maj-2017\/#article\",\"isPartOf\":{\"@id\":\"https:\/\/fundacjawilkonia.pl\/index.php\/2017\/05\/11\/wystawa-komputerowych-prac-jozefa-wilkonia-w-polsko-japonskiej-akademii-technik-komputerowych-maj-2017\/\"},\"author\":{\"name\":\"Blanka Wyszy\u0144ska-Walczak\",\"@id\":\"https:\/\/fundacjawilkonia.pl\/#\/schema\/person\/79109e804e49d669b075ce06b2ef94a7\"},\"headline\":\"Wystawa komputerowych prac J\u00f3zefa Wilkonia w Polsko Japo\u0144skiej Akademii Technik Komputerowych, maj 2017\",\"datePublished\":\"2017-05-11T00:27:13+00:00\",\"dateModified\":\"2017-05-11T00:27:13+00:00\",\"mainEntityOfPage\":{\"@id\":\"https:\/\/fundacjawilkonia.pl\/index.php\/2017\/05\/11\/wystawa-komputerowych-prac-jozefa-wilkonia-w-polsko-japonskiej-akademii-technik-komputerowych-maj-2017\/\"},\"wordCount\":113,\"publisher\":{\"@id\":\"https:\/\/fundacjawilkonia.pl\/#organization\"},\"inLanguage\":\"pl-PL\"},{\"@type\":\"Person\",\"@id\":\"https:\/\/fundacjawilkonia.pl\/#\/schema\/person\/79109e804e49d669b075ce06b2ef94a7\",\"name\":\"Blanka Wyszy\u0144ska-Walczak\",\"image\":{\"@type\":\"ImageObject\",\"inLanguage\":\"pl-PL\",\"@id\":\"https:\/\/fundacjawilkonia.pl\/#\/schema\/person\/image\/\",\"url\":\"https:\/\/secure.gravatar.com\/avatar\/30db7325a34bb69fd3ff7c2370949b39?s=96&d=mm&r=g\",\"contentUrl\":\"https:\/\/secure.gravatar.com\/avatar\/30db7325a34bb69fd3ff7c2370949b39?s=96&d=mm&r=g\",\"caption\":\"Blanka Wyszy\u0144ska-Walczak\"}}]}<\/script>\n<!-- \/ Yoast SEO plugin. -->","yoast_head_json":{"title":"Wystawa komputerowych prac J\u00f3zefa Wilkonia w Polsko Japo\u0144skiej Akademii Technik Komputerowych, maj 2017 - Fundacja \u201eArka\u201d im. J\u00f3zefa Wilkonia","robots":{"index":"index","follow":"follow","max-snippet":"max-snippet:-1","max-image-preview":"max-image-preview:large","max-video-preview":"max-video-preview:-1"},"canonical":"https:\/\/fundacjawilkonia.pl\/index.php\/2017\/05\/11\/wystawa-komputerowych-prac-jozefa-wilkonia-w-polsko-japonskiej-akademii-technik-komputerowych-maj-2017\/","og_locale":"pl_PL","og_type":"article","og_title":"Wystawa komputerowych prac J\u00f3zefa Wilkonia w Polsko Japo\u0144skiej Akademii Technik Komputerowych, maj 2017 - Fundacja \u201eArka\u201d im. J\u00f3zefa Wilkonia","og_description":"GALERIA MEDIUM na Wydziale Sztuki Nowych Medi\u00f3w PJATK w Warszawie prezentuje \u00a0prace J\u00f3zefa Wilkonia 10.05 do 30.05 cyt.www PJATAK &#8222;Na [&hellip;]","og_url":"https:\/\/fundacjawilkonia.pl\/index.php\/2017\/05\/11\/wystawa-komputerowych-prac-jozefa-wilkonia-w-polsko-japonskiej-akademii-technik-komputerowych-maj-2017\/","og_site_name":"Fundacja \u201eArka\u201d im. J\u00f3zefa Wilkonia","article_publisher":"https:\/\/www.facebook.com\/Fundacja-Wilkonia-221788084540934\/","article_published_time":"2017-05-11T00:27:13+00:00","og_image":[{"width":960,"height":643,"url":"https:\/\/fundacjawilkonia.pl\/wp-content\/uploads\/2017\/05\/Zaproszenie-PJATK.jpg","type":"image\/jpeg"}],"author":"Blanka Wyszy\u0144ska-Walczak","twitter_card":"summary_large_image","twitter_creator":"@fundacjawilkoni","twitter_site":"@fundacjawilkoni","twitter_misc":{"Napisane przez":"Blanka Wyszy\u0144ska-Walczak"},"schema":{"@context":"https:\/\/schema.org","@graph":[{"@type":"Organization","@id":"https:\/\/fundacjawilkonia.pl\/#organization","name":"Fundacja \"Arka\" im. J\u00f3zefa Wilkonia","url":"https:\/\/fundacjawilkonia.pl\/","sameAs":["https:\/\/www.instagram.com\/fundacjawilkonia\/?hl=pl","https:\/\/www.facebook.com\/Fundacja-Wilkonia-221788084540934\/","https:\/\/twitter.com\/fundacjawilkoni"],"logo":{"@type":"ImageObject","inLanguage":"pl-PL","@id":"https:\/\/fundacjawilkonia.pl\/#\/schema\/logo\/image\/","url":"https:\/\/i2.wp.com\/fundacjawilkonia.pl\/wp-content\/uploads\/2016\/09\/10987396_771520442901026_1174624827528049836_n.png?fit=790%2C593&ssl=1","contentUrl":"https:\/\/i2.wp.com\/fundacjawilkonia.pl\/wp-content\/uploads\/2016\/09\/10987396_771520442901026_1174624827528049836_n.png?fit=790%2C593&ssl=1","width":790,"height":593,"caption":"Fundacja \"Arka\" im. J\u00f3zefa Wilkonia"},"image":{"@id":"https:\/\/fundacjawilkonia.pl\/#\/schema\/logo\/image\/"}},{"@type":"WebSite","@id":"https:\/\/fundacjawilkonia.pl\/#website","url":"https:\/\/fundacjawilkonia.pl\/","name":"Fundacja \u201eArka\u201d im. J\u00f3zefa Wilkonia","description":"G\u0142\u00f3wnym celem fundacji jest ochrona i promocja dorobku artystycznego J\u00f3zefa Wilkonia i og\u00f3lnych warto\u015bci zwi\u0105zanych ze sztukami pi\u0119knymi, a w szczeg\u00f3lno\u015bci ilustratorstwem i sztuk\u0105 edytorsk\u0105.","publisher":{"@id":"https:\/\/fundacjawilkonia.pl\/#organization"},"potentialAction":[{"@type":"SearchAction","target":{"@type":"EntryPoint","urlTemplate":"https:\/\/fundacjawilkonia.pl\/?s={search_term_string}"},"query-input":"required name=search_term_string"}],"inLanguage":"pl-PL"},{"@type":"WebPage","@id":"https:\/\/fundacjawilkonia.pl\/index.php\/2017\/05\/11\/wystawa-komputerowych-prac-jozefa-wilkonia-w-polsko-japonskiej-akademii-technik-komputerowych-maj-2017\/","url":"https:\/\/fundacjawilkonia.pl\/index.php\/2017\/05\/11\/wystawa-komputerowych-prac-jozefa-wilkonia-w-polsko-japonskiej-akademii-technik-komputerowych-maj-2017\/","name":"Wystawa komputerowych prac J\u00f3zefa Wilkonia w Polsko Japo\u0144skiej Akademii Technik Komputerowych, maj 2017 - Fundacja \u201eArka\u201d im. J\u00f3zefa Wilkonia","isPartOf":{"@id":"https:\/\/fundacjawilkonia.pl\/#website"},"datePublished":"2017-05-11T00:27:13+00:00","dateModified":"2017-05-11T00:27:13+00:00","breadcrumb":{"@id":"https:\/\/fundacjawilkonia.pl\/index.php\/2017\/05\/11\/wystawa-komputerowych-prac-jozefa-wilkonia-w-polsko-japonskiej-akademii-technik-komputerowych-maj-2017\/#breadcrumb"},"inLanguage":"pl-PL","potentialAction":[{"@type":"ReadAction","target":["https:\/\/fundacjawilkonia.pl\/index.php\/2017\/05\/11\/wystawa-komputerowych-prac-jozefa-wilkonia-w-polsko-japonskiej-akademii-technik-komputerowych-maj-2017\/"]}]},{"@type":"BreadcrumbList","@id":"https:\/\/fundacjawilkonia.pl\/index.php\/2017\/05\/11\/wystawa-komputerowych-prac-jozefa-wilkonia-w-polsko-japonskiej-akademii-technik-komputerowych-maj-2017\/#breadcrumb","itemListElement":[{"@type":"ListItem","position":1,"name":"Strona g\u0142\u00f3wna","item":"https:\/\/fundacjawilkonia.pl\/"},{"@type":"ListItem","position":2,"name":"Wystawa komputerowych prac J\u00f3zefa Wilkonia w Polsko Japo\u0144skiej Akademii Technik Komputerowych, maj 2017"}]},{"@type":"Article","@id":"https:\/\/fundacjawilkonia.pl\/index.php\/2017\/05\/11\/wystawa-komputerowych-prac-jozefa-wilkonia-w-polsko-japonskiej-akademii-technik-komputerowych-maj-2017\/#article","isPartOf":{"@id":"https:\/\/fundacjawilkonia.pl\/index.php\/2017\/05\/11\/wystawa-komputerowych-prac-jozefa-wilkonia-w-polsko-japonskiej-akademii-technik-komputerowych-maj-2017\/"},"author":{"name":"Blanka Wyszy\u0144ska-Walczak","@id":"https:\/\/fundacjawilkonia.pl\/#\/schema\/person\/79109e804e49d669b075ce06b2ef94a7"},"headline":"Wystawa komputerowych prac J\u00f3zefa Wilkonia w Polsko Japo\u0144skiej Akademii Technik Komputerowych, maj 2017","datePublished":"2017-05-11T00:27:13+00:00","dateModified":"2017-05-11T00:27:13+00:00","mainEntityOfPage":{"@id":"https:\/\/fundacjawilkonia.pl\/index.php\/2017\/05\/11\/wystawa-komputerowych-prac-jozefa-wilkonia-w-polsko-japonskiej-akademii-technik-komputerowych-maj-2017\/"},"wordCount":113,"publisher":{"@id":"https:\/\/fundacjawilkonia.pl\/#organization"},"inLanguage":"pl-PL"},{"@type":"Person","@id":"https:\/\/fundacjawilkonia.pl\/#\/schema\/person\/79109e804e49d669b075ce06b2ef94a7","name":"Blanka Wyszy\u0144ska-Walczak","image":{"@type":"ImageObject","inLanguage":"pl-PL","@id":"https:\/\/fundacjawilkonia.pl\/#\/schema\/person\/image\/","url":"https:\/\/secure.gravatar.com\/avatar\/30db7325a34bb69fd3ff7c2370949b39?s=96&d=mm&r=g","contentUrl":"https:\/\/secure.gravatar.com\/avatar\/30db7325a34bb69fd3ff7c2370949b39?s=96&d=mm&r=g","caption":"Blanka Wyszy\u0144ska-Walczak"}}]}},"_links":{"self":[{"href":"https:\/\/fundacjawilkonia.pl\/index.php\/wp-json\/wp\/v2\/posts\/452"}],"collection":[{"href":"https:\/\/fundacjawilkonia.pl\/index.php\/wp-json\/wp\/v2\/posts"}],"about":[{"href":"https:\/\/fundacjawilkonia.pl\/index.php\/wp-json\/wp\/v2\/types\/post"}],"author":[{"embeddable":true,"href":"https:\/\/fundacjawilkonia.pl\/index.php\/wp-json\/wp\/v2\/users\/2"}],"replies":[{"embeddable":true,"href":"https:\/\/fundacjawilkonia.pl\/index.php\/wp-json\/wp\/v2\/comments?post=452"}],"version-history":[{"count":0,"href":"https:\/\/fundacjawilkonia.pl\/index.php\/wp-json\/wp\/v2\/posts\/452\/revisions"}],"wp:featuredmedia":[{"embeddable":true,"href":"https:\/\/fundacjawilkonia.pl\/index.php\/wp-json\/wp\/v2\/media\/451"}],"wp:attachment":[{"href":"https:\/\/fundacjawilkonia.pl\/index.php\/wp-json\/wp\/v2\/media?parent=452"}],"wp:term":[{"taxonomy":"category","embeddable":true,"href":"https:\/\/fundacjawilkonia.pl\/index.php\/wp-json\/wp\/v2\/categories?post=452"},{"taxonomy":"post_tag","embeddable":true,"href":"https:\/\/fundacjawilkonia.pl\/index.php\/wp-json\/wp\/v2\/tags?post=452"}],"curies":[{"name":"wp","href":"https:\/\/api.w.org\/{rel}","templated":true}]}}