{"id":732,"date":"2018-06-07T23:29:54","date_gmt":"2018-06-07T21:29:54","guid":{"rendered":"https:\/\/fundacjawilkonia.pl\/?p=732"},"modified":"2018-06-07T23:53:57","modified_gmt":"2018-06-07T21:53:57","slug":"732","status":"publish","type":"post","link":"https:\/\/fundacjawilkonia.pl\/index.php\/2018\/06\/07\/732\/","title":{"rendered":"Wystawa KORNIK DRUKARZ"},"content":{"rendered":"<p>KORNIK DRUKARZ,\u00a0 wystawa\u00a0 trzech\u00a0 artyst\u00f3w J\u00f3zefa Wilkonia, Jozefa Pil\u00e1ta i Jacka Kusza ,kt\u00f3rych po\u0142\u0105czy\u0142 wyj\u0105tkowy stosunek do natury,\u00a0 a w szczeg\u00f3lno\u015bci do fenomenu Lasu. Dzie\u0142a\u00a0 by\u0142y prezentowane we wn\u0119trzach dawnego Pa\u0142acu Brzozowskich. Tytu\u0142 wystawy nawi\u0105zuje do ostatnich wydarze\u0144 dotycz\u0105cych\u00a0 Puszczy Bia\u0142owieskiej, kt\u00f3rych Kornik drukarz sta\u0142 si\u0119 g\u0142\u00f3wnym bohaterem<\/p>\n<p>&nbsp;<\/p>\n<p><a href=\"https:\/\/www.facebook.com\/J%C3%B3zef-Wilko%C5%84-116966155046433\/\" target=\"_blank\" rel=\"noopener\">J\u00f3zef Wilko\u0144<\/a> uznany ilustrator, malarz, rze\u017abiarz, tw\u00f3rca plakat\u00f3w i scenografii teatralnych, na kt\u00f3rego drewnianych obiektach widniej\u0105 \u017c\u0142obienia pieczo\u0142owicie wygryzione przez kornika drukarza, fotograf i ekolog <a href=\"https:\/\/www.facebook.com\/jacek.kusz.71\" target=\"_blank\" rel=\"noopener\">Jacek Kusz<\/a> zajmuj\u0105cy si\u0119 ochron\u0105 starych las\u00f3w i bagien, aktywnie uczestnicz\u0105cy w dzia\u0142aniach w obronie Puszczy, udokumentowa\u0142 w poetyckich uj\u0119ciach przykuwaj\u0105cych si\u0119 do harvester\u00f3w aktywist\u00f3w, <a href=\"https:\/\/www.facebook.com\/jozef.pilat.1\" target=\"_blank\" rel=\"noopener\">Jozef Pil\u00e1t<\/a> urodzony po drugiej stronie Tatr, tworz\u0105cy m.in. wielkoformatowe instalacje przy wykorzystaniu odbitek drzeworytniczych, znajduje inspiracje w naturze przekszta\u0142caj\u0105c jej metafizyczn\u0105 form\u0119 w nowe media,<\/p>\n<p>Wystawie towarzyszy\u0142 pokaz ta\u0144ca butoh w wykonaniu <a href=\"https:\/\/www.facebook.com\/strofa\" target=\"_blank\" rel=\"noopener\">Anna Juniewicz<\/a> i <a href=\"https:\/\/www.facebook.com\/wojtek.matejko.39\" target=\"_blank\" rel=\"noopener\">Wojtek Matejko<\/a>, kt\u00f3rzy w zesz\u0142ym roku w miejscu wycinki Puszczy Bia\u0142owieskiej wraz z publiczno\u015bci\u0105 stworzyli przestrze\u0144 performansu \u2013 protestu, oraz muzyczne kompozycje Olgierda Dokalskiego\u00a0 tr\u0119bacz samouk, kompozytor tworz\u0105cy utwory b\u0119d\u0105ce po\u0142\u0105czeniem wp\u0142yw\u00f3w muzyki tradycyjnej, ludowej i elektronicznej oraz <a href=\"https:\/\/www.facebook.com\/michaelkolow\" target=\"_blank\" rel=\"noopener\">Micha\u0142 Ko\u0142owacik<\/a> (<a href=\"https:\/\/www.facebook.com\/dealecho\/\" target=\"_blank\" rel=\"noopener\">Echo Deal<\/a>) dla kt\u00f3rego podstaw\u0105 wyst\u0119p\u00f3w na \u017cywo s\u0105 struktury przestrzenne oraz improwizacja bazuj\u0105ca na reakcjach miejsca i odbiorc\u00f3w.<\/p>\n<p>termin 19 maja ( Noc Muze\u00f3w)\u00a0 do 26 maja 2018<\/p>\n<p><img loading=\"lazy\" class=\"alignnone size-medium wp-image-731\" src=\"https:\/\/fundacjawilkonia.pl\/wp-content\/uploads\/2018\/06\/Kornik_drukarz_ekspozycja_fot.-Filip_Dowjat-120zm-200x300.jpg\" alt=\"\" width=\"200\" height=\"300\" srcset=\"https:\/\/fundacjawilkonia.pl\/wp-content\/uploads\/2018\/06\/Kornik_drukarz_ekspozycja_fot.-Filip_Dowjat-120zm-200x300.jpg 200w, https:\/\/fundacjawilkonia.pl\/wp-content\/uploads\/2018\/06\/Kornik_drukarz_ekspozycja_fot.-Filip_Dowjat-120zm-683x1024.jpg 683w, https:\/\/fundacjawilkonia.pl\/wp-content\/uploads\/2018\/06\/Kornik_drukarz_ekspozycja_fot.-Filip_Dowjat-120zm.jpg 692w\" sizes=\"(max-width: 200px) 100vw, 200px\" \/> <img loading=\"lazy\" class=\"alignnone size-medium wp-image-730\" src=\"https:\/\/fundacjawilkonia.pl\/wp-content\/uploads\/2018\/06\/Kornik_drukarz_ekspozycja_fot.-Filip_Dowjat-118-zm-200x300.jpg\" alt=\"\" width=\"200\" height=\"300\" srcset=\"https:\/\/fundacjawilkonia.pl\/wp-content\/uploads\/2018\/06\/Kornik_drukarz_ekspozycja_fot.-Filip_Dowjat-118-zm-200x300.jpg 200w, https:\/\/fundacjawilkonia.pl\/wp-content\/uploads\/2018\/06\/Kornik_drukarz_ekspozycja_fot.-Filip_Dowjat-118-zm-683x1024.jpg 683w, https:\/\/fundacjawilkonia.pl\/wp-content\/uploads\/2018\/06\/Kornik_drukarz_ekspozycja_fot.-Filip_Dowjat-118-zm.jpg 692w\" sizes=\"(max-width: 200px) 100vw, 200px\" \/> <img loading=\"lazy\" class=\"alignnone size-medium wp-image-729\" src=\"https:\/\/fundacjawilkonia.pl\/wp-content\/uploads\/2018\/06\/Kornik_drukarz_ekspozycja_fot.-Filip_Dowjat-110zm-300x200.jpg\" alt=\"\" width=\"300\" height=\"200\" srcset=\"https:\/\/fundacjawilkonia.pl\/wp-content\/uploads\/2018\/06\/Kornik_drukarz_ekspozycja_fot.-Filip_Dowjat-110zm-300x200.jpg 300w, https:\/\/fundacjawilkonia.pl\/wp-content\/uploads\/2018\/06\/Kornik_drukarz_ekspozycja_fot.-Filip_Dowjat-110zm-768x512.jpg 768w, https:\/\/fundacjawilkonia.pl\/wp-content\/uploads\/2018\/06\/Kornik_drukarz_ekspozycja_fot.-Filip_Dowjat-110zm-1024x683.jpg 1024w, https:\/\/fundacjawilkonia.pl\/wp-content\/uploads\/2018\/06\/Kornik_drukarz_ekspozycja_fot.-Filip_Dowjat-110zm.jpg 1037w\" sizes=\"(max-width: 300px) 100vw, 300px\" \/> <img loading=\"lazy\" class=\"alignnone size-medium wp-image-728\" src=\"https:\/\/fundacjawilkonia.pl\/wp-content\/uploads\/2018\/06\/Kornik_drukarz_ekspozycja_fot.-Filip_Dowjat-76zm-300x200.jpg\" alt=\"\" width=\"300\" height=\"200\" srcset=\"https:\/\/fundacjawilkonia.pl\/wp-content\/uploads\/2018\/06\/Kornik_drukarz_ekspozycja_fot.-Filip_Dowjat-76zm-300x200.jpg 300w, https:\/\/fundacjawilkonia.pl\/wp-content\/uploads\/2018\/06\/Kornik_drukarz_ekspozycja_fot.-Filip_Dowjat-76zm-768x512.jpg 768w, https:\/\/fundacjawilkonia.pl\/wp-content\/uploads\/2018\/06\/Kornik_drukarz_ekspozycja_fot.-Filip_Dowjat-76zm-1024x682.jpg 1024w, https:\/\/fundacjawilkonia.pl\/wp-content\/uploads\/2018\/06\/Kornik_drukarz_ekspozycja_fot.-Filip_Dowjat-76zm.jpg 1556w\" sizes=\"(max-width: 300px) 100vw, 300px\" \/> <img loading=\"lazy\" class=\"alignnone size-medium wp-image-727\" src=\"https:\/\/fundacjawilkonia.pl\/wp-content\/uploads\/2018\/06\/Kornik_drukarz_ekspozycja_fot.-Filip_Dowjat-51zm-200x300.jpg\" alt=\"\" width=\"200\" height=\"300\" srcset=\"https:\/\/fundacjawilkonia.pl\/wp-content\/uploads\/2018\/06\/Kornik_drukarz_ekspozycja_fot.-Filip_Dowjat-51zm-200x300.jpg 200w, https:\/\/fundacjawilkonia.pl\/wp-content\/uploads\/2018\/06\/Kornik_drukarz_ekspozycja_fot.-Filip_Dowjat-51zm-683x1024.jpg 683w, https:\/\/fundacjawilkonia.pl\/wp-content\/uploads\/2018\/06\/Kornik_drukarz_ekspozycja_fot.-Filip_Dowjat-51zm.jpg 692w\" sizes=\"(max-width: 200px) 100vw, 200px\" \/> <img loading=\"lazy\" class=\"alignnone size-medium wp-image-726\" src=\"https:\/\/fundacjawilkonia.pl\/wp-content\/uploads\/2018\/06\/Kornik_drukarz_ekspozycja_fot.-Filip_Dowjat-25zm-200x300.jpg\" alt=\"\" width=\"200\" height=\"300\" srcset=\"https:\/\/fundacjawilkonia.pl\/wp-content\/uploads\/2018\/06\/Kornik_drukarz_ekspozycja_fot.-Filip_Dowjat-25zm-200x300.jpg 200w, https:\/\/fundacjawilkonia.pl\/wp-content\/uploads\/2018\/06\/Kornik_drukarz_ekspozycja_fot.-Filip_Dowjat-25zm-683x1024.jpg 683w, https:\/\/fundacjawilkonia.pl\/wp-content\/uploads\/2018\/06\/Kornik_drukarz_ekspozycja_fot.-Filip_Dowjat-25zm.jpg 692w\" sizes=\"(max-width: 200px) 100vw, 200px\" \/><\/p>\n<p>foto. Filip Dowjat<\/p>\n<p>&nbsp;<\/p>\n<p>f<img loading=\"lazy\" class=\"alignnone size-medium wp-image-724\" src=\"https:\/\/fundacjawilkonia.pl\/wp-content\/uploads\/2018\/06\/IMG_0560-300x225.jpg\" alt=\"\" width=\"300\" height=\"225\" srcset=\"https:\/\/fundacjawilkonia.pl\/wp-content\/uploads\/2018\/06\/IMG_0560-300x225.jpg 300w, https:\/\/fundacjawilkonia.pl\/wp-content\/uploads\/2018\/06\/IMG_0560-768x576.jpg 768w, https:\/\/fundacjawilkonia.pl\/wp-content\/uploads\/2018\/06\/IMG_0560-1024x768.jpg 1024w\" sizes=\"(max-width: 300px) 100vw, 300px\" \/> <img loading=\"lazy\" class=\"alignnone size-medium wp-image-723\" src=\"https:\/\/fundacjawilkonia.pl\/wp-content\/uploads\/2018\/06\/zaproszenie_wernisa\u017c_KORNIK_DRUKARZ_18maja-300x213.jpg\" alt=\"\" width=\"300\" height=\"213\" srcset=\"https:\/\/fundacjawilkonia.pl\/wp-content\/uploads\/2018\/06\/zaproszenie_wernisa\u017c_KORNIK_DRUKARZ_18maja-300x213.jpg 300w, https:\/\/fundacjawilkonia.pl\/wp-content\/uploads\/2018\/06\/zaproszenie_wernisa\u017c_KORNIK_DRUKARZ_18maja-768x545.jpg 768w, https:\/\/fundacjawilkonia.pl\/wp-content\/uploads\/2018\/06\/zaproszenie_wernisa\u017c_KORNIK_DRUKARZ_18maja-1024x727.jpg 1024w, https:\/\/fundacjawilkonia.pl\/wp-content\/uploads\/2018\/06\/zaproszenie_wernisa\u017c_KORNIK_DRUKARZ_18maja.jpg 1165w\" sizes=\"(max-width: 300px) 100vw, 300px\" \/><\/p>\n","protected":false},"excerpt":{"rendered":"<p>KORNIK DRUKARZ,\u00a0 wystawa\u00a0 trzech\u00a0 artyst\u00f3w J\u00f3zefa Wilkonia, Jozefa Pil\u00e1ta i Jacka Kusza ,kt\u00f3rych po\u0142\u0105czy\u0142 wyj\u0105tkowy stosunek do natury,\u00a0 a w [&hellip;]<\/p>\n","protected":false},"author":2,"featured_media":723,"comment_status":"closed","ping_status":"closed","sticky":false,"template":"","format":"standard","meta":[],"categories":[1],"tags":[],"yoast_head":"<!-- This site is optimized with the Yoast SEO plugin v19.4 - https:\/\/yoast.com\/wordpress\/plugins\/seo\/ -->\n<title>Wystawa KORNIK DRUKARZ - Fundacja \u201eArka\u201d im. J\u00f3zefa Wilkonia<\/title>\n<meta name=\"robots\" content=\"index, follow, max-snippet:-1, max-image-preview:large, max-video-preview:-1\" \/>\n<link rel=\"canonical\" href=\"https:\/\/fundacjawilkonia.pl\/index.php\/2018\/06\/07\/732\/\" \/>\n<meta property=\"og:locale\" content=\"pl_PL\" \/>\n<meta property=\"og:type\" content=\"article\" \/>\n<meta property=\"og:title\" content=\"Wystawa KORNIK DRUKARZ - Fundacja \u201eArka\u201d im. J\u00f3zefa Wilkonia\" \/>\n<meta property=\"og:description\" content=\"KORNIK DRUKARZ,\u00a0 wystawa\u00a0 trzech\u00a0 artyst\u00f3w J\u00f3zefa Wilkonia, Jozefa Pil\u00e1ta i Jacka Kusza ,kt\u00f3rych po\u0142\u0105czy\u0142 wyj\u0105tkowy stosunek do natury,\u00a0 a w [&hellip;]\" \/>\n<meta property=\"og:url\" content=\"https:\/\/fundacjawilkonia.pl\/index.php\/2018\/06\/07\/732\/\" \/>\n<meta property=\"og:site_name\" content=\"Fundacja \u201eArka\u201d im. J\u00f3zefa Wilkonia\" \/>\n<meta property=\"article:publisher\" content=\"https:\/\/www.facebook.com\/Fundacja-Wilkonia-221788084540934\/\" \/>\n<meta property=\"article:published_time\" content=\"2018-06-07T21:29:54+00:00\" \/>\n<meta property=\"article:modified_time\" content=\"2018-06-07T21:53:57+00:00\" \/>\n<meta property=\"og:image\" content=\"https:\/\/fundacjawilkonia.pl\/wp-content\/uploads\/2018\/06\/zaproszenie_wernisa\u017c_KORNIK_DRUKARZ_18maja.jpg\" \/>\n\t<meta property=\"og:image:width\" content=\"1165\" \/>\n\t<meta property=\"og:image:height\" content=\"827\" \/>\n\t<meta property=\"og:image:type\" content=\"image\/jpeg\" \/>\n<meta name=\"author\" content=\"Blanka Wyszy\u0144ska-Walczak\" \/>\n<meta name=\"twitter:card\" content=\"summary_large_image\" \/>\n<meta name=\"twitter:creator\" content=\"@fundacjawilkoni\" \/>\n<meta name=\"twitter:site\" content=\"@fundacjawilkoni\" \/>\n<meta name=\"twitter:label1\" content=\"Napisane przez\" \/>\n\t<meta name=\"twitter:data1\" content=\"Blanka Wyszy\u0144ska-Walczak\" \/>\n\t<meta name=\"twitter:label2\" content=\"Szacowany czas czytania\" \/>\n\t<meta name=\"twitter:data2\" content=\"1 minuta\" \/>\n<script type=\"application\/ld+json\" class=\"yoast-schema-graph\">{\"@context\":\"https:\/\/schema.org\",\"@graph\":[{\"@type\":\"Organization\",\"@id\":\"https:\/\/fundacjawilkonia.pl\/#organization\",\"name\":\"Fundacja \\\"Arka\\\" im. J\u00f3zefa Wilkonia\",\"url\":\"https:\/\/fundacjawilkonia.pl\/\",\"sameAs\":[\"https:\/\/www.instagram.com\/fundacjawilkonia\/?hl=pl\",\"https:\/\/www.facebook.com\/Fundacja-Wilkonia-221788084540934\/\",\"https:\/\/twitter.com\/fundacjawilkoni\"],\"logo\":{\"@type\":\"ImageObject\",\"inLanguage\":\"pl-PL\",\"@id\":\"https:\/\/fundacjawilkonia.pl\/#\/schema\/logo\/image\/\",\"url\":\"https:\/\/i2.wp.com\/fundacjawilkonia.pl\/wp-content\/uploads\/2016\/09\/10987396_771520442901026_1174624827528049836_n.png?fit=790%2C593&ssl=1\",\"contentUrl\":\"https:\/\/i2.wp.com\/fundacjawilkonia.pl\/wp-content\/uploads\/2016\/09\/10987396_771520442901026_1174624827528049836_n.png?fit=790%2C593&ssl=1\",\"width\":790,\"height\":593,\"caption\":\"Fundacja \\\"Arka\\\" im. J\u00f3zefa Wilkonia\"},\"image\":{\"@id\":\"https:\/\/fundacjawilkonia.pl\/#\/schema\/logo\/image\/\"}},{\"@type\":\"WebSite\",\"@id\":\"https:\/\/fundacjawilkonia.pl\/#website\",\"url\":\"https:\/\/fundacjawilkonia.pl\/\",\"name\":\"Fundacja \u201eArka\u201d im. J\u00f3zefa Wilkonia\",\"description\":\"G\u0142\u00f3wnym celem fundacji jest ochrona i promocja dorobku artystycznego J\u00f3zefa Wilkonia i og\u00f3lnych warto\u015bci zwi\u0105zanych ze sztukami pi\u0119knymi, a w szczeg\u00f3lno\u015bci ilustratorstwem i sztuk\u0105 edytorsk\u0105.\",\"publisher\":{\"@id\":\"https:\/\/fundacjawilkonia.pl\/#organization\"},\"potentialAction\":[{\"@type\":\"SearchAction\",\"target\":{\"@type\":\"EntryPoint\",\"urlTemplate\":\"https:\/\/fundacjawilkonia.pl\/?s={search_term_string}\"},\"query-input\":\"required name=search_term_string\"}],\"inLanguage\":\"pl-PL\"},{\"@type\":\"WebPage\",\"@id\":\"https:\/\/fundacjawilkonia.pl\/index.php\/2018\/06\/07\/732\/\",\"url\":\"https:\/\/fundacjawilkonia.pl\/index.php\/2018\/06\/07\/732\/\",\"name\":\"Wystawa KORNIK DRUKARZ - Fundacja \u201eArka\u201d im. J\u00f3zefa Wilkonia\",\"isPartOf\":{\"@id\":\"https:\/\/fundacjawilkonia.pl\/#website\"},\"datePublished\":\"2018-06-07T21:29:54+00:00\",\"dateModified\":\"2018-06-07T21:53:57+00:00\",\"breadcrumb\":{\"@id\":\"https:\/\/fundacjawilkonia.pl\/index.php\/2018\/06\/07\/732\/#breadcrumb\"},\"inLanguage\":\"pl-PL\",\"potentialAction\":[{\"@type\":\"ReadAction\",\"target\":[\"https:\/\/fundacjawilkonia.pl\/index.php\/2018\/06\/07\/732\/\"]}]},{\"@type\":\"BreadcrumbList\",\"@id\":\"https:\/\/fundacjawilkonia.pl\/index.php\/2018\/06\/07\/732\/#breadcrumb\",\"itemListElement\":[{\"@type\":\"ListItem\",\"position\":1,\"name\":\"Strona g\u0142\u00f3wna\",\"item\":\"https:\/\/fundacjawilkonia.pl\/\"},{\"@type\":\"ListItem\",\"position\":2,\"name\":\"Wystawa KORNIK DRUKARZ\"}]},{\"@type\":\"Article\",\"@id\":\"https:\/\/fundacjawilkonia.pl\/index.php\/2018\/06\/07\/732\/#article\",\"isPartOf\":{\"@id\":\"https:\/\/fundacjawilkonia.pl\/index.php\/2018\/06\/07\/732\/\"},\"author\":{\"name\":\"Blanka Wyszy\u0144ska-Walczak\",\"@id\":\"https:\/\/fundacjawilkonia.pl\/#\/schema\/person\/79109e804e49d669b075ce06b2ef94a7\"},\"headline\":\"Wystawa KORNIK DRUKARZ\",\"datePublished\":\"2018-06-07T21:29:54+00:00\",\"dateModified\":\"2018-06-07T21:53:57+00:00\",\"mainEntityOfPage\":{\"@id\":\"https:\/\/fundacjawilkonia.pl\/index.php\/2018\/06\/07\/732\/\"},\"wordCount\":262,\"publisher\":{\"@id\":\"https:\/\/fundacjawilkonia.pl\/#organization\"},\"inLanguage\":\"pl-PL\"},{\"@type\":\"Person\",\"@id\":\"https:\/\/fundacjawilkonia.pl\/#\/schema\/person\/79109e804e49d669b075ce06b2ef94a7\",\"name\":\"Blanka Wyszy\u0144ska-Walczak\",\"image\":{\"@type\":\"ImageObject\",\"inLanguage\":\"pl-PL\",\"@id\":\"https:\/\/fundacjawilkonia.pl\/#\/schema\/person\/image\/\",\"url\":\"https:\/\/secure.gravatar.com\/avatar\/30db7325a34bb69fd3ff7c2370949b39?s=96&d=mm&r=g\",\"contentUrl\":\"https:\/\/secure.gravatar.com\/avatar\/30db7325a34bb69fd3ff7c2370949b39?s=96&d=mm&r=g\",\"caption\":\"Blanka Wyszy\u0144ska-Walczak\"}}]}<\/script>\n<!-- \/ Yoast SEO plugin. -->","yoast_head_json":{"title":"Wystawa KORNIK DRUKARZ - Fundacja \u201eArka\u201d im. J\u00f3zefa Wilkonia","robots":{"index":"index","follow":"follow","max-snippet":"max-snippet:-1","max-image-preview":"max-image-preview:large","max-video-preview":"max-video-preview:-1"},"canonical":"https:\/\/fundacjawilkonia.pl\/index.php\/2018\/06\/07\/732\/","og_locale":"pl_PL","og_type":"article","og_title":"Wystawa KORNIK DRUKARZ - Fundacja \u201eArka\u201d im. J\u00f3zefa Wilkonia","og_description":"KORNIK DRUKARZ,\u00a0 wystawa\u00a0 trzech\u00a0 artyst\u00f3w J\u00f3zefa Wilkonia, Jozefa Pil\u00e1ta i Jacka Kusza ,kt\u00f3rych po\u0142\u0105czy\u0142 wyj\u0105tkowy stosunek do natury,\u00a0 a w [&hellip;]","og_url":"https:\/\/fundacjawilkonia.pl\/index.php\/2018\/06\/07\/732\/","og_site_name":"Fundacja \u201eArka\u201d im. J\u00f3zefa Wilkonia","article_publisher":"https:\/\/www.facebook.com\/Fundacja-Wilkonia-221788084540934\/","article_published_time":"2018-06-07T21:29:54+00:00","article_modified_time":"2018-06-07T21:53:57+00:00","og_image":[{"width":1165,"height":827,"url":"https:\/\/fundacjawilkonia.pl\/wp-content\/uploads\/2018\/06\/zaproszenie_wernisa\u017c_KORNIK_DRUKARZ_18maja.jpg","type":"image\/jpeg"}],"author":"Blanka Wyszy\u0144ska-Walczak","twitter_card":"summary_large_image","twitter_creator":"@fundacjawilkoni","twitter_site":"@fundacjawilkoni","twitter_misc":{"Napisane przez":"Blanka Wyszy\u0144ska-Walczak","Szacowany czas czytania":"1 minuta"},"schema":{"@context":"https:\/\/schema.org","@graph":[{"@type":"Organization","@id":"https:\/\/fundacjawilkonia.pl\/#organization","name":"Fundacja \"Arka\" im. J\u00f3zefa Wilkonia","url":"https:\/\/fundacjawilkonia.pl\/","sameAs":["https:\/\/www.instagram.com\/fundacjawilkonia\/?hl=pl","https:\/\/www.facebook.com\/Fundacja-Wilkonia-221788084540934\/","https:\/\/twitter.com\/fundacjawilkoni"],"logo":{"@type":"ImageObject","inLanguage":"pl-PL","@id":"https:\/\/fundacjawilkonia.pl\/#\/schema\/logo\/image\/","url":"https:\/\/i2.wp.com\/fundacjawilkonia.pl\/wp-content\/uploads\/2016\/09\/10987396_771520442901026_1174624827528049836_n.png?fit=790%2C593&ssl=1","contentUrl":"https:\/\/i2.wp.com\/fundacjawilkonia.pl\/wp-content\/uploads\/2016\/09\/10987396_771520442901026_1174624827528049836_n.png?fit=790%2C593&ssl=1","width":790,"height":593,"caption":"Fundacja \"Arka\" im. J\u00f3zefa Wilkonia"},"image":{"@id":"https:\/\/fundacjawilkonia.pl\/#\/schema\/logo\/image\/"}},{"@type":"WebSite","@id":"https:\/\/fundacjawilkonia.pl\/#website","url":"https:\/\/fundacjawilkonia.pl\/","name":"Fundacja \u201eArka\u201d im. J\u00f3zefa Wilkonia","description":"G\u0142\u00f3wnym celem fundacji jest ochrona i promocja dorobku artystycznego J\u00f3zefa Wilkonia i og\u00f3lnych warto\u015bci zwi\u0105zanych ze sztukami pi\u0119knymi, a w szczeg\u00f3lno\u015bci ilustratorstwem i sztuk\u0105 edytorsk\u0105.","publisher":{"@id":"https:\/\/fundacjawilkonia.pl\/#organization"},"potentialAction":[{"@type":"SearchAction","target":{"@type":"EntryPoint","urlTemplate":"https:\/\/fundacjawilkonia.pl\/?s={search_term_string}"},"query-input":"required name=search_term_string"}],"inLanguage":"pl-PL"},{"@type":"WebPage","@id":"https:\/\/fundacjawilkonia.pl\/index.php\/2018\/06\/07\/732\/","url":"https:\/\/fundacjawilkonia.pl\/index.php\/2018\/06\/07\/732\/","name":"Wystawa KORNIK DRUKARZ - Fundacja \u201eArka\u201d im. J\u00f3zefa Wilkonia","isPartOf":{"@id":"https:\/\/fundacjawilkonia.pl\/#website"},"datePublished":"2018-06-07T21:29:54+00:00","dateModified":"2018-06-07T21:53:57+00:00","breadcrumb":{"@id":"https:\/\/fundacjawilkonia.pl\/index.php\/2018\/06\/07\/732\/#breadcrumb"},"inLanguage":"pl-PL","potentialAction":[{"@type":"ReadAction","target":["https:\/\/fundacjawilkonia.pl\/index.php\/2018\/06\/07\/732\/"]}]},{"@type":"BreadcrumbList","@id":"https:\/\/fundacjawilkonia.pl\/index.php\/2018\/06\/07\/732\/#breadcrumb","itemListElement":[{"@type":"ListItem","position":1,"name":"Strona g\u0142\u00f3wna","item":"https:\/\/fundacjawilkonia.pl\/"},{"@type":"ListItem","position":2,"name":"Wystawa KORNIK DRUKARZ"}]},{"@type":"Article","@id":"https:\/\/fundacjawilkonia.pl\/index.php\/2018\/06\/07\/732\/#article","isPartOf":{"@id":"https:\/\/fundacjawilkonia.pl\/index.php\/2018\/06\/07\/732\/"},"author":{"name":"Blanka Wyszy\u0144ska-Walczak","@id":"https:\/\/fundacjawilkonia.pl\/#\/schema\/person\/79109e804e49d669b075ce06b2ef94a7"},"headline":"Wystawa KORNIK DRUKARZ","datePublished":"2018-06-07T21:29:54+00:00","dateModified":"2018-06-07T21:53:57+00:00","mainEntityOfPage":{"@id":"https:\/\/fundacjawilkonia.pl\/index.php\/2018\/06\/07\/732\/"},"wordCount":262,"publisher":{"@id":"https:\/\/fundacjawilkonia.pl\/#organization"},"inLanguage":"pl-PL"},{"@type":"Person","@id":"https:\/\/fundacjawilkonia.pl\/#\/schema\/person\/79109e804e49d669b075ce06b2ef94a7","name":"Blanka Wyszy\u0144ska-Walczak","image":{"@type":"ImageObject","inLanguage":"pl-PL","@id":"https:\/\/fundacjawilkonia.pl\/#\/schema\/person\/image\/","url":"https:\/\/secure.gravatar.com\/avatar\/30db7325a34bb69fd3ff7c2370949b39?s=96&d=mm&r=g","contentUrl":"https:\/\/secure.gravatar.com\/avatar\/30db7325a34bb69fd3ff7c2370949b39?s=96&d=mm&r=g","caption":"Blanka Wyszy\u0144ska-Walczak"}}]}},"_links":{"self":[{"href":"https:\/\/fundacjawilkonia.pl\/index.php\/wp-json\/wp\/v2\/posts\/732"}],"collection":[{"href":"https:\/\/fundacjawilkonia.pl\/index.php\/wp-json\/wp\/v2\/posts"}],"about":[{"href":"https:\/\/fundacjawilkonia.pl\/index.php\/wp-json\/wp\/v2\/types\/post"}],"author":[{"embeddable":true,"href":"https:\/\/fundacjawilkonia.pl\/index.php\/wp-json\/wp\/v2\/users\/2"}],"replies":[{"embeddable":true,"href":"https:\/\/fundacjawilkonia.pl\/index.php\/wp-json\/wp\/v2\/comments?post=732"}],"version-history":[{"count":0,"href":"https:\/\/fundacjawilkonia.pl\/index.php\/wp-json\/wp\/v2\/posts\/732\/revisions"}],"wp:featuredmedia":[{"embeddable":true,"href":"https:\/\/fundacjawilkonia.pl\/index.php\/wp-json\/wp\/v2\/media\/723"}],"wp:attachment":[{"href":"https:\/\/fundacjawilkonia.pl\/index.php\/wp-json\/wp\/v2\/media?parent=732"}],"wp:term":[{"taxonomy":"category","embeddable":true,"href":"https:\/\/fundacjawilkonia.pl\/index.php\/wp-json\/wp\/v2\/categories?post=732"},{"taxonomy":"post_tag","embeddable":true,"href":"https:\/\/fundacjawilkonia.pl\/index.php\/wp-json\/wp\/v2\/tags?post=732"}],"curies":[{"name":"wp","href":"https:\/\/api.w.org\/{rel}","templated":true}]}}