{"id":777,"date":"2018-07-03T15:07:14","date_gmt":"2018-07-03T13:07:14","guid":{"rendered":"https:\/\/fundacjawilkonia.pl\/?p=777"},"modified":"2018-07-03T15:07:14","modified_gmt":"2018-07-03T13:07:14","slug":"i-czytanie-publiczne-don-kichota-miguela-de-cervantesa","status":"publish","type":"post","link":"https:\/\/fundacjawilkonia.pl\/index.php\/2018\/07\/03\/i-czytanie-publiczne-don-kichota-miguela-de-cervantesa\/","title":{"rendered":"I Czytanie Publiczne \u201eDon Kichota\u201d Miguela de Cervantesa"},"content":{"rendered":"<div class=\" et_pb_row et_pb_row_0\">\n<div class=\"et_pb_column et_pb_column_4_4 et_pb_column_0\">\n<div class=\"et_pb_text et_pb_module et_pb_bg_layout_light et_pb_text_align_left et_pb_text_0\">\n<p>W dniu 23 kwietnia 2018 r. Ambasada Hiszpanii w Polsce oraz Instytut Studi\u00f3w Iberyjskich i Iberoameryka\u0144skich Uniwersytetu Warszawskiego zorganizowa\u0142y I Czytanie Publiczne \u201eDon Kichota\u201d Miguela de Cervantesa Saavedry. Wydarzenie, w kt\u00f3rym wzi\u0119li udzia\u0142 prof. Jan Kieniewicz i dr Cristina Gonz\u00e1lez Caiz\u00e1n z Wydzia\u0142u \u201eArtes Liberales\u201d, mia\u0142o miejsce z okazji Mi\u0119dzynarodowego Dnia Ksi\u0105\u017cki w Sali Kolumnowej Wydzia\u0142u Historycznego Uniwersytetu Warszawskiego.\u00a0 Ca\u0142emu wydarzeniu towarzyszy\u0142a posta\u0107 Don KIchota na Rosynadzie wyrze\u017abiona przez J\u00f3zefa Wilkonia.\u00a0 Fragmenty dzie\u0142a czytali min. Maja Komorowska, J\u00f3zef Wilko\u0144 i ambasadorowie kraj\u00f3w hiszpa\u0144skoj\u0119zycznych\u00a0 obok Hiszpanii, Meksyku,Wenezueli, Argentyny, .o godz.dz. 23:30 nast\u0105pi\u0142o bezpo\u015brednie po\u0142\u0105czenie za pomoc\u0105 wideokonfrencji z C\u00edrculo de Bellas Artes w Madrycie, gdzie rokrocznie odbywa si\u0119 podobne czytanie dzie\u0142a Cervantesa.<\/p>\n<p><img loading=\"lazy\" class=\"alignnone size-medium wp-image-772\" src=\"https:\/\/fundacjawilkonia.pl\/wp-content\/uploads\/2018\/07\/IMG_20180423_123015840-300x169.jpg\" alt=\"\" width=\"300\" height=\"169\" srcset=\"https:\/\/fundacjawilkonia.pl\/wp-content\/uploads\/2018\/07\/IMG_20180423_123015840-300x169.jpg 300w, https:\/\/fundacjawilkonia.pl\/wp-content\/uploads\/2018\/07\/IMG_20180423_123015840-768x432.jpg 768w, https:\/\/fundacjawilkonia.pl\/wp-content\/uploads\/2018\/07\/IMG_20180423_123015840-1024x576.jpg 1024w\" sizes=\"(max-width: 300px) 100vw, 300px\" \/> <img loading=\"lazy\" class=\"alignnone size-medium wp-image-767\" src=\"https:\/\/fundacjawilkonia.pl\/wp-content\/uploads\/2018\/07\/IMG_20180423_132433214-300x169.jpg\" alt=\"\" width=\"300\" height=\"169\" srcset=\"https:\/\/fundacjawilkonia.pl\/wp-content\/uploads\/2018\/07\/IMG_20180423_132433214-300x169.jpg 300w, https:\/\/fundacjawilkonia.pl\/wp-content\/uploads\/2018\/07\/IMG_20180423_132433214-768x432.jpg 768w, https:\/\/fundacjawilkonia.pl\/wp-content\/uploads\/2018\/07\/IMG_20180423_132433214-1024x576.jpg 1024w\" sizes=\"(max-width: 300px) 100vw, 300px\" \/> <img loading=\"lazy\" class=\"alignnone size-medium wp-image-774\" src=\"https:\/\/fundacjawilkonia.pl\/wp-content\/uploads\/2018\/07\/IMG_3127-300x200.jpg\" alt=\"\" width=\"300\" height=\"200\" srcset=\"https:\/\/fundacjawilkonia.pl\/wp-content\/uploads\/2018\/07\/IMG_3127-300x200.jpg 300w, https:\/\/fundacjawilkonia.pl\/wp-content\/uploads\/2018\/07\/IMG_3127-768x512.jpg 768w, https:\/\/fundacjawilkonia.pl\/wp-content\/uploads\/2018\/07\/IMG_3127-1024x683.jpg 1024w\" sizes=\"(max-width: 300px) 100vw, 300px\" \/> <img loading=\"lazy\" class=\"alignnone size-medium wp-image-776\" src=\"https:\/\/fundacjawilkonia.pl\/wp-content\/uploads\/2018\/07\/IMG_3144-300x157.jpg\" alt=\"\" width=\"300\" height=\"157\" srcset=\"https:\/\/fundacjawilkonia.pl\/wp-content\/uploads\/2018\/07\/IMG_3144-300x157.jpg 300w, https:\/\/fundacjawilkonia.pl\/wp-content\/uploads\/2018\/07\/IMG_3144-768x403.jpg 768w, https:\/\/fundacjawilkonia.pl\/wp-content\/uploads\/2018\/07\/IMG_3144-1024x537.jpg 1024w, https:\/\/fundacjawilkonia.pl\/wp-content\/uploads\/2018\/07\/IMG_3144.jpg 1247w\" sizes=\"(max-width: 300px) 100vw, 300px\" \/> <img loading=\"lazy\" class=\"alignnone size-medium wp-image-771\" src=\"https:\/\/fundacjawilkonia.pl\/wp-content\/uploads\/2018\/07\/IMG_20180423_122759546-169x300.jpg\" alt=\"\" width=\"169\" height=\"300\" srcset=\"https:\/\/fundacjawilkonia.pl\/wp-content\/uploads\/2018\/07\/IMG_20180423_122759546-169x300.jpg 169w, https:\/\/fundacjawilkonia.pl\/wp-content\/uploads\/2018\/07\/IMG_20180423_122759546-768x1365.jpg 768w, https:\/\/fundacjawilkonia.pl\/wp-content\/uploads\/2018\/07\/IMG_20180423_122759546-576x1024.jpg 576w, https:\/\/fundacjawilkonia.pl\/wp-content\/uploads\/2018\/07\/IMG_20180423_122759546.jpg 1836w\" sizes=\"(max-width: 169px) 100vw, 169px\" \/> <img loading=\"lazy\" class=\"alignnone size-medium wp-image-775\" src=\"https:\/\/fundacjawilkonia.pl\/wp-content\/uploads\/2018\/07\/IMG_3139-300x204.jpg\" alt=\"\" width=\"300\" height=\"204\" srcset=\"https:\/\/fundacjawilkonia.pl\/wp-content\/uploads\/2018\/07\/IMG_3139-300x204.jpg 300w, https:\/\/fundacjawilkonia.pl\/wp-content\/uploads\/2018\/07\/IMG_3139-768x523.jpg 768w, https:\/\/fundacjawilkonia.pl\/wp-content\/uploads\/2018\/07\/IMG_3139-1024x697.jpg 1024w, https:\/\/fundacjawilkonia.pl\/wp-content\/uploads\/2018\/07\/IMG_3139-430x292.jpg 430w\" sizes=\"(max-width: 300px) 100vw, 300px\" \/> <img loading=\"lazy\" class=\"alignnone size-medium wp-image-769\" src=\"https:\/\/fundacjawilkonia.pl\/wp-content\/uploads\/2018\/07\/IMG_20180423_115526741-2-300x149.jpg\" alt=\"\" width=\"300\" height=\"149\" srcset=\"https:\/\/fundacjawilkonia.pl\/wp-content\/uploads\/2018\/07\/IMG_20180423_115526741-2-300x149.jpg 300w, https:\/\/fundacjawilkonia.pl\/wp-content\/uploads\/2018\/07\/IMG_20180423_115526741-2-768x382.jpg 768w, https:\/\/fundacjawilkonia.pl\/wp-content\/uploads\/2018\/07\/IMG_20180423_115526741-2-1024x509.jpg 1024w\" sizes=\"(max-width: 300px) 100vw, 300px\" \/> <img loading=\"lazy\" class=\"alignnone size-medium wp-image-768\" src=\"https:\/\/fundacjawilkonia.pl\/wp-content\/uploads\/2018\/07\/IMG_20180423_132451435-300x169.jpg\" alt=\"\" width=\"300\" height=\"169\" srcset=\"https:\/\/fundacjawilkonia.pl\/wp-content\/uploads\/2018\/07\/IMG_20180423_132451435-300x169.jpg 300w, https:\/\/fundacjawilkonia.pl\/wp-content\/uploads\/2018\/07\/IMG_20180423_132451435-768x432.jpg 768w, https:\/\/fundacjawilkonia.pl\/wp-content\/uploads\/2018\/07\/IMG_20180423_132451435-1024x576.jpg 1024w\" sizes=\"(max-width: 300px) 100vw, 300px\" \/><img loading=\"lazy\" class=\"alignnone size-medium wp-image-766\" src=\"https:\/\/fundacjawilkonia.pl\/wp-content\/uploads\/2018\/07\/IMG_20180423_132203830-300x169.jpg\" alt=\"\" width=\"300\" height=\"169\" srcset=\"https:\/\/fundacjawilkonia.pl\/wp-content\/uploads\/2018\/07\/IMG_20180423_132203830-300x169.jpg 300w, https:\/\/fundacjawilkonia.pl\/wp-content\/uploads\/2018\/07\/IMG_20180423_132203830-768x432.jpg 768w, https:\/\/fundacjawilkonia.pl\/wp-content\/uploads\/2018\/07\/IMG_20180423_132203830-1024x576.jpg 1024w\" sizes=\"(max-width: 300px) 100vw, 300px\" \/> <img loading=\"lazy\" class=\"alignnone size-medium wp-image-773\" src=\"https:\/\/fundacjawilkonia.pl\/wp-content\/uploads\/2018\/07\/IMG_3119-300x200.jpg\" alt=\"\" width=\"300\" height=\"200\" srcset=\"https:\/\/fundacjawilkonia.pl\/wp-content\/uploads\/2018\/07\/IMG_3119-300x200.jpg 300w, https:\/\/fundacjawilkonia.pl\/wp-content\/uploads\/2018\/07\/IMG_3119-768x512.jpg 768w, https:\/\/fundacjawilkonia.pl\/wp-content\/uploads\/2018\/07\/IMG_3119-1024x683.jpg 1024w\" sizes=\"(max-width: 300px) 100vw, 300px\" \/> <img loading=\"lazy\" class=\"alignnone size-medium wp-image-770\" src=\"https:\/\/fundacjawilkonia.pl\/wp-content\/uploads\/2018\/07\/IMG_20180423_122140115-300x169.jpg\" alt=\"\" width=\"300\" height=\"169\" srcset=\"https:\/\/fundacjawilkonia.pl\/wp-content\/uploads\/2018\/07\/IMG_20180423_122140115-300x169.jpg 300w, https:\/\/fundacjawilkonia.pl\/wp-content\/uploads\/2018\/07\/IMG_20180423_122140115-768x432.jpg 768w, https:\/\/fundacjawilkonia.pl\/wp-content\/uploads\/2018\/07\/IMG_20180423_122140115-1024x576.jpg 1024w\" sizes=\"(max-width: 300px) 100vw, 300px\" \/><\/p>\n<\/div>\n<div class=\"et_pb_module et_pb_space et_pb_divider et_pb_divider_0 et-hide-mobile\"><\/div>\n<div class=\"et_pb_text et_pb_module et_pb_bg_layout_light et_pb_text_align_left et_pb_text_1\">\n<h2>Galeria<\/h2>\n<\/div>\n<div class=\"et_pb_module et_pb_gallery et_pb_gallery_0 et_pb_gallery_grid et_pb_bg_layout_light clearfix\">\n<div class=\"et_pb_gallery_items et_post_gallery\" data-per_page=\"4\">\n<div class=\"et_pb_gallery_item et_pb_grid_item et_pb_bg_layout_light\">\n<div class=\"et_pb_gallery_image landscape\"><a title=\"\" href=\"http:\/\/al.uw.edu.pl\/wp-content\/uploads\/2018\/04\/cervantes-2.jpg\" data-featherlight=\"image\"> <img src=\"https:\/\/al.uw.edu.pl\/wp-content\/uploads\/2018\/04\/cervantes-2-400x284.jpg\" alt=\"\" \/> <\/a><\/div>\n<\/div>\n<div class=\"et_pb_gallery_item et_pb_grid_item et_pb_bg_layout_light\">\n<div class=\"et_pb_gallery_image landscape\"><a title=\"\" href=\"http:\/\/al.uw.edu.pl\/wp-content\/uploads\/2018\/04\/Cervantes-1.jpg\" data-featherlight=\"image\"> <img src=\"https:\/\/al.uw.edu.pl\/wp-content\/uploads\/2018\/04\/Cervantes-1-400x284.jpg\" alt=\"\" \/> <\/a><\/div>\n<\/div>\n<div class=\"et_pb_gallery_item et_pb_grid_item et_pb_bg_layout_light\">\n<div class=\"et_pb_gallery_image landscape\"><a title=\"\" href=\"http:\/\/al.uw.edu.pl\/wp-content\/uploads\/2018\/04\/Cervantes3.jpg\" data-featherlight=\"image\"> <img src=\"https:\/\/al.uw.edu.pl\/wp-content\/uploads\/2018\/04\/Cervantes3-400x284.jpg\" alt=\"\" \/> <\/a><\/div>\n<\/div>\n<\/div>\n<\/div>\n<\/div>\n<\/div>\n","protected":false},"excerpt":{"rendered":"<p>W dniu 23 kwietnia 2018 r. Ambasada Hiszpanii w Polsce oraz Instytut Studi\u00f3w Iberyjskich i Iberoameryka\u0144skich Uniwersytetu Warszawskiego zorganizowa\u0142y I [&hellip;]<\/p>\n","protected":false},"author":2,"featured_media":767,"comment_status":"closed","ping_status":"closed","sticky":false,"template":"","format":"standard","meta":[],"categories":[1],"tags":[],"yoast_head":"<!-- This site is optimized with the Yoast SEO plugin v19.4 - https:\/\/yoast.com\/wordpress\/plugins\/seo\/ -->\n<title>I Czytanie Publiczne \u201eDon Kichota\u201d Miguela de Cervantesa - Fundacja \u201eArka\u201d im. J\u00f3zefa Wilkonia<\/title>\n<meta name=\"robots\" content=\"index, follow, max-snippet:-1, max-image-preview:large, max-video-preview:-1\" \/>\n<link rel=\"canonical\" href=\"https:\/\/fundacjawilkonia.pl\/index.php\/2018\/07\/03\/i-czytanie-publiczne-don-kichota-miguela-de-cervantesa\/\" \/>\n<meta property=\"og:locale\" content=\"pl_PL\" \/>\n<meta property=\"og:type\" content=\"article\" \/>\n<meta property=\"og:title\" content=\"I Czytanie Publiczne \u201eDon Kichota\u201d Miguela de Cervantesa - Fundacja \u201eArka\u201d im. J\u00f3zefa Wilkonia\" \/>\n<meta property=\"og:description\" content=\"W dniu 23 kwietnia 2018 r. Ambasada Hiszpanii w Polsce oraz Instytut Studi\u00f3w Iberyjskich i Iberoameryka\u0144skich Uniwersytetu Warszawskiego zorganizowa\u0142y I [&hellip;]\" \/>\n<meta property=\"og:url\" content=\"https:\/\/fundacjawilkonia.pl\/index.php\/2018\/07\/03\/i-czytanie-publiczne-don-kichota-miguela-de-cervantesa\/\" \/>\n<meta property=\"og:site_name\" content=\"Fundacja \u201eArka\u201d im. J\u00f3zefa Wilkonia\" \/>\n<meta property=\"article:publisher\" content=\"https:\/\/www.facebook.com\/Fundacja-Wilkonia-221788084540934\/\" \/>\n<meta property=\"article:published_time\" content=\"2018-07-03T13:07:14+00:00\" \/>\n<meta property=\"og:image\" content=\"https:\/\/fundacjawilkonia.pl\/wp-content\/uploads\/2018\/07\/IMG_20180423_132433214-1024x576.jpg\" \/>\n\t<meta property=\"og:image:width\" content=\"1024\" \/>\n\t<meta property=\"og:image:height\" content=\"576\" \/>\n\t<meta property=\"og:image:type\" content=\"image\/jpeg\" \/>\n<meta name=\"author\" content=\"Blanka Wyszy\u0144ska-Walczak\" \/>\n<meta name=\"twitter:card\" content=\"summary_large_image\" \/>\n<meta name=\"twitter:creator\" content=\"@fundacjawilkoni\" \/>\n<meta name=\"twitter:site\" content=\"@fundacjawilkoni\" \/>\n<meta name=\"twitter:label1\" content=\"Napisane przez\" \/>\n\t<meta name=\"twitter:data1\" content=\"Blanka Wyszy\u0144ska-Walczak\" \/>\n\t<meta name=\"twitter:label2\" content=\"Szacowany czas czytania\" \/>\n\t<meta name=\"twitter:data2\" content=\"1 minuta\" \/>\n<script type=\"application\/ld+json\" class=\"yoast-schema-graph\">{\"@context\":\"https:\/\/schema.org\",\"@graph\":[{\"@type\":\"Organization\",\"@id\":\"https:\/\/fundacjawilkonia.pl\/#organization\",\"name\":\"Fundacja \\\"Arka\\\" im. J\u00f3zefa Wilkonia\",\"url\":\"https:\/\/fundacjawilkonia.pl\/\",\"sameAs\":[\"https:\/\/www.instagram.com\/fundacjawilkonia\/?hl=pl\",\"https:\/\/www.facebook.com\/Fundacja-Wilkonia-221788084540934\/\",\"https:\/\/twitter.com\/fundacjawilkoni\"],\"logo\":{\"@type\":\"ImageObject\",\"inLanguage\":\"pl-PL\",\"@id\":\"https:\/\/fundacjawilkonia.pl\/#\/schema\/logo\/image\/\",\"url\":\"https:\/\/i2.wp.com\/fundacjawilkonia.pl\/wp-content\/uploads\/2016\/09\/10987396_771520442901026_1174624827528049836_n.png?fit=790%2C593&ssl=1\",\"contentUrl\":\"https:\/\/i2.wp.com\/fundacjawilkonia.pl\/wp-content\/uploads\/2016\/09\/10987396_771520442901026_1174624827528049836_n.png?fit=790%2C593&ssl=1\",\"width\":790,\"height\":593,\"caption\":\"Fundacja \\\"Arka\\\" im. J\u00f3zefa Wilkonia\"},\"image\":{\"@id\":\"https:\/\/fundacjawilkonia.pl\/#\/schema\/logo\/image\/\"}},{\"@type\":\"WebSite\",\"@id\":\"https:\/\/fundacjawilkonia.pl\/#website\",\"url\":\"https:\/\/fundacjawilkonia.pl\/\",\"name\":\"Fundacja \u201eArka\u201d im. J\u00f3zefa Wilkonia\",\"description\":\"G\u0142\u00f3wnym celem fundacji jest ochrona i promocja dorobku artystycznego J\u00f3zefa Wilkonia i og\u00f3lnych warto\u015bci zwi\u0105zanych ze sztukami pi\u0119knymi, a w szczeg\u00f3lno\u015bci ilustratorstwem i sztuk\u0105 edytorsk\u0105.\",\"publisher\":{\"@id\":\"https:\/\/fundacjawilkonia.pl\/#organization\"},\"potentialAction\":[{\"@type\":\"SearchAction\",\"target\":{\"@type\":\"EntryPoint\",\"urlTemplate\":\"https:\/\/fundacjawilkonia.pl\/?s={search_term_string}\"},\"query-input\":\"required name=search_term_string\"}],\"inLanguage\":\"pl-PL\"},{\"@type\":\"WebPage\",\"@id\":\"https:\/\/fundacjawilkonia.pl\/index.php\/2018\/07\/03\/i-czytanie-publiczne-don-kichota-miguela-de-cervantesa\/\",\"url\":\"https:\/\/fundacjawilkonia.pl\/index.php\/2018\/07\/03\/i-czytanie-publiczne-don-kichota-miguela-de-cervantesa\/\",\"name\":\"I Czytanie Publiczne \u201eDon Kichota\u201d Miguela de Cervantesa - Fundacja \u201eArka\u201d im. J\u00f3zefa Wilkonia\",\"isPartOf\":{\"@id\":\"https:\/\/fundacjawilkonia.pl\/#website\"},\"datePublished\":\"2018-07-03T13:07:14+00:00\",\"dateModified\":\"2018-07-03T13:07:14+00:00\",\"breadcrumb\":{\"@id\":\"https:\/\/fundacjawilkonia.pl\/index.php\/2018\/07\/03\/i-czytanie-publiczne-don-kichota-miguela-de-cervantesa\/#breadcrumb\"},\"inLanguage\":\"pl-PL\",\"potentialAction\":[{\"@type\":\"ReadAction\",\"target\":[\"https:\/\/fundacjawilkonia.pl\/index.php\/2018\/07\/03\/i-czytanie-publiczne-don-kichota-miguela-de-cervantesa\/\"]}]},{\"@type\":\"BreadcrumbList\",\"@id\":\"https:\/\/fundacjawilkonia.pl\/index.php\/2018\/07\/03\/i-czytanie-publiczne-don-kichota-miguela-de-cervantesa\/#breadcrumb\",\"itemListElement\":[{\"@type\":\"ListItem\",\"position\":1,\"name\":\"Strona g\u0142\u00f3wna\",\"item\":\"https:\/\/fundacjawilkonia.pl\/\"},{\"@type\":\"ListItem\",\"position\":2,\"name\":\"I Czytanie Publiczne \u201eDon Kichota\u201d Miguela de Cervantesa\"}]},{\"@type\":\"Article\",\"@id\":\"https:\/\/fundacjawilkonia.pl\/index.php\/2018\/07\/03\/i-czytanie-publiczne-don-kichota-miguela-de-cervantesa\/#article\",\"isPartOf\":{\"@id\":\"https:\/\/fundacjawilkonia.pl\/index.php\/2018\/07\/03\/i-czytanie-publiczne-don-kichota-miguela-de-cervantesa\/\"},\"author\":{\"name\":\"Blanka Wyszy\u0144ska-Walczak\",\"@id\":\"https:\/\/fundacjawilkonia.pl\/#\/schema\/person\/79109e804e49d669b075ce06b2ef94a7\"},\"headline\":\"I Czytanie Publiczne \u201eDon Kichota\u201d Miguela de Cervantesa\",\"datePublished\":\"2018-07-03T13:07:14+00:00\",\"dateModified\":\"2018-07-03T13:07:14+00:00\",\"mainEntityOfPage\":{\"@id\":\"https:\/\/fundacjawilkonia.pl\/index.php\/2018\/07\/03\/i-czytanie-publiczne-don-kichota-miguela-de-cervantesa\/\"},\"wordCount\":146,\"publisher\":{\"@id\":\"https:\/\/fundacjawilkonia.pl\/#organization\"},\"inLanguage\":\"pl-PL\"},{\"@type\":\"Person\",\"@id\":\"https:\/\/fundacjawilkonia.pl\/#\/schema\/person\/79109e804e49d669b075ce06b2ef94a7\",\"name\":\"Blanka Wyszy\u0144ska-Walczak\",\"image\":{\"@type\":\"ImageObject\",\"inLanguage\":\"pl-PL\",\"@id\":\"https:\/\/fundacjawilkonia.pl\/#\/schema\/person\/image\/\",\"url\":\"https:\/\/secure.gravatar.com\/avatar\/30db7325a34bb69fd3ff7c2370949b39?s=96&d=mm&r=g\",\"contentUrl\":\"https:\/\/secure.gravatar.com\/avatar\/30db7325a34bb69fd3ff7c2370949b39?s=96&d=mm&r=g\",\"caption\":\"Blanka Wyszy\u0144ska-Walczak\"}}]}<\/script>\n<!-- \/ Yoast SEO plugin. -->","yoast_head_json":{"title":"I Czytanie Publiczne \u201eDon Kichota\u201d Miguela de Cervantesa - Fundacja \u201eArka\u201d im. J\u00f3zefa Wilkonia","robots":{"index":"index","follow":"follow","max-snippet":"max-snippet:-1","max-image-preview":"max-image-preview:large","max-video-preview":"max-video-preview:-1"},"canonical":"https:\/\/fundacjawilkonia.pl\/index.php\/2018\/07\/03\/i-czytanie-publiczne-don-kichota-miguela-de-cervantesa\/","og_locale":"pl_PL","og_type":"article","og_title":"I Czytanie Publiczne \u201eDon Kichota\u201d Miguela de Cervantesa - Fundacja \u201eArka\u201d im. J\u00f3zefa Wilkonia","og_description":"W dniu 23 kwietnia 2018 r. Ambasada Hiszpanii w Polsce oraz Instytut Studi\u00f3w Iberyjskich i Iberoameryka\u0144skich Uniwersytetu Warszawskiego zorganizowa\u0142y I [&hellip;]","og_url":"https:\/\/fundacjawilkonia.pl\/index.php\/2018\/07\/03\/i-czytanie-publiczne-don-kichota-miguela-de-cervantesa\/","og_site_name":"Fundacja \u201eArka\u201d im. J\u00f3zefa Wilkonia","article_publisher":"https:\/\/www.facebook.com\/Fundacja-Wilkonia-221788084540934\/","article_published_time":"2018-07-03T13:07:14+00:00","og_image":[{"width":1024,"height":576,"url":"https:\/\/fundacjawilkonia.pl\/wp-content\/uploads\/2018\/07\/IMG_20180423_132433214-1024x576.jpg","type":"image\/jpeg"}],"author":"Blanka Wyszy\u0144ska-Walczak","twitter_card":"summary_large_image","twitter_creator":"@fundacjawilkoni","twitter_site":"@fundacjawilkoni","twitter_misc":{"Napisane przez":"Blanka Wyszy\u0144ska-Walczak","Szacowany czas czytania":"1 minuta"},"schema":{"@context":"https:\/\/schema.org","@graph":[{"@type":"Organization","@id":"https:\/\/fundacjawilkonia.pl\/#organization","name":"Fundacja \"Arka\" im. J\u00f3zefa Wilkonia","url":"https:\/\/fundacjawilkonia.pl\/","sameAs":["https:\/\/www.instagram.com\/fundacjawilkonia\/?hl=pl","https:\/\/www.facebook.com\/Fundacja-Wilkonia-221788084540934\/","https:\/\/twitter.com\/fundacjawilkoni"],"logo":{"@type":"ImageObject","inLanguage":"pl-PL","@id":"https:\/\/fundacjawilkonia.pl\/#\/schema\/logo\/image\/","url":"https:\/\/i2.wp.com\/fundacjawilkonia.pl\/wp-content\/uploads\/2016\/09\/10987396_771520442901026_1174624827528049836_n.png?fit=790%2C593&ssl=1","contentUrl":"https:\/\/i2.wp.com\/fundacjawilkonia.pl\/wp-content\/uploads\/2016\/09\/10987396_771520442901026_1174624827528049836_n.png?fit=790%2C593&ssl=1","width":790,"height":593,"caption":"Fundacja \"Arka\" im. J\u00f3zefa Wilkonia"},"image":{"@id":"https:\/\/fundacjawilkonia.pl\/#\/schema\/logo\/image\/"}},{"@type":"WebSite","@id":"https:\/\/fundacjawilkonia.pl\/#website","url":"https:\/\/fundacjawilkonia.pl\/","name":"Fundacja \u201eArka\u201d im. J\u00f3zefa Wilkonia","description":"G\u0142\u00f3wnym celem fundacji jest ochrona i promocja dorobku artystycznego J\u00f3zefa Wilkonia i og\u00f3lnych warto\u015bci zwi\u0105zanych ze sztukami pi\u0119knymi, a w szczeg\u00f3lno\u015bci ilustratorstwem i sztuk\u0105 edytorsk\u0105.","publisher":{"@id":"https:\/\/fundacjawilkonia.pl\/#organization"},"potentialAction":[{"@type":"SearchAction","target":{"@type":"EntryPoint","urlTemplate":"https:\/\/fundacjawilkonia.pl\/?s={search_term_string}"},"query-input":"required name=search_term_string"}],"inLanguage":"pl-PL"},{"@type":"WebPage","@id":"https:\/\/fundacjawilkonia.pl\/index.php\/2018\/07\/03\/i-czytanie-publiczne-don-kichota-miguela-de-cervantesa\/","url":"https:\/\/fundacjawilkonia.pl\/index.php\/2018\/07\/03\/i-czytanie-publiczne-don-kichota-miguela-de-cervantesa\/","name":"I Czytanie Publiczne \u201eDon Kichota\u201d Miguela de Cervantesa - Fundacja \u201eArka\u201d im. J\u00f3zefa Wilkonia","isPartOf":{"@id":"https:\/\/fundacjawilkonia.pl\/#website"},"datePublished":"2018-07-03T13:07:14+00:00","dateModified":"2018-07-03T13:07:14+00:00","breadcrumb":{"@id":"https:\/\/fundacjawilkonia.pl\/index.php\/2018\/07\/03\/i-czytanie-publiczne-don-kichota-miguela-de-cervantesa\/#breadcrumb"},"inLanguage":"pl-PL","potentialAction":[{"@type":"ReadAction","target":["https:\/\/fundacjawilkonia.pl\/index.php\/2018\/07\/03\/i-czytanie-publiczne-don-kichota-miguela-de-cervantesa\/"]}]},{"@type":"BreadcrumbList","@id":"https:\/\/fundacjawilkonia.pl\/index.php\/2018\/07\/03\/i-czytanie-publiczne-don-kichota-miguela-de-cervantesa\/#breadcrumb","itemListElement":[{"@type":"ListItem","position":1,"name":"Strona g\u0142\u00f3wna","item":"https:\/\/fundacjawilkonia.pl\/"},{"@type":"ListItem","position":2,"name":"I Czytanie Publiczne \u201eDon Kichota\u201d Miguela de Cervantesa"}]},{"@type":"Article","@id":"https:\/\/fundacjawilkonia.pl\/index.php\/2018\/07\/03\/i-czytanie-publiczne-don-kichota-miguela-de-cervantesa\/#article","isPartOf":{"@id":"https:\/\/fundacjawilkonia.pl\/index.php\/2018\/07\/03\/i-czytanie-publiczne-don-kichota-miguela-de-cervantesa\/"},"author":{"name":"Blanka Wyszy\u0144ska-Walczak","@id":"https:\/\/fundacjawilkonia.pl\/#\/schema\/person\/79109e804e49d669b075ce06b2ef94a7"},"headline":"I Czytanie Publiczne \u201eDon Kichota\u201d Miguela de Cervantesa","datePublished":"2018-07-03T13:07:14+00:00","dateModified":"2018-07-03T13:07:14+00:00","mainEntityOfPage":{"@id":"https:\/\/fundacjawilkonia.pl\/index.php\/2018\/07\/03\/i-czytanie-publiczne-don-kichota-miguela-de-cervantesa\/"},"wordCount":146,"publisher":{"@id":"https:\/\/fundacjawilkonia.pl\/#organization"},"inLanguage":"pl-PL"},{"@type":"Person","@id":"https:\/\/fundacjawilkonia.pl\/#\/schema\/person\/79109e804e49d669b075ce06b2ef94a7","name":"Blanka Wyszy\u0144ska-Walczak","image":{"@type":"ImageObject","inLanguage":"pl-PL","@id":"https:\/\/fundacjawilkonia.pl\/#\/schema\/person\/image\/","url":"https:\/\/secure.gravatar.com\/avatar\/30db7325a34bb69fd3ff7c2370949b39?s=96&d=mm&r=g","contentUrl":"https:\/\/secure.gravatar.com\/avatar\/30db7325a34bb69fd3ff7c2370949b39?s=96&d=mm&r=g","caption":"Blanka Wyszy\u0144ska-Walczak"}}]}},"_links":{"self":[{"href":"https:\/\/fundacjawilkonia.pl\/index.php\/wp-json\/wp\/v2\/posts\/777"}],"collection":[{"href":"https:\/\/fundacjawilkonia.pl\/index.php\/wp-json\/wp\/v2\/posts"}],"about":[{"href":"https:\/\/fundacjawilkonia.pl\/index.php\/wp-json\/wp\/v2\/types\/post"}],"author":[{"embeddable":true,"href":"https:\/\/fundacjawilkonia.pl\/index.php\/wp-json\/wp\/v2\/users\/2"}],"replies":[{"embeddable":true,"href":"https:\/\/fundacjawilkonia.pl\/index.php\/wp-json\/wp\/v2\/comments?post=777"}],"version-history":[{"count":0,"href":"https:\/\/fundacjawilkonia.pl\/index.php\/wp-json\/wp\/v2\/posts\/777\/revisions"}],"wp:featuredmedia":[{"embeddable":true,"href":"https:\/\/fundacjawilkonia.pl\/index.php\/wp-json\/wp\/v2\/media\/767"}],"wp:attachment":[{"href":"https:\/\/fundacjawilkonia.pl\/index.php\/wp-json\/wp\/v2\/media?parent=777"}],"wp:term":[{"taxonomy":"category","embeddable":true,"href":"https:\/\/fundacjawilkonia.pl\/index.php\/wp-json\/wp\/v2\/categories?post=777"},{"taxonomy":"post_tag","embeddable":true,"href":"https:\/\/fundacjawilkonia.pl\/index.php\/wp-json\/wp\/v2\/tags?post=777"}],"curies":[{"name":"wp","href":"https:\/\/api.w.org\/{rel}","templated":true}]}}