{"id":850,"date":"2018-09-18T22:59:49","date_gmt":"2018-09-18T20:59:49","guid":{"rendered":"https:\/\/fundacjawilkonia.pl\/?p=850"},"modified":"2018-09-18T23:21:20","modified_gmt":"2018-09-18T21:21:20","slug":"jozef-wilkon-reczna-robota-wystawa-z-cyklu-mistrzowie-ilustracji-w-muzeum-karykatury-w-warszawie","status":"publish","type":"post","link":"https:\/\/fundacjawilkonia.pl\/index.php\/2018\/09\/18\/jozef-wilkon-reczna-robota-wystawa-z-cyklu-mistrzowie-ilustracji-w-muzeum-karykatury-w-warszawie\/","title":{"rendered":"&#8222;J\u00f3zef Wilko\u0144.R\u0119czna robota &#8222;wystawa z cyklu Mistrzowie Ilustracji w Muzeum Karykatury w Warszawie"},"content":{"rendered":"<p><strong>\u201eJ\u00f3zef Wilko\u0144. R\u0119czna robota\u201d<\/strong><\/p>\n<p>wystawa z cyklu \u201eMistrzowie ilustracji\u201d<\/p>\n<p>28 wrze\u015bnia \u2013 25 listopada 2018<\/p>\n<p>Muzeum Karykatury im. Eryka Lipi\u0144skiego<\/p>\n<ol>\n<li>Kozia 11, 00-070 Warszawa<\/li>\n<\/ol>\n<p>Godziny otwarcia: wtorki \u2013 niedziele 10:00-18:00<\/p>\n<p><strong>Muzeum Karykatury im. Eryka Lipi\u0144skiego zaprasza na wystaw\u0119 prac ilustratora, malarza i\u00a0rze\u017abiarza J\u00f3zefa Wilkonia. Ekspozycja pt. \u201eJ\u00f3zef Wilko\u0144. R\u0119czna robota\u201d b\u0119dzie prezentowana w siedzibie muzeum przy ul. Koziej 11 w Warszawie od 28 wrze\u015bnia do 25 listopada 2018 roku.<\/strong><\/p>\n<p>Styl ilustracji J\u00f3zefa Wilkonia jest natychmiast rozpoznawalny dzi\u0119ki oryginalnym i\u00a0charakterystycznym \u015brodkom wyrazu i malarsko\u015bci przedstawie\u0144. W swoich pracach stosuje r\u00f3\u017cnorodne techniki: tusz, gwasz, akwarela, pastel, akryl. Eksperymentuje z materi\u0105 i zabarwieniem papieru, wykorzystuj\u0105c struktur\u0119 jego w\u0142\u00f3kien, faktur\u0119 \u017ceber, ch\u0142onno\u015b\u0107. Niekt\u00f3re ilustracje powsta\u0142y na przyk\u0142ad na papierze nazywanym \u201eworkowym\u201d, \u201ecukrowym\u201d lub \u201egobelinowym\u201d \u2013 z work\u00f3w do\u00a0pakowania cukru. Wilko\u0144 pewnymi poci\u0105gni\u0119ciami p\u0119dzla nak\u0142ada czarne kreski, rozlewa monochromatyczne lub barwne plamy, kt\u00f3re rozp\u0142ywaj\u0105 si\u0119 i wnikaj\u0105 w nas\u0105czone wcze\u015bniej wod\u0105 pod\u0142o\u017ce. Wprowadza kolor srebrny i z\u0142oty, pot\u0119guj\u0105c efekt dekoracyjno\u015bci rysunku (\u201eSzum drzew\u201d, \u201ePan Tadeusz\u201d). Pejza\u017ce i przedstawienia figuralne Wilkonia zbudowane s\u0105 z licznych mikrokompozycji abstrakcyjnych. Ilustracje te przywodz\u0105 na my\u015bl wczesno\u015bredniowieczne mozaiki lub gotyckie witra\u017ce. Czytelne s\u0105 tak\u017ce nawi\u0105zania do renesansowych fresk\u00f3w lub motyw\u00f3w sztuki Bliskiego Wschodu (\u201eIv i Finetta\u201d, \u201eO ksi\u0119ciu Ibrahimie i pi\u0119knej Sinedhur\u201d).<\/p>\n<p>Artysta nada\u0142 swoim ilustracjom trzeci wymiar \u2013 swoje rze\u017aby okre\u015bla ilustracjami \u201eprzestrzennymi\u201d lub ilustracjami \u201ew przestrzeni\u201d. Przy ich powstawaniu \u2013 jak m\u00f3wi \u2013 \u201erol\u0119 p\u0119dzla spe\u0142niaj\u0105 uderzenia siekiery czy poci\u0105gni\u0119cia elektrycznej pi\u0142y\u201d (chocia\u017cby w ksi\u0105\u017cce \u201ePsie \u017cycie\u201d). Od pocz\u0105tku lat 90. XX\u00a0w. do dzi\u015b, z drewna i blachy stworzy\u0142 prawdziwe \u201ebestiarium\u201d nazywane \u201eArk\u0105 Wilkonia\u201d. Ostatnio wkroczy\u0142o ono r\u00f3wnie\u017c do \u015bwiata cyfrowego, w kt\u00f3rym powstaj\u0105 tak\u017ce najnowsze projekty artysty (\u201eZbuntowany elektron\u201d).<\/p>\n<p>Wystawa zatytu\u0142owana \u201eJ\u00f3zef Wilko\u0144. R\u0119czna robota\u201d w Muzeum Karykatury im. Eryka Lipi\u0144skiego to pr\u00f3ba nie tylko prezentacji wybranych w\u0105tk\u00f3w z bogatego dorobku tw\u00f3rcy, lecz tak\u017ce ukazania r\u00f3\u017cnych technik i sposob\u00f3w pracy nad wybranymi projektami. S\u0105 w\u015br\u00f3d nich przede wszystkim zespo\u0142y ilustracji przygotowywane do tekst\u00f3w innych autor\u00f3w, ale i do tw\u00f3rczo\u015bci literackiej samego J\u00f3zefa Wilkonia. Wyb\u00f3r oryginalnych rysunk\u00f3w i rze\u017ab wzbogaca wyj\u0105tkowy eksponat \u2013 du\u017cych rozmiar\u00f3w tkanina \u2013 gobelin z Wilkoniow\u0105 kompozycj\u0105. Ca\u0142o\u015b\u0107 uzupe\u0142nia przegl\u0105d plakat\u00f3w i ksi\u0105\u017cek oraz pokaz ilustracji wykonanych w technice cyfrowej.<\/p>\n<p>Wszystkie prezentowane rysunki, projekty i wydawnictwa pochodz\u0105 z kolekcji artysty. Wsp\u00f3\u0142organizatorem wystawy jest Fundacja \u201eArka\u201d im. J\u00f3zefa Wilkonia.<\/p>\n<p><img loading=\"lazy\" class=\"alignnone size-medium wp-image-855\" src=\"https:\/\/fundacjawilkonia.pl\/wp-content\/uploads\/2018\/09\/Bez-tytu\u0142u-1-300x211.jpg\" alt=\"\" width=\"300\" height=\"211\" srcset=\"https:\/\/fundacjawilkonia.pl\/wp-content\/uploads\/2018\/09\/Bez-tytu\u0142u-1-300x211.jpg 300w, https:\/\/fundacjawilkonia.pl\/wp-content\/uploads\/2018\/09\/Bez-tytu\u0142u-1-768x541.jpg 768w, https:\/\/fundacjawilkonia.pl\/wp-content\/uploads\/2018\/09\/Bez-tytu\u0142u-1.jpg 849w\" sizes=\"(max-width: 300px) 100vw, 300px\" \/><\/p>\n<p>&nbsp;<\/p>\n","protected":false},"excerpt":{"rendered":"<p>\u201eJ\u00f3zef Wilko\u0144. R\u0119czna robota\u201d wystawa z cyklu \u201eMistrzowie ilustracji\u201d 28 wrze\u015bnia \u2013 25 listopada 2018 Muzeum Karykatury im. Eryka Lipi\u0144skiego [&hellip;]<\/p>\n","protected":false},"author":2,"featured_media":853,"comment_status":"closed","ping_status":"closed","sticky":false,"template":"","format":"standard","meta":[],"categories":[1],"tags":[],"yoast_head":"<!-- This site is optimized with the Yoast SEO plugin v19.4 - https:\/\/yoast.com\/wordpress\/plugins\/seo\/ -->\n<title>&quot;J\u00f3zef Wilko\u0144.R\u0119czna robota &quot;wystawa z cyklu Mistrzowie Ilustracji w Muzeum Karykatury w Warszawie - Fundacja \u201eArka\u201d im. J\u00f3zefa Wilkonia<\/title>\n<meta name=\"robots\" content=\"index, follow, max-snippet:-1, max-image-preview:large, max-video-preview:-1\" \/>\n<link rel=\"canonical\" href=\"https:\/\/fundacjawilkonia.pl\/index.php\/2018\/09\/18\/jozef-wilkon-reczna-robota-wystawa-z-cyklu-mistrzowie-ilustracji-w-muzeum-karykatury-w-warszawie\/\" \/>\n<meta property=\"og:locale\" content=\"pl_PL\" \/>\n<meta property=\"og:type\" content=\"article\" \/>\n<meta property=\"og:title\" content=\"&quot;J\u00f3zef Wilko\u0144.R\u0119czna robota &quot;wystawa z cyklu Mistrzowie Ilustracji w Muzeum Karykatury w Warszawie - Fundacja \u201eArka\u201d im. J\u00f3zefa Wilkonia\" \/>\n<meta property=\"og:description\" content=\"\u201eJ\u00f3zef Wilko\u0144. R\u0119czna robota\u201d wystawa z cyklu \u201eMistrzowie ilustracji\u201d 28 wrze\u015bnia \u2013 25 listopada 2018 Muzeum Karykatury im. Eryka Lipi\u0144skiego [&hellip;]\" \/>\n<meta property=\"og:url\" content=\"https:\/\/fundacjawilkonia.pl\/index.php\/2018\/09\/18\/jozef-wilkon-reczna-robota-wystawa-z-cyklu-mistrzowie-ilustracji-w-muzeum-karykatury-w-warszawie\/\" \/>\n<meta property=\"og:site_name\" content=\"Fundacja \u201eArka\u201d im. J\u00f3zefa Wilkonia\" \/>\n<meta property=\"article:publisher\" content=\"https:\/\/www.facebook.com\/Fundacja-Wilkonia-221788084540934\/\" \/>\n<meta property=\"article:published_time\" content=\"2018-09-18T20:59:49+00:00\" \/>\n<meta property=\"article:modified_time\" content=\"2018-09-18T21:21:20+00:00\" \/>\n<meta property=\"og:image\" content=\"https:\/\/fundacjawilkonia.pl\/wp-content\/uploads\/2018\/09\/41738521_1878218748930003_5664248035840884736_n-1.jpg\" \/>\n\t<meta property=\"og:image:width\" content=\"960\" \/>\n\t<meta property=\"og:image:height\" content=\"502\" \/>\n\t<meta property=\"og:image:type\" content=\"image\/jpeg\" \/>\n<meta name=\"author\" content=\"Blanka Wyszy\u0144ska-Walczak\" \/>\n<meta name=\"twitter:card\" content=\"summary_large_image\" \/>\n<meta name=\"twitter:creator\" content=\"@fundacjawilkoni\" \/>\n<meta name=\"twitter:site\" content=\"@fundacjawilkoni\" \/>\n<meta name=\"twitter:label1\" content=\"Napisane przez\" \/>\n\t<meta name=\"twitter:data1\" content=\"Blanka Wyszy\u0144ska-Walczak\" \/>\n\t<meta name=\"twitter:label2\" content=\"Szacowany czas czytania\" \/>\n\t<meta name=\"twitter:data2\" content=\"2 minuty\" \/>\n<script type=\"application\/ld+json\" class=\"yoast-schema-graph\">{\"@context\":\"https:\/\/schema.org\",\"@graph\":[{\"@type\":\"Organization\",\"@id\":\"https:\/\/fundacjawilkonia.pl\/#organization\",\"name\":\"Fundacja \\\"Arka\\\" im. J\u00f3zefa Wilkonia\",\"url\":\"https:\/\/fundacjawilkonia.pl\/\",\"sameAs\":[\"https:\/\/www.instagram.com\/fundacjawilkonia\/?hl=pl\",\"https:\/\/www.facebook.com\/Fundacja-Wilkonia-221788084540934\/\",\"https:\/\/twitter.com\/fundacjawilkoni\"],\"logo\":{\"@type\":\"ImageObject\",\"inLanguage\":\"pl-PL\",\"@id\":\"https:\/\/fundacjawilkonia.pl\/#\/schema\/logo\/image\/\",\"url\":\"https:\/\/i2.wp.com\/fundacjawilkonia.pl\/wp-content\/uploads\/2016\/09\/10987396_771520442901026_1174624827528049836_n.png?fit=790%2C593&ssl=1\",\"contentUrl\":\"https:\/\/i2.wp.com\/fundacjawilkonia.pl\/wp-content\/uploads\/2016\/09\/10987396_771520442901026_1174624827528049836_n.png?fit=790%2C593&ssl=1\",\"width\":790,\"height\":593,\"caption\":\"Fundacja \\\"Arka\\\" im. J\u00f3zefa Wilkonia\"},\"image\":{\"@id\":\"https:\/\/fundacjawilkonia.pl\/#\/schema\/logo\/image\/\"}},{\"@type\":\"WebSite\",\"@id\":\"https:\/\/fundacjawilkonia.pl\/#website\",\"url\":\"https:\/\/fundacjawilkonia.pl\/\",\"name\":\"Fundacja \u201eArka\u201d im. J\u00f3zefa Wilkonia\",\"description\":\"G\u0142\u00f3wnym celem fundacji jest ochrona i promocja dorobku artystycznego J\u00f3zefa Wilkonia i og\u00f3lnych warto\u015bci zwi\u0105zanych ze sztukami pi\u0119knymi, a w szczeg\u00f3lno\u015bci ilustratorstwem i sztuk\u0105 edytorsk\u0105.\",\"publisher\":{\"@id\":\"https:\/\/fundacjawilkonia.pl\/#organization\"},\"potentialAction\":[{\"@type\":\"SearchAction\",\"target\":{\"@type\":\"EntryPoint\",\"urlTemplate\":\"https:\/\/fundacjawilkonia.pl\/?s={search_term_string}\"},\"query-input\":\"required name=search_term_string\"}],\"inLanguage\":\"pl-PL\"},{\"@type\":\"WebPage\",\"@id\":\"https:\/\/fundacjawilkonia.pl\/index.php\/2018\/09\/18\/jozef-wilkon-reczna-robota-wystawa-z-cyklu-mistrzowie-ilustracji-w-muzeum-karykatury-w-warszawie\/\",\"url\":\"https:\/\/fundacjawilkonia.pl\/index.php\/2018\/09\/18\/jozef-wilkon-reczna-robota-wystawa-z-cyklu-mistrzowie-ilustracji-w-muzeum-karykatury-w-warszawie\/\",\"name\":\"\\\"J\u00f3zef Wilko\u0144.R\u0119czna robota \\\"wystawa z cyklu Mistrzowie Ilustracji w Muzeum Karykatury w Warszawie - Fundacja \u201eArka\u201d im. J\u00f3zefa Wilkonia\",\"isPartOf\":{\"@id\":\"https:\/\/fundacjawilkonia.pl\/#website\"},\"datePublished\":\"2018-09-18T20:59:49+00:00\",\"dateModified\":\"2018-09-18T21:21:20+00:00\",\"breadcrumb\":{\"@id\":\"https:\/\/fundacjawilkonia.pl\/index.php\/2018\/09\/18\/jozef-wilkon-reczna-robota-wystawa-z-cyklu-mistrzowie-ilustracji-w-muzeum-karykatury-w-warszawie\/#breadcrumb\"},\"inLanguage\":\"pl-PL\",\"potentialAction\":[{\"@type\":\"ReadAction\",\"target\":[\"https:\/\/fundacjawilkonia.pl\/index.php\/2018\/09\/18\/jozef-wilkon-reczna-robota-wystawa-z-cyklu-mistrzowie-ilustracji-w-muzeum-karykatury-w-warszawie\/\"]}]},{\"@type\":\"BreadcrumbList\",\"@id\":\"https:\/\/fundacjawilkonia.pl\/index.php\/2018\/09\/18\/jozef-wilkon-reczna-robota-wystawa-z-cyklu-mistrzowie-ilustracji-w-muzeum-karykatury-w-warszawie\/#breadcrumb\",\"itemListElement\":[{\"@type\":\"ListItem\",\"position\":1,\"name\":\"Strona g\u0142\u00f3wna\",\"item\":\"https:\/\/fundacjawilkonia.pl\/\"},{\"@type\":\"ListItem\",\"position\":2,\"name\":\"&#8222;J\u00f3zef Wilko\u0144.R\u0119czna robota &#8222;wystawa z cyklu Mistrzowie Ilustracji w Muzeum Karykatury w Warszawie\"}]},{\"@type\":\"Article\",\"@id\":\"https:\/\/fundacjawilkonia.pl\/index.php\/2018\/09\/18\/jozef-wilkon-reczna-robota-wystawa-z-cyklu-mistrzowie-ilustracji-w-muzeum-karykatury-w-warszawie\/#article\",\"isPartOf\":{\"@id\":\"https:\/\/fundacjawilkonia.pl\/index.php\/2018\/09\/18\/jozef-wilkon-reczna-robota-wystawa-z-cyklu-mistrzowie-ilustracji-w-muzeum-karykatury-w-warszawie\/\"},\"author\":{\"name\":\"Blanka Wyszy\u0144ska-Walczak\",\"@id\":\"https:\/\/fundacjawilkonia.pl\/#\/schema\/person\/79109e804e49d669b075ce06b2ef94a7\"},\"headline\":\"&#8222;J\u00f3zef Wilko\u0144.R\u0119czna robota &#8222;wystawa z cyklu Mistrzowie Ilustracji w Muzeum Karykatury w Warszawie\",\"datePublished\":\"2018-09-18T20:59:49+00:00\",\"dateModified\":\"2018-09-18T21:21:20+00:00\",\"mainEntityOfPage\":{\"@id\":\"https:\/\/fundacjawilkonia.pl\/index.php\/2018\/09\/18\/jozef-wilkon-reczna-robota-wystawa-z-cyklu-mistrzowie-ilustracji-w-muzeum-karykatury-w-warszawie\/\"},\"wordCount\":471,\"publisher\":{\"@id\":\"https:\/\/fundacjawilkonia.pl\/#organization\"},\"inLanguage\":\"pl-PL\"},{\"@type\":\"Person\",\"@id\":\"https:\/\/fundacjawilkonia.pl\/#\/schema\/person\/79109e804e49d669b075ce06b2ef94a7\",\"name\":\"Blanka Wyszy\u0144ska-Walczak\",\"image\":{\"@type\":\"ImageObject\",\"inLanguage\":\"pl-PL\",\"@id\":\"https:\/\/fundacjawilkonia.pl\/#\/schema\/person\/image\/\",\"url\":\"https:\/\/secure.gravatar.com\/avatar\/30db7325a34bb69fd3ff7c2370949b39?s=96&d=mm&r=g\",\"contentUrl\":\"https:\/\/secure.gravatar.com\/avatar\/30db7325a34bb69fd3ff7c2370949b39?s=96&d=mm&r=g\",\"caption\":\"Blanka Wyszy\u0144ska-Walczak\"}}]}<\/script>\n<!-- \/ Yoast SEO plugin. -->","yoast_head_json":{"title":"\"J\u00f3zef Wilko\u0144.R\u0119czna robota \"wystawa z cyklu Mistrzowie Ilustracji w Muzeum Karykatury w Warszawie - Fundacja \u201eArka\u201d im. J\u00f3zefa Wilkonia","robots":{"index":"index","follow":"follow","max-snippet":"max-snippet:-1","max-image-preview":"max-image-preview:large","max-video-preview":"max-video-preview:-1"},"canonical":"https:\/\/fundacjawilkonia.pl\/index.php\/2018\/09\/18\/jozef-wilkon-reczna-robota-wystawa-z-cyklu-mistrzowie-ilustracji-w-muzeum-karykatury-w-warszawie\/","og_locale":"pl_PL","og_type":"article","og_title":"\"J\u00f3zef Wilko\u0144.R\u0119czna robota \"wystawa z cyklu Mistrzowie Ilustracji w Muzeum Karykatury w Warszawie - Fundacja \u201eArka\u201d im. J\u00f3zefa Wilkonia","og_description":"\u201eJ\u00f3zef Wilko\u0144. R\u0119czna robota\u201d wystawa z cyklu \u201eMistrzowie ilustracji\u201d 28 wrze\u015bnia \u2013 25 listopada 2018 Muzeum Karykatury im. Eryka Lipi\u0144skiego [&hellip;]","og_url":"https:\/\/fundacjawilkonia.pl\/index.php\/2018\/09\/18\/jozef-wilkon-reczna-robota-wystawa-z-cyklu-mistrzowie-ilustracji-w-muzeum-karykatury-w-warszawie\/","og_site_name":"Fundacja \u201eArka\u201d im. J\u00f3zefa Wilkonia","article_publisher":"https:\/\/www.facebook.com\/Fundacja-Wilkonia-221788084540934\/","article_published_time":"2018-09-18T20:59:49+00:00","article_modified_time":"2018-09-18T21:21:20+00:00","og_image":[{"width":960,"height":502,"url":"https:\/\/fundacjawilkonia.pl\/wp-content\/uploads\/2018\/09\/41738521_1878218748930003_5664248035840884736_n-1.jpg","type":"image\/jpeg"}],"author":"Blanka Wyszy\u0144ska-Walczak","twitter_card":"summary_large_image","twitter_creator":"@fundacjawilkoni","twitter_site":"@fundacjawilkoni","twitter_misc":{"Napisane przez":"Blanka Wyszy\u0144ska-Walczak","Szacowany czas czytania":"2 minuty"},"schema":{"@context":"https:\/\/schema.org","@graph":[{"@type":"Organization","@id":"https:\/\/fundacjawilkonia.pl\/#organization","name":"Fundacja \"Arka\" im. J\u00f3zefa Wilkonia","url":"https:\/\/fundacjawilkonia.pl\/","sameAs":["https:\/\/www.instagram.com\/fundacjawilkonia\/?hl=pl","https:\/\/www.facebook.com\/Fundacja-Wilkonia-221788084540934\/","https:\/\/twitter.com\/fundacjawilkoni"],"logo":{"@type":"ImageObject","inLanguage":"pl-PL","@id":"https:\/\/fundacjawilkonia.pl\/#\/schema\/logo\/image\/","url":"https:\/\/i2.wp.com\/fundacjawilkonia.pl\/wp-content\/uploads\/2016\/09\/10987396_771520442901026_1174624827528049836_n.png?fit=790%2C593&ssl=1","contentUrl":"https:\/\/i2.wp.com\/fundacjawilkonia.pl\/wp-content\/uploads\/2016\/09\/10987396_771520442901026_1174624827528049836_n.png?fit=790%2C593&ssl=1","width":790,"height":593,"caption":"Fundacja \"Arka\" im. J\u00f3zefa Wilkonia"},"image":{"@id":"https:\/\/fundacjawilkonia.pl\/#\/schema\/logo\/image\/"}},{"@type":"WebSite","@id":"https:\/\/fundacjawilkonia.pl\/#website","url":"https:\/\/fundacjawilkonia.pl\/","name":"Fundacja \u201eArka\u201d im. J\u00f3zefa Wilkonia","description":"G\u0142\u00f3wnym celem fundacji jest ochrona i promocja dorobku artystycznego J\u00f3zefa Wilkonia i og\u00f3lnych warto\u015bci zwi\u0105zanych ze sztukami pi\u0119knymi, a w szczeg\u00f3lno\u015bci ilustratorstwem i sztuk\u0105 edytorsk\u0105.","publisher":{"@id":"https:\/\/fundacjawilkonia.pl\/#organization"},"potentialAction":[{"@type":"SearchAction","target":{"@type":"EntryPoint","urlTemplate":"https:\/\/fundacjawilkonia.pl\/?s={search_term_string}"},"query-input":"required name=search_term_string"}],"inLanguage":"pl-PL"},{"@type":"WebPage","@id":"https:\/\/fundacjawilkonia.pl\/index.php\/2018\/09\/18\/jozef-wilkon-reczna-robota-wystawa-z-cyklu-mistrzowie-ilustracji-w-muzeum-karykatury-w-warszawie\/","url":"https:\/\/fundacjawilkonia.pl\/index.php\/2018\/09\/18\/jozef-wilkon-reczna-robota-wystawa-z-cyklu-mistrzowie-ilustracji-w-muzeum-karykatury-w-warszawie\/","name":"\"J\u00f3zef Wilko\u0144.R\u0119czna robota \"wystawa z cyklu Mistrzowie Ilustracji w Muzeum Karykatury w Warszawie - Fundacja \u201eArka\u201d im. J\u00f3zefa Wilkonia","isPartOf":{"@id":"https:\/\/fundacjawilkonia.pl\/#website"},"datePublished":"2018-09-18T20:59:49+00:00","dateModified":"2018-09-18T21:21:20+00:00","breadcrumb":{"@id":"https:\/\/fundacjawilkonia.pl\/index.php\/2018\/09\/18\/jozef-wilkon-reczna-robota-wystawa-z-cyklu-mistrzowie-ilustracji-w-muzeum-karykatury-w-warszawie\/#breadcrumb"},"inLanguage":"pl-PL","potentialAction":[{"@type":"ReadAction","target":["https:\/\/fundacjawilkonia.pl\/index.php\/2018\/09\/18\/jozef-wilkon-reczna-robota-wystawa-z-cyklu-mistrzowie-ilustracji-w-muzeum-karykatury-w-warszawie\/"]}]},{"@type":"BreadcrumbList","@id":"https:\/\/fundacjawilkonia.pl\/index.php\/2018\/09\/18\/jozef-wilkon-reczna-robota-wystawa-z-cyklu-mistrzowie-ilustracji-w-muzeum-karykatury-w-warszawie\/#breadcrumb","itemListElement":[{"@type":"ListItem","position":1,"name":"Strona g\u0142\u00f3wna","item":"https:\/\/fundacjawilkonia.pl\/"},{"@type":"ListItem","position":2,"name":"&#8222;J\u00f3zef Wilko\u0144.R\u0119czna robota &#8222;wystawa z cyklu Mistrzowie Ilustracji w Muzeum Karykatury w Warszawie"}]},{"@type":"Article","@id":"https:\/\/fundacjawilkonia.pl\/index.php\/2018\/09\/18\/jozef-wilkon-reczna-robota-wystawa-z-cyklu-mistrzowie-ilustracji-w-muzeum-karykatury-w-warszawie\/#article","isPartOf":{"@id":"https:\/\/fundacjawilkonia.pl\/index.php\/2018\/09\/18\/jozef-wilkon-reczna-robota-wystawa-z-cyklu-mistrzowie-ilustracji-w-muzeum-karykatury-w-warszawie\/"},"author":{"name":"Blanka Wyszy\u0144ska-Walczak","@id":"https:\/\/fundacjawilkonia.pl\/#\/schema\/person\/79109e804e49d669b075ce06b2ef94a7"},"headline":"&#8222;J\u00f3zef Wilko\u0144.R\u0119czna robota &#8222;wystawa z cyklu Mistrzowie Ilustracji w Muzeum Karykatury w Warszawie","datePublished":"2018-09-18T20:59:49+00:00","dateModified":"2018-09-18T21:21:20+00:00","mainEntityOfPage":{"@id":"https:\/\/fundacjawilkonia.pl\/index.php\/2018\/09\/18\/jozef-wilkon-reczna-robota-wystawa-z-cyklu-mistrzowie-ilustracji-w-muzeum-karykatury-w-warszawie\/"},"wordCount":471,"publisher":{"@id":"https:\/\/fundacjawilkonia.pl\/#organization"},"inLanguage":"pl-PL"},{"@type":"Person","@id":"https:\/\/fundacjawilkonia.pl\/#\/schema\/person\/79109e804e49d669b075ce06b2ef94a7","name":"Blanka Wyszy\u0144ska-Walczak","image":{"@type":"ImageObject","inLanguage":"pl-PL","@id":"https:\/\/fundacjawilkonia.pl\/#\/schema\/person\/image\/","url":"https:\/\/secure.gravatar.com\/avatar\/30db7325a34bb69fd3ff7c2370949b39?s=96&d=mm&r=g","contentUrl":"https:\/\/secure.gravatar.com\/avatar\/30db7325a34bb69fd3ff7c2370949b39?s=96&d=mm&r=g","caption":"Blanka Wyszy\u0144ska-Walczak"}}]}},"_links":{"self":[{"href":"https:\/\/fundacjawilkonia.pl\/index.php\/wp-json\/wp\/v2\/posts\/850"}],"collection":[{"href":"https:\/\/fundacjawilkonia.pl\/index.php\/wp-json\/wp\/v2\/posts"}],"about":[{"href":"https:\/\/fundacjawilkonia.pl\/index.php\/wp-json\/wp\/v2\/types\/post"}],"author":[{"embeddable":true,"href":"https:\/\/fundacjawilkonia.pl\/index.php\/wp-json\/wp\/v2\/users\/2"}],"replies":[{"embeddable":true,"href":"https:\/\/fundacjawilkonia.pl\/index.php\/wp-json\/wp\/v2\/comments?post=850"}],"version-history":[{"count":0,"href":"https:\/\/fundacjawilkonia.pl\/index.php\/wp-json\/wp\/v2\/posts\/850\/revisions"}],"wp:featuredmedia":[{"embeddable":true,"href":"https:\/\/fundacjawilkonia.pl\/index.php\/wp-json\/wp\/v2\/media\/853"}],"wp:attachment":[{"href":"https:\/\/fundacjawilkonia.pl\/index.php\/wp-json\/wp\/v2\/media?parent=850"}],"wp:term":[{"taxonomy":"category","embeddable":true,"href":"https:\/\/fundacjawilkonia.pl\/index.php\/wp-json\/wp\/v2\/categories?post=850"},{"taxonomy":"post_tag","embeddable":true,"href":"https:\/\/fundacjawilkonia.pl\/index.php\/wp-json\/wp\/v2\/tags?post=850"}],"curies":[{"name":"wp","href":"https:\/\/api.w.org\/{rel}","templated":true}]}}