{"id":965,"date":"2019-02-10T00:57:33","date_gmt":"2019-02-09T23:57:33","guid":{"rendered":"https:\/\/fundacjawilkonia.pl\/?p=965"},"modified":"2019-02-10T00:57:33","modified_gmt":"2019-02-09T23:57:33","slug":"wilkon-w-opolu-wystawa-w-miejskiej-bibliotece-publicznej-w-opolu","status":"publish","type":"post","link":"https:\/\/fundacjawilkonia.pl\/index.php\/2019\/02\/10\/wilkon-w-opolu-wystawa-w-miejskiej-bibliotece-publicznej-w-opolu\/","title":{"rendered":"&#8222;Wilko\u0144 w Opolu&#8221; wystawa w Miejskiej Bibliotece Publicznej w Opolu"},"content":{"rendered":"<p>W dniach 8 listopada 10 grudnia mogli\u015bmy ogl\u0105da\u0107 kilkadziesi\u0105t prac J\u00f3zefa Wilkonia na wystawie w Miejskiej Bibliotece Publicznej w Opolu. W pi\u0119knym nowym gmachu biblioteki na kilku poziomach prezentowane by\u0142y dzie\u0142a , ilustracje i rze\u017aby. Miedzy innymi rze\u017aba z drewna &#8221; Don Kichot i Sancho Pansa&#8221; czy &#8222;G\u0119si Kapitoli\u0144skie&#8221;,by\u0142y te\u017c rze\u017aby z metalu. Wystawie by\u0142a zorganizowana w ramach cyklu &#8222;Opolska jesie\u0144 literacka&#8221; i towarzyszy\u0142a jej r\u00f3wnie\u017c prezentacja ksi\u0105\u017cki &#8222;Szcz\u0119\u015bliwa przypadki J\u00f3zefa Wilkonia&#8221; i spotkanie z autork\u0105 Agata Napi\u00f3rsk\u0105. Drugiego dnia wystawy zorganizowane zosta\u0142y warsztaty z dzie\u0107mi ,a kt\u00f3rych tematem by\u0142a ostatnio wydana\u00a0 ksi\u0105\u017cka J\u00f3zefa Wilkonia &#8222;Wr\u00f3ble na Kuble&#8221;. Biblioteka szczyci si\u0119 te\u017c du\u017cym zbiorem ksi\u0105\u017cek ilustrowanych przez Mistrza ,kt\u00f3re tez by\u0142y pokazane na wystawie.<\/p>\n<p><img loading=\"lazy\" class=\"alignnone size-medium wp-image-951\" src=\"https:\/\/fundacjawilkonia.pl\/wp-content\/uploads\/2019\/02\/IMG_20181108_180243401-169x300.jpg\" alt=\"\" width=\"169\" height=\"300\" srcset=\"https:\/\/fundacjawilkonia.pl\/wp-content\/uploads\/2019\/02\/IMG_20181108_180243401-169x300.jpg 169w, https:\/\/fundacjawilkonia.pl\/wp-content\/uploads\/2019\/02\/IMG_20181108_180243401-768x1365.jpg 768w, https:\/\/fundacjawilkonia.pl\/wp-content\/uploads\/2019\/02\/IMG_20181108_180243401-576x1024.jpg 576w, https:\/\/fundacjawilkonia.pl\/wp-content\/uploads\/2019\/02\/IMG_20181108_180243401.jpg 1836w\" sizes=\"(max-width: 169px) 100vw, 169px\" \/> <img loading=\"lazy\" class=\"alignnone size-medium wp-image-952\" src=\"https:\/\/fundacjawilkonia.pl\/wp-content\/uploads\/2019\/02\/IMG_20181108_180301823-169x300.jpg\" alt=\"\" width=\"169\" height=\"300\" srcset=\"https:\/\/fundacjawilkonia.pl\/wp-content\/uploads\/2019\/02\/IMG_20181108_180301823-169x300.jpg 169w, https:\/\/fundacjawilkonia.pl\/wp-content\/uploads\/2019\/02\/IMG_20181108_180301823-768x1365.jpg 768w, https:\/\/fundacjawilkonia.pl\/wp-content\/uploads\/2019\/02\/IMG_20181108_180301823-576x1024.jpg 576w, https:\/\/fundacjawilkonia.pl\/wp-content\/uploads\/2019\/02\/IMG_20181108_180301823.jpg 1836w\" sizes=\"(max-width: 169px) 100vw, 169px\" \/> <img loading=\"lazy\" class=\"alignnone size-medium wp-image-953\" src=\"https:\/\/fundacjawilkonia.pl\/wp-content\/uploads\/2019\/02\/IMG_20181108_180446827-169x300.jpg\" alt=\"\" width=\"169\" height=\"300\" srcset=\"https:\/\/fundacjawilkonia.pl\/wp-content\/uploads\/2019\/02\/IMG_20181108_180446827-169x300.jpg 169w, https:\/\/fundacjawilkonia.pl\/wp-content\/uploads\/2019\/02\/IMG_20181108_180446827-768x1365.jpg 768w, https:\/\/fundacjawilkonia.pl\/wp-content\/uploads\/2019\/02\/IMG_20181108_180446827-576x1024.jpg 576w, https:\/\/fundacjawilkonia.pl\/wp-content\/uploads\/2019\/02\/IMG_20181108_180446827.jpg 1836w\" sizes=\"(max-width: 169px) 100vw, 169px\" \/> <img loading=\"lazy\" class=\"alignnone size-medium wp-image-954\" src=\"https:\/\/fundacjawilkonia.pl\/wp-content\/uploads\/2019\/02\/IMG_20181108_185807866-169x300.jpg\" alt=\"\" width=\"169\" height=\"300\" srcset=\"https:\/\/fundacjawilkonia.pl\/wp-content\/uploads\/2019\/02\/IMG_20181108_185807866-169x300.jpg 169w, https:\/\/fundacjawilkonia.pl\/wp-content\/uploads\/2019\/02\/IMG_20181108_185807866-768x1365.jpg 768w, https:\/\/fundacjawilkonia.pl\/wp-content\/uploads\/2019\/02\/IMG_20181108_185807866-576x1024.jpg 576w, https:\/\/fundacjawilkonia.pl\/wp-content\/uploads\/2019\/02\/IMG_20181108_185807866.jpg 1836w\" sizes=\"(max-width: 169px) 100vw, 169px\" \/> <img loading=\"lazy\" class=\"alignnone size-medium wp-image-949\" src=\"https:\/\/fundacjawilkonia.pl\/wp-content\/uploads\/2019\/02\/IMG_20181109_120105555_HDR-300x169.jpg\" alt=\"\" width=\"300\" height=\"169\" srcset=\"https:\/\/fundacjawilkonia.pl\/wp-content\/uploads\/2019\/02\/IMG_20181109_120105555_HDR-300x169.jpg 300w, https:\/\/fundacjawilkonia.pl\/wp-content\/uploads\/2019\/02\/IMG_20181109_120105555_HDR-768x432.jpg 768w, https:\/\/fundacjawilkonia.pl\/wp-content\/uploads\/2019\/02\/IMG_20181109_120105555_HDR-1024x576.jpg 1024w\" sizes=\"(max-width: 300px) 100vw, 300px\" \/> <img loading=\"lazy\" class=\"alignnone size-medium wp-image-948\" src=\"https:\/\/fundacjawilkonia.pl\/wp-content\/uploads\/2019\/02\/IMG_20181109_115740691_HDR-300x169.jpg\" alt=\"\" width=\"300\" height=\"169\" srcset=\"https:\/\/fundacjawilkonia.pl\/wp-content\/uploads\/2019\/02\/IMG_20181109_115740691_HDR-300x169.jpg 300w, https:\/\/fundacjawilkonia.pl\/wp-content\/uploads\/2019\/02\/IMG_20181109_115740691_HDR-768x432.jpg 768w, https:\/\/fundacjawilkonia.pl\/wp-content\/uploads\/2019\/02\/IMG_20181109_115740691_HDR-1024x576.jpg 1024w\" sizes=\"(max-width: 300px) 100vw, 300px\" \/> <img loading=\"lazy\" class=\"alignnone size-medium wp-image-955\" src=\"https:\/\/fundacjawilkonia.pl\/wp-content\/uploads\/2019\/02\/IMG_20181108_193948467-300x169.jpg\" alt=\"\" width=\"300\" height=\"169\" srcset=\"https:\/\/fundacjawilkonia.pl\/wp-content\/uploads\/2019\/02\/IMG_20181108_193948467-300x169.jpg 300w, https:\/\/fundacjawilkonia.pl\/wp-content\/uploads\/2019\/02\/IMG_20181108_193948467-768x432.jpg 768w, https:\/\/fundacjawilkonia.pl\/wp-content\/uploads\/2019\/02\/IMG_20181108_193948467-1024x576.jpg 1024w\" sizes=\"(max-width: 300px) 100vw, 300px\" \/> <img loading=\"lazy\" class=\"alignnone size-medium wp-image-956\" src=\"https:\/\/fundacjawilkonia.pl\/wp-content\/uploads\/2019\/02\/IMG_20181108_194042438-300x169.jpg\" alt=\"\" width=\"300\" height=\"169\" srcset=\"https:\/\/fundacjawilkonia.pl\/wp-content\/uploads\/2019\/02\/IMG_20181108_194042438-300x169.jpg 300w, https:\/\/fundacjawilkonia.pl\/wp-content\/uploads\/2019\/02\/IMG_20181108_194042438-768x432.jpg 768w, https:\/\/fundacjawilkonia.pl\/wp-content\/uploads\/2019\/02\/IMG_20181108_194042438-1024x576.jpg 1024w\" sizes=\"(max-width: 300px) 100vw, 300px\" \/> <img loading=\"lazy\" class=\"alignnone size-medium wp-image-957\" src=\"https:\/\/fundacjawilkonia.pl\/wp-content\/uploads\/2019\/02\/IMG_20181108_201036768-169x300.jpg\" alt=\"\" width=\"169\" height=\"300\" srcset=\"https:\/\/fundacjawilkonia.pl\/wp-content\/uploads\/2019\/02\/IMG_20181108_201036768-169x300.jpg 169w, https:\/\/fundacjawilkonia.pl\/wp-content\/uploads\/2019\/02\/IMG_20181108_201036768-768x1365.jpg 768w, https:\/\/fundacjawilkonia.pl\/wp-content\/uploads\/2019\/02\/IMG_20181108_201036768-576x1024.jpg 576w, https:\/\/fundacjawilkonia.pl\/wp-content\/uploads\/2019\/02\/IMG_20181108_201036768.jpg 1836w\" sizes=\"(max-width: 169px) 100vw, 169px\" \/> <img loading=\"lazy\" class=\"alignnone size-medium wp-image-958\" src=\"https:\/\/fundacjawilkonia.pl\/wp-content\/uploads\/2019\/02\/IMG_20181108_201753563_HDR-300x169.jpg\" alt=\"\" width=\"300\" height=\"169\" srcset=\"https:\/\/fundacjawilkonia.pl\/wp-content\/uploads\/2019\/02\/IMG_20181108_201753563_HDR-300x169.jpg 300w, https:\/\/fundacjawilkonia.pl\/wp-content\/uploads\/2019\/02\/IMG_20181108_201753563_HDR-768x432.jpg 768w, https:\/\/fundacjawilkonia.pl\/wp-content\/uploads\/2019\/02\/IMG_20181108_201753563_HDR-1024x576.jpg 1024w\" sizes=\"(max-width: 300px) 100vw, 300px\" \/> <img loading=\"lazy\" class=\"alignnone size-medium wp-image-959\" src=\"https:\/\/fundacjawilkonia.pl\/wp-content\/uploads\/2019\/02\/IMG_20181109_115057397_HDR-169x300.jpg\" alt=\"\" width=\"169\" height=\"300\" srcset=\"https:\/\/fundacjawilkonia.pl\/wp-content\/uploads\/2019\/02\/IMG_20181109_115057397_HDR-169x300.jpg 169w, https:\/\/fundacjawilkonia.pl\/wp-content\/uploads\/2019\/02\/IMG_20181109_115057397_HDR-768x1365.jpg 768w, https:\/\/fundacjawilkonia.pl\/wp-content\/uploads\/2019\/02\/IMG_20181109_115057397_HDR-576x1024.jpg 576w, https:\/\/fundacjawilkonia.pl\/wp-content\/uploads\/2019\/02\/IMG_20181109_115057397_HDR.jpg 1836w\" sizes=\"(max-width: 169px) 100vw, 169px\" \/> <img loading=\"lazy\" class=\"alignnone size-medium wp-image-960\" src=\"https:\/\/fundacjawilkonia.pl\/wp-content\/uploads\/2019\/02\/IMG_20181109_115115042_HDR-300x169.jpg\" alt=\"\" width=\"300\" height=\"169\" srcset=\"https:\/\/fundacjawilkonia.pl\/wp-content\/uploads\/2019\/02\/IMG_20181109_115115042_HDR-300x169.jpg 300w, https:\/\/fundacjawilkonia.pl\/wp-content\/uploads\/2019\/02\/IMG_20181109_115115042_HDR-768x432.jpg 768w, https:\/\/fundacjawilkonia.pl\/wp-content\/uploads\/2019\/02\/IMG_20181109_115115042_HDR-1024x576.jpg 1024w\" sizes=\"(max-width: 300px) 100vw, 300px\" \/> <img loading=\"lazy\" class=\"alignnone size-medium wp-image-961\" src=\"https:\/\/fundacjawilkonia.pl\/wp-content\/uploads\/2019\/02\/IMG_20181109_115502944_HDR-300x169.jpg\" alt=\"\" width=\"300\" height=\"169\" srcset=\"https:\/\/fundacjawilkonia.pl\/wp-content\/uploads\/2019\/02\/IMG_20181109_115502944_HDR-300x169.jpg 300w, https:\/\/fundacjawilkonia.pl\/wp-content\/uploads\/2019\/02\/IMG_20181109_115502944_HDR-768x432.jpg 768w, https:\/\/fundacjawilkonia.pl\/wp-content\/uploads\/2019\/02\/IMG_20181109_115502944_HDR-1024x576.jpg 1024w\" sizes=\"(max-width: 300px) 100vw, 300px\" \/> <img loading=\"lazy\" class=\"alignnone size-medium wp-image-962\" src=\"https:\/\/fundacjawilkonia.pl\/wp-content\/uploads\/2019\/02\/IMG_20181109_115538801-169x300.jpg\" alt=\"\" width=\"169\" height=\"300\" srcset=\"https:\/\/fundacjawilkonia.pl\/wp-content\/uploads\/2019\/02\/IMG_20181109_115538801-169x300.jpg 169w, https:\/\/fundacjawilkonia.pl\/wp-content\/uploads\/2019\/02\/IMG_20181109_115538801-768x1365.jpg 768w, https:\/\/fundacjawilkonia.pl\/wp-content\/uploads\/2019\/02\/IMG_20181109_115538801-576x1024.jpg 576w, https:\/\/fundacjawilkonia.pl\/wp-content\/uploads\/2019\/02\/IMG_20181109_115538801.jpg 1836w\" sizes=\"(max-width: 169px) 100vw, 169px\" \/> <img loading=\"lazy\" class=\"alignnone size-medium wp-image-963\" src=\"https:\/\/fundacjawilkonia.pl\/wp-content\/uploads\/2019\/02\/IMG_20181109_115549609-169x300.jpg\" alt=\"\" width=\"169\" height=\"300\" srcset=\"https:\/\/fundacjawilkonia.pl\/wp-content\/uploads\/2019\/02\/IMG_20181109_115549609-169x300.jpg 169w, https:\/\/fundacjawilkonia.pl\/wp-content\/uploads\/2019\/02\/IMG_20181109_115549609-768x1365.jpg 768w, https:\/\/fundacjawilkonia.pl\/wp-content\/uploads\/2019\/02\/IMG_20181109_115549609-576x1024.jpg 576w, https:\/\/fundacjawilkonia.pl\/wp-content\/uploads\/2019\/02\/IMG_20181109_115549609.jpg 1836w\" sizes=\"(max-width: 169px) 100vw, 169px\" \/> <img loading=\"lazy\" class=\"alignnone size-medium wp-image-964\" src=\"https:\/\/fundacjawilkonia.pl\/wp-content\/uploads\/2019\/02\/IMG_20181109_115637441_HDR-300x169.jpg\" alt=\"\" width=\"300\" height=\"169\" srcset=\"https:\/\/fundacjawilkonia.pl\/wp-content\/uploads\/2019\/02\/IMG_20181109_115637441_HDR-300x169.jpg 300w, https:\/\/fundacjawilkonia.pl\/wp-content\/uploads\/2019\/02\/IMG_20181109_115637441_HDR-768x432.jpg 768w, https:\/\/fundacjawilkonia.pl\/wp-content\/uploads\/2019\/02\/IMG_20181109_115637441_HDR-1024x576.jpg 1024w\" sizes=\"(max-width: 300px) 100vw, 300px\" \/><\/p>\n","protected":false},"excerpt":{"rendered":"<p>W dniach 8 listopada 10 grudnia mogli\u015bmy ogl\u0105da\u0107 kilkadziesi\u0105t prac J\u00f3zefa Wilkonia na wystawie w Miejskiej Bibliotece Publicznej w Opolu. [&hellip;]<\/p>\n","protected":false},"author":2,"featured_media":951,"comment_status":"closed","ping_status":"closed","sticky":false,"template":"","format":"standard","meta":[],"categories":[1],"tags":[],"yoast_head":"<!-- This site is optimized with the Yoast SEO plugin v19.4 - https:\/\/yoast.com\/wordpress\/plugins\/seo\/ -->\n<title>&quot;Wilko\u0144 w Opolu&quot; wystawa w Miejskiej Bibliotece Publicznej w Opolu - Fundacja \u201eArka\u201d im. J\u00f3zefa Wilkonia<\/title>\n<meta name=\"robots\" content=\"index, follow, max-snippet:-1, max-image-preview:large, max-video-preview:-1\" \/>\n<link rel=\"canonical\" href=\"https:\/\/fundacjawilkonia.pl\/index.php\/2019\/02\/10\/wilkon-w-opolu-wystawa-w-miejskiej-bibliotece-publicznej-w-opolu\/\" \/>\n<meta property=\"og:locale\" content=\"pl_PL\" \/>\n<meta property=\"og:type\" content=\"article\" \/>\n<meta property=\"og:title\" content=\"&quot;Wilko\u0144 w Opolu&quot; wystawa w Miejskiej Bibliotece Publicznej w Opolu - Fundacja \u201eArka\u201d im. J\u00f3zefa Wilkonia\" \/>\n<meta property=\"og:description\" content=\"W dniach 8 listopada 10 grudnia mogli\u015bmy ogl\u0105da\u0107 kilkadziesi\u0105t prac J\u00f3zefa Wilkonia na wystawie w Miejskiej Bibliotece Publicznej w Opolu. [&hellip;]\" \/>\n<meta property=\"og:url\" content=\"https:\/\/fundacjawilkonia.pl\/index.php\/2019\/02\/10\/wilkon-w-opolu-wystawa-w-miejskiej-bibliotece-publicznej-w-opolu\/\" \/>\n<meta property=\"og:site_name\" content=\"Fundacja \u201eArka\u201d im. J\u00f3zefa Wilkonia\" \/>\n<meta property=\"article:publisher\" content=\"https:\/\/www.facebook.com\/Fundacja-Wilkonia-221788084540934\/\" \/>\n<meta property=\"article:published_time\" content=\"2019-02-09T23:57:33+00:00\" \/>\n<meta property=\"og:image\" content=\"https:\/\/fundacjawilkonia.pl\/wp-content\/uploads\/2019\/02\/IMG_20181108_180243401-576x1024.jpg\" \/>\n\t<meta property=\"og:image:width\" content=\"576\" \/>\n\t<meta property=\"og:image:height\" content=\"1024\" \/>\n\t<meta property=\"og:image:type\" content=\"image\/jpeg\" \/>\n<meta name=\"author\" content=\"Blanka Wyszy\u0144ska-Walczak\" \/>\n<meta name=\"twitter:card\" content=\"summary_large_image\" \/>\n<meta name=\"twitter:creator\" content=\"@fundacjawilkoni\" \/>\n<meta name=\"twitter:site\" content=\"@fundacjawilkoni\" \/>\n<meta name=\"twitter:label1\" content=\"Napisane przez\" \/>\n\t<meta name=\"twitter:data1\" content=\"Blanka Wyszy\u0144ska-Walczak\" \/>\n\t<meta name=\"twitter:label2\" content=\"Szacowany czas czytania\" \/>\n\t<meta name=\"twitter:data2\" content=\"1 minuta\" \/>\n<script type=\"application\/ld+json\" class=\"yoast-schema-graph\">{\"@context\":\"https:\/\/schema.org\",\"@graph\":[{\"@type\":\"Organization\",\"@id\":\"https:\/\/fundacjawilkonia.pl\/#organization\",\"name\":\"Fundacja \\\"Arka\\\" im. J\u00f3zefa Wilkonia\",\"url\":\"https:\/\/fundacjawilkonia.pl\/\",\"sameAs\":[\"https:\/\/www.instagram.com\/fundacjawilkonia\/?hl=pl\",\"https:\/\/www.facebook.com\/Fundacja-Wilkonia-221788084540934\/\",\"https:\/\/twitter.com\/fundacjawilkoni\"],\"logo\":{\"@type\":\"ImageObject\",\"inLanguage\":\"pl-PL\",\"@id\":\"https:\/\/fundacjawilkonia.pl\/#\/schema\/logo\/image\/\",\"url\":\"https:\/\/i2.wp.com\/fundacjawilkonia.pl\/wp-content\/uploads\/2016\/09\/10987396_771520442901026_1174624827528049836_n.png?fit=790%2C593&ssl=1\",\"contentUrl\":\"https:\/\/i2.wp.com\/fundacjawilkonia.pl\/wp-content\/uploads\/2016\/09\/10987396_771520442901026_1174624827528049836_n.png?fit=790%2C593&ssl=1\",\"width\":790,\"height\":593,\"caption\":\"Fundacja \\\"Arka\\\" im. J\u00f3zefa Wilkonia\"},\"image\":{\"@id\":\"https:\/\/fundacjawilkonia.pl\/#\/schema\/logo\/image\/\"}},{\"@type\":\"WebSite\",\"@id\":\"https:\/\/fundacjawilkonia.pl\/#website\",\"url\":\"https:\/\/fundacjawilkonia.pl\/\",\"name\":\"Fundacja \u201eArka\u201d im. J\u00f3zefa Wilkonia\",\"description\":\"G\u0142\u00f3wnym celem fundacji jest ochrona i promocja dorobku artystycznego J\u00f3zefa Wilkonia i og\u00f3lnych warto\u015bci zwi\u0105zanych ze sztukami pi\u0119knymi, a w szczeg\u00f3lno\u015bci ilustratorstwem i sztuk\u0105 edytorsk\u0105.\",\"publisher\":{\"@id\":\"https:\/\/fundacjawilkonia.pl\/#organization\"},\"potentialAction\":[{\"@type\":\"SearchAction\",\"target\":{\"@type\":\"EntryPoint\",\"urlTemplate\":\"https:\/\/fundacjawilkonia.pl\/?s={search_term_string}\"},\"query-input\":\"required name=search_term_string\"}],\"inLanguage\":\"pl-PL\"},{\"@type\":\"WebPage\",\"@id\":\"https:\/\/fundacjawilkonia.pl\/index.php\/2019\/02\/10\/wilkon-w-opolu-wystawa-w-miejskiej-bibliotece-publicznej-w-opolu\/\",\"url\":\"https:\/\/fundacjawilkonia.pl\/index.php\/2019\/02\/10\/wilkon-w-opolu-wystawa-w-miejskiej-bibliotece-publicznej-w-opolu\/\",\"name\":\"\\\"Wilko\u0144 w Opolu\\\" wystawa w Miejskiej Bibliotece Publicznej w Opolu - Fundacja \u201eArka\u201d im. J\u00f3zefa Wilkonia\",\"isPartOf\":{\"@id\":\"https:\/\/fundacjawilkonia.pl\/#website\"},\"datePublished\":\"2019-02-09T23:57:33+00:00\",\"dateModified\":\"2019-02-09T23:57:33+00:00\",\"breadcrumb\":{\"@id\":\"https:\/\/fundacjawilkonia.pl\/index.php\/2019\/02\/10\/wilkon-w-opolu-wystawa-w-miejskiej-bibliotece-publicznej-w-opolu\/#breadcrumb\"},\"inLanguage\":\"pl-PL\",\"potentialAction\":[{\"@type\":\"ReadAction\",\"target\":[\"https:\/\/fundacjawilkonia.pl\/index.php\/2019\/02\/10\/wilkon-w-opolu-wystawa-w-miejskiej-bibliotece-publicznej-w-opolu\/\"]}]},{\"@type\":\"BreadcrumbList\",\"@id\":\"https:\/\/fundacjawilkonia.pl\/index.php\/2019\/02\/10\/wilkon-w-opolu-wystawa-w-miejskiej-bibliotece-publicznej-w-opolu\/#breadcrumb\",\"itemListElement\":[{\"@type\":\"ListItem\",\"position\":1,\"name\":\"Strona g\u0142\u00f3wna\",\"item\":\"https:\/\/fundacjawilkonia.pl\/\"},{\"@type\":\"ListItem\",\"position\":2,\"name\":\"&#8222;Wilko\u0144 w Opolu&#8221; wystawa w Miejskiej Bibliotece Publicznej w Opolu\"}]},{\"@type\":\"Article\",\"@id\":\"https:\/\/fundacjawilkonia.pl\/index.php\/2019\/02\/10\/wilkon-w-opolu-wystawa-w-miejskiej-bibliotece-publicznej-w-opolu\/#article\",\"isPartOf\":{\"@id\":\"https:\/\/fundacjawilkonia.pl\/index.php\/2019\/02\/10\/wilkon-w-opolu-wystawa-w-miejskiej-bibliotece-publicznej-w-opolu\/\"},\"author\":{\"name\":\"Blanka Wyszy\u0144ska-Walczak\",\"@id\":\"https:\/\/fundacjawilkonia.pl\/#\/schema\/person\/79109e804e49d669b075ce06b2ef94a7\"},\"headline\":\"&#8222;Wilko\u0144 w Opolu&#8221; wystawa w Miejskiej Bibliotece Publicznej w Opolu\",\"datePublished\":\"2019-02-09T23:57:33+00:00\",\"dateModified\":\"2019-02-09T23:57:33+00:00\",\"mainEntityOfPage\":{\"@id\":\"https:\/\/fundacjawilkonia.pl\/index.php\/2019\/02\/10\/wilkon-w-opolu-wystawa-w-miejskiej-bibliotece-publicznej-w-opolu\/\"},\"wordCount\":152,\"publisher\":{\"@id\":\"https:\/\/fundacjawilkonia.pl\/#organization\"},\"inLanguage\":\"pl-PL\"},{\"@type\":\"Person\",\"@id\":\"https:\/\/fundacjawilkonia.pl\/#\/schema\/person\/79109e804e49d669b075ce06b2ef94a7\",\"name\":\"Blanka Wyszy\u0144ska-Walczak\",\"image\":{\"@type\":\"ImageObject\",\"inLanguage\":\"pl-PL\",\"@id\":\"https:\/\/fundacjawilkonia.pl\/#\/schema\/person\/image\/\",\"url\":\"https:\/\/secure.gravatar.com\/avatar\/30db7325a34bb69fd3ff7c2370949b39?s=96&d=mm&r=g\",\"contentUrl\":\"https:\/\/secure.gravatar.com\/avatar\/30db7325a34bb69fd3ff7c2370949b39?s=96&d=mm&r=g\",\"caption\":\"Blanka Wyszy\u0144ska-Walczak\"}}]}<\/script>\n<!-- \/ Yoast SEO plugin. -->","yoast_head_json":{"title":"\"Wilko\u0144 w Opolu\" wystawa w Miejskiej Bibliotece Publicznej w Opolu - Fundacja \u201eArka\u201d im. J\u00f3zefa Wilkonia","robots":{"index":"index","follow":"follow","max-snippet":"max-snippet:-1","max-image-preview":"max-image-preview:large","max-video-preview":"max-video-preview:-1"},"canonical":"https:\/\/fundacjawilkonia.pl\/index.php\/2019\/02\/10\/wilkon-w-opolu-wystawa-w-miejskiej-bibliotece-publicznej-w-opolu\/","og_locale":"pl_PL","og_type":"article","og_title":"\"Wilko\u0144 w Opolu\" wystawa w Miejskiej Bibliotece Publicznej w Opolu - Fundacja \u201eArka\u201d im. J\u00f3zefa Wilkonia","og_description":"W dniach 8 listopada 10 grudnia mogli\u015bmy ogl\u0105da\u0107 kilkadziesi\u0105t prac J\u00f3zefa Wilkonia na wystawie w Miejskiej Bibliotece Publicznej w Opolu. [&hellip;]","og_url":"https:\/\/fundacjawilkonia.pl\/index.php\/2019\/02\/10\/wilkon-w-opolu-wystawa-w-miejskiej-bibliotece-publicznej-w-opolu\/","og_site_name":"Fundacja \u201eArka\u201d im. J\u00f3zefa Wilkonia","article_publisher":"https:\/\/www.facebook.com\/Fundacja-Wilkonia-221788084540934\/","article_published_time":"2019-02-09T23:57:33+00:00","og_image":[{"width":576,"height":1024,"url":"https:\/\/fundacjawilkonia.pl\/wp-content\/uploads\/2019\/02\/IMG_20181108_180243401-576x1024.jpg","type":"image\/jpeg"}],"author":"Blanka Wyszy\u0144ska-Walczak","twitter_card":"summary_large_image","twitter_creator":"@fundacjawilkoni","twitter_site":"@fundacjawilkoni","twitter_misc":{"Napisane przez":"Blanka Wyszy\u0144ska-Walczak","Szacowany czas czytania":"1 minuta"},"schema":{"@context":"https:\/\/schema.org","@graph":[{"@type":"Organization","@id":"https:\/\/fundacjawilkonia.pl\/#organization","name":"Fundacja \"Arka\" im. J\u00f3zefa Wilkonia","url":"https:\/\/fundacjawilkonia.pl\/","sameAs":["https:\/\/www.instagram.com\/fundacjawilkonia\/?hl=pl","https:\/\/www.facebook.com\/Fundacja-Wilkonia-221788084540934\/","https:\/\/twitter.com\/fundacjawilkoni"],"logo":{"@type":"ImageObject","inLanguage":"pl-PL","@id":"https:\/\/fundacjawilkonia.pl\/#\/schema\/logo\/image\/","url":"https:\/\/i2.wp.com\/fundacjawilkonia.pl\/wp-content\/uploads\/2016\/09\/10987396_771520442901026_1174624827528049836_n.png?fit=790%2C593&ssl=1","contentUrl":"https:\/\/i2.wp.com\/fundacjawilkonia.pl\/wp-content\/uploads\/2016\/09\/10987396_771520442901026_1174624827528049836_n.png?fit=790%2C593&ssl=1","width":790,"height":593,"caption":"Fundacja \"Arka\" im. J\u00f3zefa Wilkonia"},"image":{"@id":"https:\/\/fundacjawilkonia.pl\/#\/schema\/logo\/image\/"}},{"@type":"WebSite","@id":"https:\/\/fundacjawilkonia.pl\/#website","url":"https:\/\/fundacjawilkonia.pl\/","name":"Fundacja \u201eArka\u201d im. J\u00f3zefa Wilkonia","description":"G\u0142\u00f3wnym celem fundacji jest ochrona i promocja dorobku artystycznego J\u00f3zefa Wilkonia i og\u00f3lnych warto\u015bci zwi\u0105zanych ze sztukami pi\u0119knymi, a w szczeg\u00f3lno\u015bci ilustratorstwem i sztuk\u0105 edytorsk\u0105.","publisher":{"@id":"https:\/\/fundacjawilkonia.pl\/#organization"},"potentialAction":[{"@type":"SearchAction","target":{"@type":"EntryPoint","urlTemplate":"https:\/\/fundacjawilkonia.pl\/?s={search_term_string}"},"query-input":"required name=search_term_string"}],"inLanguage":"pl-PL"},{"@type":"WebPage","@id":"https:\/\/fundacjawilkonia.pl\/index.php\/2019\/02\/10\/wilkon-w-opolu-wystawa-w-miejskiej-bibliotece-publicznej-w-opolu\/","url":"https:\/\/fundacjawilkonia.pl\/index.php\/2019\/02\/10\/wilkon-w-opolu-wystawa-w-miejskiej-bibliotece-publicznej-w-opolu\/","name":"\"Wilko\u0144 w Opolu\" wystawa w Miejskiej Bibliotece Publicznej w Opolu - Fundacja \u201eArka\u201d im. J\u00f3zefa Wilkonia","isPartOf":{"@id":"https:\/\/fundacjawilkonia.pl\/#website"},"datePublished":"2019-02-09T23:57:33+00:00","dateModified":"2019-02-09T23:57:33+00:00","breadcrumb":{"@id":"https:\/\/fundacjawilkonia.pl\/index.php\/2019\/02\/10\/wilkon-w-opolu-wystawa-w-miejskiej-bibliotece-publicznej-w-opolu\/#breadcrumb"},"inLanguage":"pl-PL","potentialAction":[{"@type":"ReadAction","target":["https:\/\/fundacjawilkonia.pl\/index.php\/2019\/02\/10\/wilkon-w-opolu-wystawa-w-miejskiej-bibliotece-publicznej-w-opolu\/"]}]},{"@type":"BreadcrumbList","@id":"https:\/\/fundacjawilkonia.pl\/index.php\/2019\/02\/10\/wilkon-w-opolu-wystawa-w-miejskiej-bibliotece-publicznej-w-opolu\/#breadcrumb","itemListElement":[{"@type":"ListItem","position":1,"name":"Strona g\u0142\u00f3wna","item":"https:\/\/fundacjawilkonia.pl\/"},{"@type":"ListItem","position":2,"name":"&#8222;Wilko\u0144 w Opolu&#8221; wystawa w Miejskiej Bibliotece Publicznej w Opolu"}]},{"@type":"Article","@id":"https:\/\/fundacjawilkonia.pl\/index.php\/2019\/02\/10\/wilkon-w-opolu-wystawa-w-miejskiej-bibliotece-publicznej-w-opolu\/#article","isPartOf":{"@id":"https:\/\/fundacjawilkonia.pl\/index.php\/2019\/02\/10\/wilkon-w-opolu-wystawa-w-miejskiej-bibliotece-publicznej-w-opolu\/"},"author":{"name":"Blanka Wyszy\u0144ska-Walczak","@id":"https:\/\/fundacjawilkonia.pl\/#\/schema\/person\/79109e804e49d669b075ce06b2ef94a7"},"headline":"&#8222;Wilko\u0144 w Opolu&#8221; wystawa w Miejskiej Bibliotece Publicznej w Opolu","datePublished":"2019-02-09T23:57:33+00:00","dateModified":"2019-02-09T23:57:33+00:00","mainEntityOfPage":{"@id":"https:\/\/fundacjawilkonia.pl\/index.php\/2019\/02\/10\/wilkon-w-opolu-wystawa-w-miejskiej-bibliotece-publicznej-w-opolu\/"},"wordCount":152,"publisher":{"@id":"https:\/\/fundacjawilkonia.pl\/#organization"},"inLanguage":"pl-PL"},{"@type":"Person","@id":"https:\/\/fundacjawilkonia.pl\/#\/schema\/person\/79109e804e49d669b075ce06b2ef94a7","name":"Blanka Wyszy\u0144ska-Walczak","image":{"@type":"ImageObject","inLanguage":"pl-PL","@id":"https:\/\/fundacjawilkonia.pl\/#\/schema\/person\/image\/","url":"https:\/\/secure.gravatar.com\/avatar\/30db7325a34bb69fd3ff7c2370949b39?s=96&d=mm&r=g","contentUrl":"https:\/\/secure.gravatar.com\/avatar\/30db7325a34bb69fd3ff7c2370949b39?s=96&d=mm&r=g","caption":"Blanka Wyszy\u0144ska-Walczak"}}]}},"_links":{"self":[{"href":"https:\/\/fundacjawilkonia.pl\/index.php\/wp-json\/wp\/v2\/posts\/965"}],"collection":[{"href":"https:\/\/fundacjawilkonia.pl\/index.php\/wp-json\/wp\/v2\/posts"}],"about":[{"href":"https:\/\/fundacjawilkonia.pl\/index.php\/wp-json\/wp\/v2\/types\/post"}],"author":[{"embeddable":true,"href":"https:\/\/fundacjawilkonia.pl\/index.php\/wp-json\/wp\/v2\/users\/2"}],"replies":[{"embeddable":true,"href":"https:\/\/fundacjawilkonia.pl\/index.php\/wp-json\/wp\/v2\/comments?post=965"}],"version-history":[{"count":0,"href":"https:\/\/fundacjawilkonia.pl\/index.php\/wp-json\/wp\/v2\/posts\/965\/revisions"}],"wp:featuredmedia":[{"embeddable":true,"href":"https:\/\/fundacjawilkonia.pl\/index.php\/wp-json\/wp\/v2\/media\/951"}],"wp:attachment":[{"href":"https:\/\/fundacjawilkonia.pl\/index.php\/wp-json\/wp\/v2\/media?parent=965"}],"wp:term":[{"taxonomy":"category","embeddable":true,"href":"https:\/\/fundacjawilkonia.pl\/index.php\/wp-json\/wp\/v2\/categories?post=965"},{"taxonomy":"post_tag","embeddable":true,"href":"https:\/\/fundacjawilkonia.pl\/index.php\/wp-json\/wp\/v2\/tags?post=965"}],"curies":[{"name":"wp","href":"https:\/\/api.w.org\/{rel}","templated":true}]}}